{"id":100,"date":"2005-04-10T13:24:15","date_gmt":"2005-04-10T12:24:15","guid":{"rendered":"http:\/\/www.albinz.de\/blog\/?p=100"},"modified":"2005-10-20T10:55:05","modified_gmt":"2005-10-20T08:55:05","slug":"noch-ist-polen-nicht-verloren","status":"publish","type":"post","link":"https:\/\/willizblog.de\/?p=100","title":{"rendered":"Noch ist Polen nicht verloren"},"content":{"rendered":"<p>Polen hat es nie sehr leicht gehabt. Bei solchen Nachbarn wie Deutschland und Russland ist das kein Wunder. Mal verschwindet das Land zugunsten des einen Landes, taucht kurze Zeit auf den Landkarten dieser Erde  wieder auf, um dann von dem anderen Land geschluckt zu werden. Nach dem 2. Weltkrieg hatte man oft genug nach der Pfeife aus Moskau zu tanzen. Aber dann wurde ein Mann aus dem eigenen Land Papst und mischte sich nicht nur in die Angelegenheit des eigenen Landes ein. Und pl\u00f6tzlich war alles \u00fcberwunden, man wurde in die Gemeinschaft der europ\u00e4ischen Staaten aufgenommen und auch die Amerikaner dankten f\u00fcr Solidarit\u00e4t und Hilfe in einem Krieg, der eigentlich nicht stattfinden sollte.<\/p>\n<p>Wie alles Irdische so nahm nun auch der polnische Papst seinen Weg, so \u00fcberirdisch er uns auch anmutete. Und mit dem Tod von Johannes Paul II. verliert Polen nicht nur eine Pers\u00f6nlichkeit hohen Ranges &#8211; ich denke, Polen verliert auch ein gro\u00dfes St\u00fcck an eigener Identit\u00e4t.<\/p>\n","protected":false},"excerpt":{"rendered":"<p>Polen hat es nie sehr leicht gehabt. Bei solchen Nachbarn wie Deutschland und Russland ist das kein Wunder. Mal verschwindet das Land zugunsten des einen Landes, taucht kurze Zeit auf den Landkarten dieser Erde wieder auf, um dann von dem anderen Land geschluckt zu werden. Nach dem 2. Weltkrieg hatte man oft genug nach der &hellip; <a href=\"https:\/\/willizblog.de\/?p=100\" class=\"more-link\"><span class=\"screen-reader-text\">Noch ist Polen nicht verloren<\/span> weiterlesen <span class=\"meta-nav\">&rarr;<\/span><\/a><\/p>\n","protected":false},"author":1,"featured_media":0,"comment_status":"closed","ping_status":"closed","sticky":false,"template":"","format":"standard","meta":[],"categories":[1],"tags":[],"_links":{"self":[{"href":"https:\/\/willizblog.de\/index.php?rest_route=\/wp\/v2\/posts\/100"}],"collection":[{"href":"https:\/\/willizblog.de\/index.php?rest_route=\/wp\/v2\/posts"}],"about":[{"href":"https:\/\/willizblog.de\/index.php?rest_route=\/wp\/v2\/types\/post"}],"author":[{"embeddable":true,"href":"https:\/\/willizblog.de\/index.php?rest_route=\/wp\/v2\/users\/1"}],"replies":[{"embeddable":true,"href":"https:\/\/willizblog.de\/index.php?rest_route=%2Fwp%2Fv2%2Fcomments&post=100"}],"version-history":[{"count":0,"href":"https:\/\/willizblog.de\/index.php?rest_route=\/wp\/v2\/posts\/100\/revisions"}],"wp:attachment":[{"href":"https:\/\/willizblog.de\/index.php?rest_route=%2Fwp%2Fv2%2Fmedia&parent=100"}],"wp:term":[{"taxonomy":"category","embeddable":true,"href":"https:\/\/willizblog.de\/index.php?rest_route=%2Fwp%2Fv2%2Fcategories&post=100"},{"taxonomy":"post_tag","embeddable":true,"href":"https:\/\/willizblog.de\/index.php?rest_route=%2Fwp%2Fv2%2Ftags&post=100"}],"curies":[{"name":"wp","href":"https:\/\/api.w.org\/{rel}","templated":true}]}}