{"id":10001,"date":"2017-05-24T08:16:36","date_gmt":"2017-05-24T08:16:36","guid":{"rendered":"http:\/\/willizblog.de\/?p=10001"},"modified":"2017-06-12T09:26:53","modified_gmt":"2017-06-12T09:26:53","slug":"worte-zum-wochenende-21-kw-2017-himmelfahrt-eines-100-jaehrigen","status":"publish","type":"post","link":"https:\/\/willizblog.de\/?p=10001","title":{"rendered":"Worte zum Wochenende (21. KW 2017): Himmelfahrt eines 100-J\u00e4hrigen"},"content":{"rendered":"<p>Dank eines Br\u00fcckentages erwartet mich und meine Lieben ein verl\u00e4ngertes Wochenende. Morgen ist also <a href=\"https:\/\/willizblog.de\/?p=9681\" target=\"_blank\">Himmelfahrt<\/a>, den besonders potenzielle V\u00e4ter f\u00fcr Ausfl\u00fcge in die berauschende Natur bzw. den nat\u00fcrlichen Rausch nutzen. Leider gibt es bei uns auf der Arbeit diesmal keinen <a href=\"https:\/\/willizblog.de\/?p=9167\" target=\"_blank\">Hummeltag<\/a> (<em>\u201eFr\u00fcher war alles besser!\u201c<\/em>).<\/p>\n<p><img src=\"https:\/\/www.willizblog.de\/images\/willizblog_worte_zum_wochenende.jpg\" alt=\"Worte zum Wochenende (21. KW 2017 \u2013 WilliZBlog)\" title=\"Worte zum Wochenende (21. KW 2017 \u2013 WilliZBlog)\" \/><\/p>\n<p>Der heutige Tag ist in meiner Familie ein besonderer. Mein Vater, der vor gut sieben Jahren <a href=\"https:\/\/willizblog.de\/?p=2914\" target=\"_blank\">im gesegneten Alter von 92 Jahren starb<\/a>, w\u00e4re heute 100 Jahre alt geworden. Vor 10 Jahren feierten wir noch seinen <a href=\"https:\/\/willizblog.de\/?p=859\" target=\"_blank\">90. Geburtstag<\/a>. Die Zeit galoppiert.<\/p>\n<p>Das Wetter verspricht \u2013 besonders am \u201aregul\u00e4ren\u2018 Wochenende \u2013 sommerlich sch\u00f6n zu werden. Da nichts Gro\u00dfartiges anliegt, so werde ich mit meiner Frau die Zeit drau\u00dfen in der Sonne genie\u00dfen. Da wartet u.a. <a href=\"https:\/\/www.willizblog.de\/?p=10007\" target=\"_blank\">ein Roman<\/a> von <a href=\"https:\/\/de.wikipedia.org\/wiki\/Halld%C3%B3r_Laxness\" target=\"_blank\">Halld\u00f3r Laxness<\/a>, endlich zu Ende gelesen zu werden. <\/p>\n","protected":false},"excerpt":{"rendered":"<p>Dank eines Br\u00fcckentages erwartet mich und meine Lieben ein verl\u00e4ngertes Wochenende. Morgen ist also Himmelfahrt, den besonders potenzielle V\u00e4ter f\u00fcr Ausfl\u00fcge in die berauschende Natur bzw. den nat\u00fcrlichen Rausch nutzen. Leider gibt es bei uns auf der Arbeit diesmal keinen Hummeltag (\u201eFr\u00fcher war alles besser!\u201c). Der heutige Tag ist in meiner Familie ein besonderer. Mein &hellip; <a href=\"https:\/\/willizblog.de\/?p=10001\" class=\"more-link\"><span class=\"screen-reader-text\">Worte zum Wochenende (21. KW 2017): Himmelfahrt eines 100-J\u00e4hrigen<\/span> weiterlesen <span class=\"meta-nav\">&rarr;<\/span><\/a><\/p>\n","protected":false},"author":1,"featured_media":0,"comment_status":"open","ping_status":"open","sticky":false,"template":"","format":"standard","meta":[],"categories":[16,32],"tags":[],"_links":{"self":[{"href":"https:\/\/willizblog.de\/index.php?rest_route=\/wp\/v2\/posts\/10001"}],"collection":[{"href":"https:\/\/willizblog.de\/index.php?rest_route=\/wp\/v2\/posts"}],"about":[{"href":"https:\/\/willizblog.de\/index.php?rest_route=\/wp\/v2\/types\/post"}],"author":[{"embeddable":true,"href":"https:\/\/willizblog.de\/index.php?rest_route=\/wp\/v2\/users\/1"}],"replies":[{"embeddable":true,"href":"https:\/\/willizblog.de\/index.php?rest_route=%2Fwp%2Fv2%2Fcomments&post=10001"}],"version-history":[{"count":0,"href":"https:\/\/willizblog.de\/index.php?rest_route=\/wp\/v2\/posts\/10001\/revisions"}],"wp:attachment":[{"href":"https:\/\/willizblog.de\/index.php?rest_route=%2Fwp%2Fv2%2Fmedia&parent=10001"}],"wp:term":[{"taxonomy":"category","embeddable":true,"href":"https:\/\/willizblog.de\/index.php?rest_route=%2Fwp%2Fv2%2Fcategories&post=10001"},{"taxonomy":"post_tag","embeddable":true,"href":"https:\/\/willizblog.de\/index.php?rest_route=%2Fwp%2Fv2%2Ftags&post=10001"}],"curies":[{"name":"wp","href":"https:\/\/api.w.org\/{rel}","templated":true}]}}