{"id":1001,"date":"2007-11-06T00:09:06","date_gmt":"2007-11-05T22:09:06","guid":{"rendered":"http:\/\/www.albinz.de\/blog\/?p=1001"},"modified":"2007-11-04T17:23:37","modified_gmt":"2007-11-04T15:23:37","slug":"per-rad-zur-holle","status":"publish","type":"post","link":"https:\/\/willizblog.de\/?p=1001","title":{"rendered":"Per Rad zur H\u00f6lle"},"content":{"rendered":"<p>Wer kennt sie nicht, die <a href=\"https:\/\/de.wikipedia.org\/wiki\/Kleingarten\" target=\"_blank\">Kleing\u00e4rten<\/a>, hier im Norden oft auch Schreberg\u00e4rten genannt oder kurz Parzellen, diese kleinen R\u00fcckzugsr\u00e4ume gestresster Mitb\u00fcrger, die zu Hause \u00fcber keinen Garten verf\u00fcgen. Was wird da nicht alles angebaut, um den heimischen Tisch mit Gem\u00fcse und Obst aus eigener Z\u00fcchtung zu bereichern. Beim letzten Besuch meiner Eltern in Bremen (das Wetter war eher grau, aber immerhin trocken) ging ich mit meiner Mutter und meinen Lieben spazieren. Und so kamen wir in der Neustadt in eine Kleingartenanlage beim Kirchweg.<\/p>\n<p><iframe loading=\"lazy\" width=\"425\" height=\"350\" frameborder=\"0\" scrolling=\"no\" marginheight=\"0\" marginwidth=\"0\" src=\"https:\/\/maps.google.de\/maps?hl=de&amp;ie=UTF8&amp;q=kirchweg+bremen&amp;oe=UTF-8&amp;ll=53.065564,8.808718&amp;spn=0.003675,0.008605&amp;t=h&amp;z=14&amp;iwloc=addr&amp;om=1&amp;output=embed&amp;s=AARTsJpw0D9s79mV0yQJF8rTezAmLXsxYA\"><\/iframe><br \/><small><a href=\"https:\/\/maps.google.de\/maps?hl=de&amp;ie=UTF8&amp;q=kirchweg+bremen&amp;oe=UTF-8&amp;ll=53.065564,8.808718&amp;spn=0.003675,0.008605&amp;t=h&amp;z=14&amp;iwloc=addr&amp;om=1&amp;source=embed\" style=\"color:#0000FF;text-align:left\" target=\"_blank\">Gr\u00f6\u00dfere Kartenansicht<\/a><\/small><\/p>\n<p>Dort entdeckte ich folgendes Verkehrsschild. Es steht dort gewisserma\u00dfen am Ende eines Weges, der sich nach links und rechts gabelt. Oft genug wird der deutsche Schilderwald beklagt. Um so mehr wundert es mich, wenn unsere Mitmenschen im privaten Bereich den Hang zeigen, durch das Aufstellen von Ver- und Gebotsschildern alles M\u00f6gliche und Unm\u00f6gliche reglementieren zu wollen.<\/p>\n<p><img src=\"https:\/\/www.willizblog.de\/albpics\/fahrrad.jpg\" alt=\"Per Fahrrad zur H\u00f6lle?!\" \/><\/p>\n<p>Dieses Schild ist eigentlich gut gemeint. Hallo, lieber Radfahrer, hier geht es nicht mehr geradeaus weiter, sondern &#8230; ja, was nun? Nach links soll es doch eigentlich nicht gehen und auch nicht nach rechts, oder? Soll ich als Radfahrer hier warten, bis sich zwei andere Radfahrer (einer von links, der andere von rechts kommend) hier &#8218;treffen&#8216;, also zusammensto\u00dfen &#8211; und dann tut sich f\u00fcr mich wie im M\u00e4rchen ein neuer Weg auf, eine Himmelspforte \u00f6ffnet sich oder gar der Grund und Boden: <a href=\"https:\/\/www.willizblog.de\/?p=206\" target=\"_blank\">Willkommen in der H\u00f6lle?<\/a><\/p>\n<p>Okay, gemeint ist sicherlich Folgendes &#8230;<br \/>\n<img src=\"https:\/\/www.willizblog.de\/albpics\/fahrrad_richtung.jpg\" alt=\"Links oder rechts ... wohin soll der Weg f\u00fchren?\" \/><br \/>\n&#8230; es geht also nur noch nach rechts oder links weiter. Und sicherlich gilt das nicht nur f\u00fcr Radfahrer, sondern auch f\u00fcr Fu\u00dfg\u00e4nger. Autofahrer, davon gehe ich aus, sind stillschweigend ausgeschlossen (nein, die d\u00fcrfen nicht einfach geradeaus weiterfahren, die d\u00fcrfen hier erst gar nicht hin). So sind deutsche Schreberg\u00e4rten.<\/p>\n","protected":false},"excerpt":{"rendered":"<p>Wer kennt sie nicht, die Kleing\u00e4rten, hier im Norden oft auch Schreberg\u00e4rten genannt oder kurz Parzellen, diese kleinen R\u00fcckzugsr\u00e4ume gestresster Mitb\u00fcrger, die zu Hause \u00fcber keinen Garten verf\u00fcgen. Was wird da nicht alles angebaut, um den heimischen Tisch mit Gem\u00fcse und Obst aus eigener Z\u00fcchtung zu bereichern. Beim letzten Besuch meiner Eltern in Bremen (das &hellip; <a href=\"https:\/\/willizblog.de\/?p=1001\" class=\"more-link\"><span class=\"screen-reader-text\">Per Rad zur H\u00f6lle<\/span> weiterlesen <span class=\"meta-nav\">&rarr;<\/span><\/a><\/p>\n","protected":false},"author":1,"featured_media":0,"comment_status":"open","ping_status":"closed","sticky":false,"template":"","format":"standard","meta":[],"categories":[7],"tags":[],"_links":{"self":[{"href":"https:\/\/willizblog.de\/index.php?rest_route=\/wp\/v2\/posts\/1001"}],"collection":[{"href":"https:\/\/willizblog.de\/index.php?rest_route=\/wp\/v2\/posts"}],"about":[{"href":"https:\/\/willizblog.de\/index.php?rest_route=\/wp\/v2\/types\/post"}],"author":[{"embeddable":true,"href":"https:\/\/willizblog.de\/index.php?rest_route=\/wp\/v2\/users\/1"}],"replies":[{"embeddable":true,"href":"https:\/\/willizblog.de\/index.php?rest_route=%2Fwp%2Fv2%2Fcomments&post=1001"}],"version-history":[{"count":0,"href":"https:\/\/willizblog.de\/index.php?rest_route=\/wp\/v2\/posts\/1001\/revisions"}],"wp:attachment":[{"href":"https:\/\/willizblog.de\/index.php?rest_route=%2Fwp%2Fv2%2Fmedia&parent=1001"}],"wp:term":[{"taxonomy":"category","embeddable":true,"href":"https:\/\/willizblog.de\/index.php?rest_route=%2Fwp%2Fv2%2Fcategories&post=1001"},{"taxonomy":"post_tag","embeddable":true,"href":"https:\/\/willizblog.de\/index.php?rest_route=%2Fwp%2Fv2%2Ftags&post=1001"}],"curies":[{"name":"wp","href":"https:\/\/api.w.org\/{rel}","templated":true}]}}