{"id":10016,"date":"2017-07-03T10:46:53","date_gmt":"2017-07-03T10:46:53","guid":{"rendered":"http:\/\/willizblog.de\/?p=10016"},"modified":"2017-07-03T10:46:53","modified_gmt":"2017-07-03T10:46:53","slug":"der-wahnsinn-von-hamburg-g20-gipfel-2017","status":"publish","type":"post","link":"https:\/\/willizblog.de\/?p=10016","title":{"rendered":"Der Wahnsinn von Hamburg: G20-Gipfel 2017"},"content":{"rendered":"<p>Der <a href=\"https:\/\/de.wikipedia.org\/wiki\/G20-Gipfel_in_Hamburg_2017\" target=\"_blank\">G20-Gipfel in Hamburg 2017<\/a> ist das zw\u00f6lfte Gipfeltreffen der Gruppe der zwanzig wichtigsten Industrie- und Schwellenl\u00e4nder. Er wird am 7. und 8. Juli 2017 in Hamburg im Rahmen der deutschen G20-Pr\u00e4sidentschaft stattfinden. Neben den Staats- und Regierungschefs der G20-L\u00e4nder sind auch andere L\u00e4nder und mehrere internationale Organisationen als G\u00e4ste eingeladen. Zahlreiche Organisationen haben Proteste angek\u00fcndigt, bei denen mit mehreren zehntausend Teilnehmern gerechnet wird.<\/p>\n<p>Hamburg ist nach Presseberichten von <em>Kanzlerin Merkel<\/em> in Abstimmung mit <em>B\u00fcrgermeister Scholz<\/em> als Veranstaltungsort gew\u00e4hlt worden, um an die Rolle der Stadt als \u201eTor zur Welt\u201c zu erinnern. Weiter ehre man so den verstorbenen Sohn der Stadt Helmut Schmidt, der diese Treffen 1975 als Bundeskanzler mit ins Leben gerufen hatte. Der G20-Gipfel soll in den R\u00e4umen der <a href=\"https:\/\/de.wikipedia.org\/wiki\/Hamburg_Messe_und_Congress\" target=\"_blank\">Hamburg Messe<\/a> im Stadtteil <em>St. Pauli<\/em> stattfinden. Ein Teil der Veranstaltung findet dar\u00fcber hinaus in der <a href=\"https:\/\/de.wikipedia.org\/wiki\/Elbphilharmonie\" target=\"_blank\">Elbphilharmonie<\/a> im Stadtteil <em>HafenCity<\/em> statt.<\/p>\n<p>Angeblich gab es zwischen Merkel und Scholz einen Deal: Wenn Scholz Hamburg als Veranstaltungsort akzeptiere, dann w\u00fcrde Merkel und die Bundesregierung Hamburgs Bewerbung f\u00fcr Olympia 2024 unterst\u00fctzen. Was mit der Olympiabewerbung geworden ist, wissen wir: Bei einem Referendum entschied sich eine Mehrheit der B\u00fcrger gegen Olympia. Jetzt hat Scholz das G20-Treffen an der Backe, ohne irgendeine Gegenleistung, au\u00dfer dem feuchten H\u00e4ndedruck der Kanzlerin. Statt Hamburg, so empfiehlt ein Anwohner des <a href=\"https:\/\/de.wikipedia.org\/wiki\/Schanzenviertel\" target=\"_blank\">Schanzenviertels<\/a>, h\u00e4tten Merkel und Co. die <a href=\"https:\/\/de.wikipedia.org\/wiki\/Queen_Mary_2\" target=\"_blank\">Queen Mary 2<\/a> f\u00fcr ihre Plauschrunden nehmen sollen. Und Videokonferenzen w\u00e4ren sicherlich zeitgem\u00e4\u00dfer.<\/p>\n<p>Man braucht es eigentlich nicht ausdr\u00fccklich betonen: Es gibt wohl kaum einen Ort, der so schlecht geeignet ist f\u00fcr den G20-Gipfel wie Hamburg. Und das mitten in der Stadt. Allein nur durch den Gipfel wird es erhebliche Beeintr\u00e4chtigung im Stra\u00dfen-, Schienen- und sicherlich auch im  Luftverkehr geben. Viele Firmen machen an den beiden Tagen zu.<\/p>\n<p>Anwohner, besonders die L\u00e4den, z.B. im Schanzenviertel (siehe hierzu: <a href=\"http:\/\/www.ndr.de\/fernsehen\/sendungen\/die_nordstory\/Die-Schanze,dienordstory750.html\" target=\"_blank\">NDR &#8211; die nordstory: Die Schanze<\/a>), f\u00fcrchten zudem die Krawalle durch autonome Gruppierungen.<\/p>\n<p><iframe loading=\"lazy\" width=\"560\" height=\"315\" src=\"https:\/\/www.youtube.com\/embed\/Z0tzGivKb7Y\" frameborder=\"0\" allowfullscreen><\/iframe><br \/>\nARD &#8211; G20-Lied &#8211; Hier fliegen gleich \u2026<\/p>\n<p>Rund 20.000 Polizisten sollen zum Einsatz kommen. Viele sind jetzt schon auf dem Messegel\u00e4nde und rundum im Einsatz. Hubschrauber kreisen \u00fcber der Stadt. <a href=\"https:\/\/de.wikipedia.org\/wiki\/NATO-Draht\" target=\"_blank\">NATO-Draht<\/a> (S-Draht) \u201aziert\u2018 die Bahnstrecke zwischen Hauptbahnhof und Altona. Der ganze Irrsinn kostet dem Steuerzahler mindestens 130 Millionen Euro.<\/p>\n<p><img src=\"https:\/\/www.willizblog.de\/images\/s_bahn_sternschanze_autonome.jpg\" alt=\"Hamburg \u2013 S-Bahn-Station Sternschanze: Polizei jagt Autonome\" title=\"Hamburg \u2013 S-Bahn-Station Sternschanze: Polizei jagt Autonome\" \/><\/p>\n<p>Nun ich arbeite vielleicht 100 m Luftlinie von dem Schanzenviertel entfernt. Die <a href=\"https:\/\/de.wikipedia.org\/wiki\/Bahnhof_Hamburg_Sternschanze\" target=\"_blank\">S-Bahn-Station Sternschanze<\/a> ist die Haltestelle, an der ich morgens aussteige und von wo ich abends wieder losfahre. Am Freitag, den 7. Juli (und am Samstag, den 8. Juli sowieso) ist meine Firma geschlossen. Am Donnerstag zuvor werde ich wohl schon zur Mittagszeit Feierabend machen, da von der autonomen Szene f\u00fcr diesen Vorabend des Gipfels eine Demonstration (\u201eG 20 \u2013 Welcome to Hell\u201c) vorgesehen ist, die genau in meinem \u201aEinzugsgebiet\u2018 stattfinden wird. Sollte die S-Bahn-Station Sternschanze blockiert sein, so hoffe ich, \u00fcber die <a href=\"https:\/\/de.wikipedia.org\/wiki\/U-Bahnhof_Schlump\" target=\"_blank\">U-Bahn-Station Schlump<\/a> zum Hauptbahnhof und von dort m\u00f6glichst zeitnah nach Hause zu kommen.<\/p>\n","protected":false},"excerpt":{"rendered":"<p>Der G20-Gipfel in Hamburg 2017 ist das zw\u00f6lfte Gipfeltreffen der Gruppe der zwanzig wichtigsten Industrie- und Schwellenl\u00e4nder. Er wird am 7. und 8. Juli 2017 in Hamburg im Rahmen der deutschen G20-Pr\u00e4sidentschaft stattfinden. Neben den Staats- und Regierungschefs der G20-L\u00e4nder sind auch andere L\u00e4nder und mehrere internationale Organisationen als G\u00e4ste eingeladen. Zahlreiche Organisationen haben Proteste &hellip; <a href=\"https:\/\/willizblog.de\/?p=10016\" class=\"more-link\"><span class=\"screen-reader-text\">Der Wahnsinn von Hamburg: G20-Gipfel 2017<\/span> weiterlesen <span class=\"meta-nav\">&rarr;<\/span><\/a><\/p>\n","protected":false},"author":1,"featured_media":0,"comment_status":"open","ping_status":"open","sticky":false,"template":"","format":"standard","meta":[],"categories":[20],"tags":[],"_links":{"self":[{"href":"https:\/\/willizblog.de\/index.php?rest_route=\/wp\/v2\/posts\/10016"}],"collection":[{"href":"https:\/\/willizblog.de\/index.php?rest_route=\/wp\/v2\/posts"}],"about":[{"href":"https:\/\/willizblog.de\/index.php?rest_route=\/wp\/v2\/types\/post"}],"author":[{"embeddable":true,"href":"https:\/\/willizblog.de\/index.php?rest_route=\/wp\/v2\/users\/1"}],"replies":[{"embeddable":true,"href":"https:\/\/willizblog.de\/index.php?rest_route=%2Fwp%2Fv2%2Fcomments&post=10016"}],"version-history":[{"count":0,"href":"https:\/\/willizblog.de\/index.php?rest_route=\/wp\/v2\/posts\/10016\/revisions"}],"wp:attachment":[{"href":"https:\/\/willizblog.de\/index.php?rest_route=%2Fwp%2Fv2%2Fmedia&parent=10016"}],"wp:term":[{"taxonomy":"category","embeddable":true,"href":"https:\/\/willizblog.de\/index.php?rest_route=%2Fwp%2Fv2%2Fcategories&post=10016"},{"taxonomy":"post_tag","embeddable":true,"href":"https:\/\/willizblog.de\/index.php?rest_route=%2Fwp%2Fv2%2Ftags&post=10016"}],"curies":[{"name":"wp","href":"https:\/\/api.w.org\/{rel}","templated":true}]}}