{"id":10030,"date":"2017-07-19T11:39:57","date_gmt":"2017-07-19T11:39:57","guid":{"rendered":"http:\/\/willizblog.de\/?p=10030"},"modified":"2017-07-19T12:10:11","modified_gmt":"2017-07-19T12:10:11","slug":"wigald-boning-im-zelt-von-einem-der-auszog-um-draussen-zu-schlafen","status":"publish","type":"post","link":"https:\/\/willizblog.de\/?p=10030","title":{"rendered":"Wigald Boning: Im Zelt \u2013 Von einem, der auszog, um drau\u00dfen zu schlafen"},"content":{"rendered":"<p>Zelten \u2013 da denkt man an Sommerurlaub, romantische Abende am See, an Lagerfeuer, Luftmatratzen und Grillw\u00fcrstchen. Vielleicht noch an M\u00fccken. Was aber, wenn das Zelt zum Schlafplatz im Alltag wird? Und zwar \u00fcber Herbst und Winter hinweg, bei Wind und Wetter, \u00fcber 200 N\u00e4chte am St\u00fcck? <a href=\"https:\/\/de.wikipedia.org\/wiki\/Wigald_Boning\" target=\"_blank\">Wigald Boning<\/a> probiert es aus. Er sagt Matratze und Federbett ade und schl\u00e4ft drau\u00dfen: auf Campingpl\u00e4tzen und in Flussbetten, auf H\u00e4userd\u00e4chern und Balkonen, am Strand und auf Parkb\u00e4nken. Was er dabei erlebt und welcher Traum dabei in Erf\u00fcllung geht, erz\u00e4hlt er in diesem Buch.<\/p>\n<p><a href=\"http:\/\/www.ndr.de\/kultur\/buch\/Wigald-Boning-liest-Im-Zelt,lesung390.html\" target=\"_blank\">Wigald Boning schl\u00e4ft drau\u00dfen<\/a>: \u00dcber ein halbes Jahr, von August bis M\u00e4rz, im Zelt. Auf Campingpl\u00e4tzen, in G\u00e4rten und Parks, auf D\u00e4chern und Balkonen und ja, auch in Flussbetten. Dabei muss er feststellen, dass ein rotes Zelt beim Wildcampen eher ungeeignet ist, eine Woche Dauerregen die Moral erheblich sinken l\u00e4sst und man in einer Sturmnacht niemals unter einem Baum zelten sollte. Aber er w\u00e4re nicht Wigald Boning, wenn er nicht all diesen Widrigkeiten trotzen w\u00fcrde \u2013 wozu auch das Kopfsch\u00fctteln s\u00e4mtlicher Freunde und Bekannten geh\u00f6rt.<br \/>\n(Klappentext)<\/p>\n<p><img src=\"https:\/\/www.willizblog.de\/images\/boning_zelt_werder.jpg\" alt=\"Wigald Boning zeltet im Bremer Weserstadion \u2013 SV Werder Bremen\" title=\"Wigald Boning zeltet im Bremer Weserstadion \u2013 SV Werder Bremen\" \/><\/p>\n<p>W\u00e4hrend ich das Buch <a target=\"_blank\" href=\"https:\/\/www.amazon.de\/gp\/product\/3499631946\/ref=as_li_tl?ie=UTF8&#038;camp=1638&#038;creative=6742&#038;creativeASIN=3499631946&#038;linkCode=as2&#038;tag=familiealbin-21&#038;linkId=42e8993e34166969dbcd31b5a2871a98\"><strong>Im Zelt: Von einem, der auszog, um drau\u00dfen zu schlafen<\/strong><\/a><img loading=\"lazy\" src=\"\/\/ir-de.amazon-adsystem.com\/e\/ir?t=familiealbin-21&#038;l=am2&#038;o=3&#038;a=3499631946\" width=\"1\" height=\"1\" border=\"0\" alt=\"\" style=\"border:none !important; margin:0px !important;\" \/> las, \u00fcberlegte ich, wo ich in meinem bisherigen Leben in einem Zelt \u00fcbernachtet habe. Ein gro\u00dfer Camper bin ich eigentlich nicht. Daher wunderte ich mich, dass ein Zelt doch schon h\u00e4ufig das Dach \u00fcber meinem Kopf bildete. Meine Schwester hatte mit ihrem Mann in meiner Jugendzeit einen Stellplatz auf einem Campingplatz am <a href=\"https:\/\/de.wikipedia.org\/wiki\/Otterstedter_See\" target=\"_blank\">Otterstedter See<\/a> gleich hinter Bremen. Dort war ich nat\u00fcrlich \u00f6fter am Wochenende und schlief meist in einem Zelt. Dann war das Zelt \u00f6fter Begleiter auf Fahrradtouren durch Norddeutschland. Ich denke da eine Tour durch <a href=\"https:\/\/de.wikipedia.org\/wiki\/Ostfriesland\" target=\"_blank\">Ostfriesland<\/a>, die mich und meinem Kumpel u.a. auch auf die ostfriesische Insel <a href=\"https:\/\/de.wikipedia.org\/wiki\/Norderney\" target=\"_blank\">Norderney<\/a> brachte. Bei einer Jugendherberge konnten wir unser Zelt aufschlagen. \u00dcberhaupt zeltete ich \u00f6fter auf Inseln, so 1990 u.a. am <a href=\"https:\/\/de.wikipedia.org\/wiki\/M%C3%BDvatn\" target=\"_blank\">M\u00fdvatn<\/a> auf Island und f\u00fcnf Jahre zuvor schon auf der <a href=\"https:\/\/de.wikipedia.org\/wiki\/Skye\" target=\"_blank\">Isle of Skye<\/a> in Schottland. <a href=\"https:\/\/de.wikipedia.org\/wiki\/Fehmarn\" target=\"_blank\">Fehmarn<\/a> (Anfang der 1980er Jahre) nicht vergessen (sicherlich sp\u00e4ter etwas mehr dazu).<\/p>\n<p><iframe loading=\"lazy\" src=\"https:\/\/www.facebook.com\/plugins\/post.php?href=https%3A%2F%2Fwww.facebook.com%2Fwillizblog%2Fposts%2F1761632943853814&#038;width=500\" width=\"500\" height=\"632\" style=\"border:none;overflow:hidden\" scrolling=\"no\" frameborder=\"0\" allowTransparency=\"true\"><\/iframe><\/p>\n<p>Wigard Boning kennen sicherlich viele aus dem Fernsehen. Er hat sich durch manch kuriose Idee hervorgetan. Und so darf man sich nicht wundern, wenn er auf den Einfall kam, w\u00e4hrend seiner Touren f\u00fcr l\u00e4ngere Zeit die Annehmlichkeiten von Hotelzimmern mit dem Zelt im Freien zu tauschen. Dass das auch Stoff f\u00fcr ein Buch sein k\u00f6nnte, war ihm dann wohl schon fr\u00fch klar. Im \u00dcbrigen sammelt Wigard Boning Einkaufszettel und Nasenhaarschneider und ist als Botschafter f\u00fcr eine Initiative von Werder Bremen unterwegs. So n\u00e4chtigte er auch eine Nacht im Bremer Weserstadion. <a href=\"https:\/\/www.facebook.com\/wigald.boning\/\" target=\"_blank\">Zuletzt war Boning<\/a> mit seinem Roller dabei, die Alpen zu \u00fcberqueren (d\u00fcrfte wieder ein Buch dabei herausspringen).<\/p>\n<p>Es ist ein durchaus am\u00fcsantes Buch und macht irgendwie Appetit, selbst einmal wieder ein Zelt in der freien Natur aufzuschlagen (es m\u00fcssen dann ja nicht 200 Tage am St\u00fcck werden). Gerade jetzt in der sommerlichen Urlaubszeit ist es sicherlich ein Buch, das noch im Koffer (oder Rucksack) Platz finden d\u00fcrfte.<\/p>\n","protected":false},"excerpt":{"rendered":"<p>Zelten \u2013 da denkt man an Sommerurlaub, romantische Abende am See, an Lagerfeuer, Luftmatratzen und Grillw\u00fcrstchen. Vielleicht noch an M\u00fccken. Was aber, wenn das Zelt zum Schlafplatz im Alltag wird? Und zwar \u00fcber Herbst und Winter hinweg, bei Wind und Wetter, \u00fcber 200 N\u00e4chte am St\u00fcck? Wigald Boning probiert es aus. Er sagt Matratze und &hellip; <a href=\"https:\/\/willizblog.de\/?p=10030\" class=\"more-link\"><span class=\"screen-reader-text\">Wigald Boning: Im Zelt \u2013 Von einem, der auszog, um drau\u00dfen zu schlafen<\/span> weiterlesen <span class=\"meta-nav\">&rarr;<\/span><\/a><\/p>\n","protected":false},"author":1,"featured_media":0,"comment_status":"open","ping_status":"open","sticky":false,"template":"","format":"standard","meta":[],"categories":[3,10],"tags":[],"_links":{"self":[{"href":"https:\/\/willizblog.de\/index.php?rest_route=\/wp\/v2\/posts\/10030"}],"collection":[{"href":"https:\/\/willizblog.de\/index.php?rest_route=\/wp\/v2\/posts"}],"about":[{"href":"https:\/\/willizblog.de\/index.php?rest_route=\/wp\/v2\/types\/post"}],"author":[{"embeddable":true,"href":"https:\/\/willizblog.de\/index.php?rest_route=\/wp\/v2\/users\/1"}],"replies":[{"embeddable":true,"href":"https:\/\/willizblog.de\/index.php?rest_route=%2Fwp%2Fv2%2Fcomments&post=10030"}],"version-history":[{"count":0,"href":"https:\/\/willizblog.de\/index.php?rest_route=\/wp\/v2\/posts\/10030\/revisions"}],"wp:attachment":[{"href":"https:\/\/willizblog.de\/index.php?rest_route=%2Fwp%2Fv2%2Fmedia&parent=10030"}],"wp:term":[{"taxonomy":"category","embeddable":true,"href":"https:\/\/willizblog.de\/index.php?rest_route=%2Fwp%2Fv2%2Fcategories&post=10030"},{"taxonomy":"post_tag","embeddable":true,"href":"https:\/\/willizblog.de\/index.php?rest_route=%2Fwp%2Fv2%2Ftags&post=10030"}],"curies":[{"name":"wp","href":"https:\/\/api.w.org\/{rel}","templated":true}]}}