{"id":10036,"date":"2017-07-25T11:43:47","date_gmt":"2017-07-25T11:43:47","guid":{"rendered":"http:\/\/willizblog.de\/?p=10036"},"modified":"2017-07-25T11:43:47","modified_gmt":"2017-07-25T11:43:47","slug":"querbeet-10-sommerzeit-irgendwie-schon","status":"publish","type":"post","link":"https:\/\/willizblog.de\/?p=10036","title":{"rendered":"Querbeet (10): Sommerzeit? Irgendwie schon \u2026"},"content":{"rendered":"<p>In der Mittagspause nutze ich die Zeit, um im Schanzenviertel einzukaufen. Da gibt es <a href=\"https:\/\/www.yelp.de\/biz\/helal-pazar-hamburg-2\" target=\"_blank\">\u201aden T\u00fcrken\u2018<\/a>, bei dem ich haupts\u00e4chlich Gem\u00fcse, frische Kr\u00e4uter, Fladen- und Kr\u00e4uterbrot, die unterschiedlichsten Cremes aus Frischk\u00e4se u.v.m. kaufe; zu finden ist der in der Susannenstra\u00dfe\/Ecke Bartelsstra\u00dfe.<\/p>\n<p><img src=\"https:\/\/s3-media3.fl.yelpcdn.com\/bphoto\/PLIfCQTf4Pzm36VKpgYfPg\/o.jpg\" alt=\"Helal Pazar - der T\u00fcrke meines Vertrauens\" title=\"Helal Pazar - der T\u00fcrke meines Vertrauens\" \/><\/p>\n<p>Heute war ich in <a href=\"http:\/\/brunos-kaeseladen.de\/\" target=\"_blank\">\u201aBruno\u2019s K\u00e4seladen\u2018<\/a> und habe uns f\u00fcr eine Woche mit leckerem K\u00e4se eingedeckt. K\u00e4se ist nicht gerade billig. Da sollte es schon etwas Gutes sein. Gleich gegen\u00fcber im <a href=\"https:\/\/de.wikipedia.org\/wiki\/Schulterblatt_(Stra%C3%9Fe)\" target=\"_blank\">Schulterblatt<\/a> befindet sich das <a href=\"http:\/\/www.cafe-stenzel.de\/\" target=\"_blank\">Caf\u00e9 Stenzel<\/a>, das nat\u00fcrlich auch Brot verkauft. Erst am Wochenende war ich mit meiner Frau dort und wir haben uns exquisite Obsttorte geg\u00f6nnt.<\/p>\n<p>Ja, auch das ist das Schanzenviertel.<\/p>\n<p><img src=\"https:\/\/www.willizblog.de\/images\/querbeet.jpg\" alt=\".... querbett\" title=\".... querbett\" \/><\/p>\n<p>Angesichts der Tatsache, dass ich bald Urlaub haben werde, sollte ich froh und gl\u00fccklich sein. W\u00e4re da nicht dieses unertr\u00e4gliche Wetter. Seit gestern gegen 17 Uhr regnet es in einer Tour, mal etwas weniger, meistens aber mehr, als es f\u00fcr einen Sommer ausk\u00f6mmlich ist. Und die Aussichten sind auch nicht gerade verhei\u00dfungsvoll. Nat\u00fcrlich muss man nehmen, was kommt, zumindest was das Wetter betrifft. In sonnigere Gefilde wird es uns auch dieses Jahr nicht verschlagen, bekanntlich liegt das Gute oft sehr nah. Und gerade in Norddeutschland gibt es noch reichlich Ecken, in die wir, meine Frau und ich, noch nicht geblickt haben. So lasst uns blicken \u2026<\/p>\n","protected":false},"excerpt":{"rendered":"<p>In der Mittagspause nutze ich die Zeit, um im Schanzenviertel einzukaufen. Da gibt es \u201aden T\u00fcrken\u2018, bei dem ich haupts\u00e4chlich Gem\u00fcse, frische Kr\u00e4uter, Fladen- und Kr\u00e4uterbrot, die unterschiedlichsten Cremes aus Frischk\u00e4se u.v.m. kaufe; zu finden ist der in der Susannenstra\u00dfe\/Ecke Bartelsstra\u00dfe. Heute war ich in \u201aBruno\u2019s K\u00e4seladen\u2018 und habe uns f\u00fcr eine Woche mit leckerem &hellip; <a href=\"https:\/\/willizblog.de\/?p=10036\" class=\"more-link\"><span class=\"screen-reader-text\">Querbeet (10): Sommerzeit? Irgendwie schon \u2026<\/span> weiterlesen <span class=\"meta-nav\">&rarr;<\/span><\/a><\/p>\n","protected":false},"author":1,"featured_media":0,"comment_status":"open","ping_status":"open","sticky":false,"template":"","format":"standard","meta":[],"categories":[16,20],"tags":[],"_links":{"self":[{"href":"https:\/\/willizblog.de\/index.php?rest_route=\/wp\/v2\/posts\/10036"}],"collection":[{"href":"https:\/\/willizblog.de\/index.php?rest_route=\/wp\/v2\/posts"}],"about":[{"href":"https:\/\/willizblog.de\/index.php?rest_route=\/wp\/v2\/types\/post"}],"author":[{"embeddable":true,"href":"https:\/\/willizblog.de\/index.php?rest_route=\/wp\/v2\/users\/1"}],"replies":[{"embeddable":true,"href":"https:\/\/willizblog.de\/index.php?rest_route=%2Fwp%2Fv2%2Fcomments&post=10036"}],"version-history":[{"count":0,"href":"https:\/\/willizblog.de\/index.php?rest_route=\/wp\/v2\/posts\/10036\/revisions"}],"wp:attachment":[{"href":"https:\/\/willizblog.de\/index.php?rest_route=%2Fwp%2Fv2%2Fmedia&parent=10036"}],"wp:term":[{"taxonomy":"category","embeddable":true,"href":"https:\/\/willizblog.de\/index.php?rest_route=%2Fwp%2Fv2%2Fcategories&post=10036"},{"taxonomy":"post_tag","embeddable":true,"href":"https:\/\/willizblog.de\/index.php?rest_route=%2Fwp%2Fv2%2Ftags&post=10036"}],"curies":[{"name":"wp","href":"https:\/\/api.w.org\/{rel}","templated":true}]}}