{"id":10050,"date":"2017-08-21T09:08:03","date_gmt":"2017-08-21T09:08:03","guid":{"rendered":"http:\/\/willizblog.de\/?p=10050"},"modified":"2017-08-21T09:08:03","modified_gmt":"2017-08-21T09:08:03","slug":"urlaub-auf-der-hallig-hooge-1-schleusenfest-2017","status":"publish","type":"post","link":"https:\/\/willizblog.de\/?p=10050","title":{"rendered":"Urlaub auf der Hallig Hooge (1): Schleusenfest 2017"},"content":{"rendered":"<p>Nun ist er also schon wieder vorbei, unser Urlaub und damit auch unser achtt\u00e4gige Aufenthalt auf der <a href=\"https:\/\/de.wikipedia.org\/wiki\/Hallig\" target=\"_blank\">Hallig<\/a> <a href=\"https:\/\/de.wikipedia.org\/wiki\/Hooge\" target=\"_blank\">Hooge<\/a>. Nach unserem <a href=\"https:\/\/willizblog.de\/?p=9886\" target=\"_blank\">Aufenthalt zu Weihnachten 2016 auf Langene\u00df<\/a> war es unser zweiter Hallig-Urlaub. Auf Hooge waren es acht wirklich erholsame Tage. Auch das Wetter spielte meistens mit, was in diesem Jahr leider nicht so oft vorkommt. Lediglich am Samstag, den 12. August, regnete es dann ganzen Vormittag bis gegen 14 Uhr. Und genau zum Beginn des Schleusenfestes schloss Petrus die Regenschleuse, auch wenn es windig und frisch blieb.<\/p>\n<p>Nun viel passiert nicht gerade auf einer Hallig. Da ist so ein Schleusenfest schon eine Attraktion. Zun\u00e4chst sa\u00dfen die Hooger und auch viele Urlaubsg\u00e4ste bei Kaffee und Kuchen beisammen. Einige g\u00f6nnten sich auch schon ein Bier. Dann fand in einem <a href=\"https:\/\/de.wikipedia.org\/wiki\/Priel\" target=\"_blank\">Priel<\/a> unweit der Schleuse (daher der Name Schleusenfest) ein Seglerwettkampf in der <a href=\"https:\/\/de.wikipedia.org\/wiki\/Optimist_(Bootsklasse)\" target=\"_blank\">Bootsklasse Optimist<\/a> statt. Es war gewisserma\u00dfen die Hooger Meisterschaft. Dazu waren aber auch Segler von Sylt und Husum angereist.<\/p>\n<p><iframe loading=\"lazy\" width=\"560\" height=\"315\" src=\"https:\/\/www.youtube.com\/embed\/yEJQ7ke6XG8\" frameborder=\"0\" allowfullscreen><\/iframe><br \/>\nHallig Hooge &#8211; Schleusenfest 2017 (Teil 1): Opti-Segler <\/p>\n<p>Inzwischen wurden die Grills angeworfen. Und u.a. mit Bratwurst vom <a href=\"https:\/\/de.wikipedia.org\/wiki\/Galloway_(Rind)\" target=\"_blank\">Galloway-Rind<\/a> und Lammfrikadellen, also von Tieren, die auf der Hallig gez\u00fcchtet werden, konnten sich die Besucher st\u00e4rken. Als weiteren sportlichen H\u00f6hepunkt gab es dann das <em>Tautrekken<\/em>, also <a href=\"https:\/\/de.wikipedia.org\/wiki\/Tauziehen\" target=\"_blank\">Tauziehen<\/a>, das vor allem auch zur allgemeinen Belustigung diente. Auch eine Mannschaft der \u201aHooge-Touris\u2018 nahm daran teil und schlug sich gar nicht mal schlecht. Mannschaftsnamen wie \u201aVikings\u2018 und \u201a<a href=\"https:\/\/de.wikipedia.org\/wiki\/Wacken_Open_Air\" target=\"_blank\">Wacken<\/a>-Spacken\u2018 sind mir noch in Erinnerung.<\/p>\n<p><iframe loading=\"lazy\" width=\"560\" height=\"315\" src=\"https:\/\/www.youtube.com\/embed\/6dtdAJwTeaA\" frameborder=\"0\" allowfullscreen><\/iframe><br \/>\nHallig Hooge &#8211; Schleusenfest 2017 (Teil 2): Tautrekken<\/p>\n<p>Meiner Frau und mir wurde es dann doch etwas zu frisch. So zogen wir gegen 21 Uhr los zur\u00fcck in unsere Ferienwohnung. Das Schleusenfest soll aber noch bis tief in die Nacht gedauert haben (bis nach 2 Uhr morgens). Dabei d\u00fcrften noch etliche Liter Bier verkosten worden und Hooger wie Urlaubsg\u00e4ste sich ein wenig n\u00e4her gekommen sein.<\/p>\n<p><img src=\"https:\/\/www.willizblog.de\/images\/hooge2017_tautrekken.jpg\" alt=\"Schleusenfest auf der Hallig Hooge 2017: Tautrekken\" title=\"Schleusenfest auf der Hallig Hooge 2017: Tautrekken\" \/><\/p>\n<p>Wir fanden das Fest auf jeden Fall ganz witzig. Ansonsten genossen wir auf Hooge die Ruhe in der Natur. Davon in den n\u00e4chsten Tagen etwas mehr. Soviel kann ich aber schon sagen: Seit meiner Kindheit bin ich nicht mehr so viel barfu\u00df durch die Gegend gezogen wie auf Hooge. Besonders die Trampelpfade am so genannten Sommerdeich laden dazu ein.<\/p>\n","protected":false},"excerpt":{"rendered":"<p>Nun ist er also schon wieder vorbei, unser Urlaub und damit auch unser achtt\u00e4gige Aufenthalt auf der Hallig Hooge. Nach unserem Aufenthalt zu Weihnachten 2016 auf Langene\u00df war es unser zweiter Hallig-Urlaub. Auf Hooge waren es acht wirklich erholsame Tage. Auch das Wetter spielte meistens mit, was in diesem Jahr leider nicht so oft vorkommt. &hellip; <a href=\"https:\/\/willizblog.de\/?p=10050\" class=\"more-link\"><span class=\"screen-reader-text\">Urlaub auf der Hallig Hooge (1): Schleusenfest 2017<\/span> weiterlesen <span class=\"meta-nav\">&rarr;<\/span><\/a><\/p>\n","protected":false},"author":1,"featured_media":0,"comment_status":"open","ping_status":"open","sticky":false,"template":"","format":"standard","meta":[],"categories":[10],"tags":[],"_links":{"self":[{"href":"https:\/\/willizblog.de\/index.php?rest_route=\/wp\/v2\/posts\/10050"}],"collection":[{"href":"https:\/\/willizblog.de\/index.php?rest_route=\/wp\/v2\/posts"}],"about":[{"href":"https:\/\/willizblog.de\/index.php?rest_route=\/wp\/v2\/types\/post"}],"author":[{"embeddable":true,"href":"https:\/\/willizblog.de\/index.php?rest_route=\/wp\/v2\/users\/1"}],"replies":[{"embeddable":true,"href":"https:\/\/willizblog.de\/index.php?rest_route=%2Fwp%2Fv2%2Fcomments&post=10050"}],"version-history":[{"count":0,"href":"https:\/\/willizblog.de\/index.php?rest_route=\/wp\/v2\/posts\/10050\/revisions"}],"wp:attachment":[{"href":"https:\/\/willizblog.de\/index.php?rest_route=%2Fwp%2Fv2%2Fmedia&parent=10050"}],"wp:term":[{"taxonomy":"category","embeddable":true,"href":"https:\/\/willizblog.de\/index.php?rest_route=%2Fwp%2Fv2%2Fcategories&post=10050"},{"taxonomy":"post_tag","embeddable":true,"href":"https:\/\/willizblog.de\/index.php?rest_route=%2Fwp%2Fv2%2Ftags&post=10050"}],"curies":[{"name":"wp","href":"https:\/\/api.w.org\/{rel}","templated":true}]}}