{"id":10052,"date":"2017-08-22T04:19:33","date_gmt":"2017-08-22T04:19:33","guid":{"rendered":"http:\/\/willizblog.de\/?p=10052"},"modified":"2017-08-21T11:25:17","modified_gmt":"2017-08-21T11:25:17","slug":"urlaub-auf-der-hallig-hooge-2-fundstuecke-1","status":"publish","type":"post","link":"https:\/\/willizblog.de\/?p=10052","title":{"rendered":"Urlaub auf der Hallig Hooge (2): Fundst\u00fccke (1)"},"content":{"rendered":"<p>Nach <a href=\"https:\/\/willizblog.de\/?p=9886\" target=\"_blank\">Langene\u00df zu Weihnachten 2016<\/a> war f\u00fcr meine Frau und mich jetzt die n\u00e4chste <a href=\"https:\/\/de.wikipedia.org\/wiki\/Hallig\" target=\"_blank\">Hallig<\/a>, n\u00e4mlich <a href=\"https:\/\/de.wikipedia.org\/wiki\/Hooge\" target=\"_blank\">Hooge<\/a>, Ziel einer Reise. Hooge unterscheidet sich gegen\u00fcber anderen Halligen (z.B. Langene\u00df) durch einen rund 1,20 Meter hohen Steindeich, so dass sie vor \u00dcberflutung durch leichtere Sturmfluten gesch\u00fctzt ist. Dennoch wird die Hallig durchschnittlich zwei- bis f\u00fcnfmal j\u00e4hrlich von <a href=\"https:\/\/de.wikipedia.org\/wiki\/Landunter\" target=\"_blank\">Landunter<\/a> betroffen. Die Bewohner der Hallig siedeln auf zehn <a href=\"https:\/\/de.wikipedia.org\/wiki\/Warft\" target=\"_blank\">Warften<\/a>. Eine elfte Warft ist unbewohnt. Auf diesem so genannten rund 11 km langen Sommerdeich kann man die Hallig sehr gut umrunden. Oft befinden sich auch Trampelpfade auf den Wiesen gleich neben dem Deich, die zum Barfu\u00dflaufen geradezu einladen. Seit meiner Kindheit bin ich wohl nicht mehr so viel barfu\u00df durch die Gegend gewandert wie hier. So nebenbei kommen dann auch Kindheitserinnerungen ins Ged\u00e4chtnis.<\/p>\n<p>Es muss wohl nicht ausdr\u00fccklich betont werden, dass <a href=\"https:\/\/www.change.org\/p\/angela-merkel-cdu-unsere-ozeane-sind-keine-m%C3%BCllkippe-frau-merkel-stoppen-sie-diesen-irrsinn?recruiter=25931191&#038;utm_campaign=signature_receipt&#038;utm_medium=twitter&#038;utm_source=share_petition\" target=\"_blank\">unsere Meere zu M\u00fcllhalden verkommen<\/a>. Am Strand von Hooge liegen beispielsweise S\u00e4cke aus, in denen der Plastikm\u00fcll, der aus dem Meer angeschwemmt wurde, gesammelt wird. Sammeln darf jeder, der will. Ist klar. Mit meiner Frau habe so auch ich mich eigentlich nur spa\u00dfeshalber daran gemacht, Plastikm\u00fcll aus dem Meer einzusammeln. Die Ausbeute von einem etwa 500 Meter langen Teilst\u00fcck des s\u00fcdlichen Strandes war erschreckend \u2013 wie das Bild unten zeigt. Dabei soll es in letzter Zeit mit dem M\u00fcll lt. Auskunft eines Mitarbeiters des Gemeindehauses deutlich besser gestellt sein.<\/p>\n<p><img src=\"https:\/\/www.willizblog.de\/images\/hooge2017_muell_vom_strand.jpg\" alt=\"Hallig Hooge 2017: Plastikm\u00fcll vom Strand\" title=\"Hallig Hooge 2017: Plastikm\u00fcll vom Strand\" \/><\/p>\n<p>Neben Plastikflaschen, einer Zahnb\u00fcrste, einem Beh\u00e4lter aus Plastik (in dem wir dann weiteren M\u00fcll sammeln konnten) und Tetrapacks fanden wir Styroporteile, B\u00e4nder mit Luftballonresten (von welcher Feier auch immer), Teil eines Babyschnullers, viele kleine Teile von Plastikfolie \u2013 und ein Holzt\u00e4felchen (Drifter), das die <a href=\"http:\/\/www.presse.uni-oldenburg.de\/mit\/2017\/051.html\" target=\"_blank\">Universit\u00e4t Oldenburg<\/a> ausgeworfen hatte, um in dem <a href=\"http:\/\/www.macroplastics.de\/index.php?x=1600\" target=\"_blank\">Projekt \u201eMacroplastics\u201c<\/a> zu erkunden, wie sich Plastikm\u00fcll in der Nordsee verteilt. Unser Drifter wurde am 04.07.2017 in <a href=\"https:\/\/de.wikipedia.org\/wiki\/Schillig\" target=\"_blank\">Schillig<\/a> an der \u00e4u\u00dfersten Nordost-Spitze der Ostfriesischen Halbinsel ins Meer geworfen und ist so in rund sechs Wochen in nord-\u00f6stliche Richtung bis Hooge \u201agedriftet\u2018. So nebenbei dienten wir also selbst im Urlaub der Wissenschaft.<\/p>\n<p>Aber es ist nat\u00fcrlich nicht nur Plastikm\u00fcll, der an den Strand von Hooge angeschwemmt wird. Auf der <a href=\"https:\/\/de.wikipedia.org\/wiki\/Hooge#Hanswarft\" target=\"_blank\">Hanswarft<\/a> werden seit 1991 alle angesp\u00fclten Schuhe gesammelt. Das Ganze ergibt ein Kunstwerk der bizarren Art.<\/p>\n<p><img src=\"https:\/\/www.willizblog.de\/images\/hooge2017_strandgutschuhe.jpg\" alt=\"Hallig Hooge 2017: Strandgutschuhe ab 1991\" title=\"Hallig Hooge 2017: Strandgutschuhe ab 1991\" \/><\/p>\n<p>Aber es gibt auch Fundst\u00fccke, die die Natur hinterl\u00e4sst. Dazu im <em>n\u00e4chsten Beitrag<\/em> mehr.<\/p>\n","protected":false},"excerpt":{"rendered":"<p>Nach Langene\u00df zu Weihnachten 2016 war f\u00fcr meine Frau und mich jetzt die n\u00e4chste Hallig, n\u00e4mlich Hooge, Ziel einer Reise. Hooge unterscheidet sich gegen\u00fcber anderen Halligen (z.B. Langene\u00df) durch einen rund 1,20 Meter hohen Steindeich, so dass sie vor \u00dcberflutung durch leichtere Sturmfluten gesch\u00fctzt ist. Dennoch wird die Hallig durchschnittlich zwei- bis f\u00fcnfmal j\u00e4hrlich von &hellip; <a href=\"https:\/\/willizblog.de\/?p=10052\" class=\"more-link\"><span class=\"screen-reader-text\">Urlaub auf der Hallig Hooge (2): Fundst\u00fccke (1)<\/span> weiterlesen <span class=\"meta-nav\">&rarr;<\/span><\/a><\/p>\n","protected":false},"author":1,"featured_media":0,"comment_status":"open","ping_status":"open","sticky":false,"template":"","format":"standard","meta":[],"categories":[10,20],"tags":[],"_links":{"self":[{"href":"https:\/\/willizblog.de\/index.php?rest_route=\/wp\/v2\/posts\/10052"}],"collection":[{"href":"https:\/\/willizblog.de\/index.php?rest_route=\/wp\/v2\/posts"}],"about":[{"href":"https:\/\/willizblog.de\/index.php?rest_route=\/wp\/v2\/types\/post"}],"author":[{"embeddable":true,"href":"https:\/\/willizblog.de\/index.php?rest_route=\/wp\/v2\/users\/1"}],"replies":[{"embeddable":true,"href":"https:\/\/willizblog.de\/index.php?rest_route=%2Fwp%2Fv2%2Fcomments&post=10052"}],"version-history":[{"count":0,"href":"https:\/\/willizblog.de\/index.php?rest_route=\/wp\/v2\/posts\/10052\/revisions"}],"wp:attachment":[{"href":"https:\/\/willizblog.de\/index.php?rest_route=%2Fwp%2Fv2%2Fmedia&parent=10052"}],"wp:term":[{"taxonomy":"category","embeddable":true,"href":"https:\/\/willizblog.de\/index.php?rest_route=%2Fwp%2Fv2%2Fcategories&post=10052"},{"taxonomy":"post_tag","embeddable":true,"href":"https:\/\/willizblog.de\/index.php?rest_route=%2Fwp%2Fv2%2Ftags&post=10052"}],"curies":[{"name":"wp","href":"https:\/\/api.w.org\/{rel}","templated":true}]}}