{"id":10063,"date":"2017-08-23T12:06:53","date_gmt":"2017-08-23T12:06:53","guid":{"rendered":"http:\/\/willizblog.de\/?p=10063"},"modified":"2017-08-29T10:58:42","modified_gmt":"2017-08-29T10:58:42","slug":"10063","status":"publish","type":"post","link":"https:\/\/willizblog.de\/?p=10063","title":{"rendered":"Urlaub auf der Hallig Hooge (4): Willi im windigen Gew\u00fchl"},"content":{"rendered":"<p>Jede sch\u00f6ne Zeit hat irgendwann einmal ein Ende. Und schon versinkt der Mensch wieder in der grauen Suppe des elenden Alltags, konkret gesprochen: Ich hatte Urlaub und muss wieder zur Arbeit, um den schn\u00f6den Mammon f\u00fcr die Br\u00f6tchen zu verdienen, die ich mit meinen Lieben zum Leben brauche. Oh, Elend! Und dem Klagen kein Ende!<\/p>\n<p><img src=\"https:\/\/www.willizblog.de\/images\/hooge2017_willi_rollt.jpg\" alt=\"Willi rollt\" title=\"Willi rollt\" \/><\/p>\n<p>Okay, ganz so schlimm ist es nicht, auch wenn gleich am ersten Arbeitstag das w\u00e4hrend meines Urlaubs Liegengebliebene der Erledigung heischte. Immerhin verdeutlicht es mir, dass meine Kollegen auf meine Hilfe angewiesen sind. Bestimmte Sachen gehen nicht ohne mich, ha!<\/p>\n<p><img src=\"https:\/\/www.willizblog.de\/images\/hooge2017_willi_im_wasser.jpg\" alt=\"Willi w\u00e4ssert\" title=\"Willi w\u00e4ssert\" \/><\/p>\n<p>Erst k\u00fcrzlich gestand mir ein Bekannter, der seit geraumer Zeit in Rente ist, dass er massive Probleme hatte, sich dem Rentnerdasein zu stellen. Da kann ich eigentlich nur lachen. F\u00fcr mich war und ist der Broterwerb notwendiges \u00dcbel, auf das ich zugunsten anderer Besch\u00e4ftigungen gern verzichten kann. Es gibt anderes und besseres als die t\u00e4gliche Tretm\u00fchle. Selbstbestimmt w\u00fcnsche ich mir das Leben. Was nicht ist, soll bald werden.<\/p>\n<p><img src=\"https:\/\/www.willizblog.de\/images\/hooge2017_willi_im_wind.jpg\" alt=\"Willi im Wind\" title=\"Willi im Wind\" \/><\/p>\n<p><img src=\"https:\/\/www.willizblog.de\/images\/hooge2017_willi_zerzaust.jpg\" alt=\"Willi vom Winde zerzaust\" title=\"Willi vom Winde zerzaust\" \/><\/p>\n<p>Ach, was lamentiere ich hier. Ich sprach eingangs vom Urlaub. Und einen Teil davon machte ich mit meiner Frau \u2013 wie schon bekannt sein d\u00fcrfte \u2013 auf einer Hallig. Halligen, Inseln, Nordsee! Wer denkt da nicht an Wellen, Str\u00e4nde und Sturmgebraus! So mancher Windzug zerzauste mir das sch\u00fctterwerdende Haar, bis es mir zu Berge stand. Im Sturm klebte mir die Jacke f\u00f6rmlich am K\u00f6rper. Und das Donnern der aufgew\u00fchlten Wellen erh\u00f6hte deutlich den Harndrang. Da musste Willi f\u00fcr kleine Antons.<\/p>\n<p><img src=\"https:\/\/www.willizblog.de\/images\/hooge2017_willi_anna_und_anton.jpg\" alt=\"Willi muss mal f\u00fcr kleine Antons\" title=\"Willi muss mal f\u00fcr kleine Antons\" \/><\/p>\n<p>Oh, Alltag, Du hast mich nun wieder.<\/p>\n<p>Aber in wenigen Stunden beginnt wieder das Wochenende. Da werde ich froh sein, die erste Woche Arbeit hinter mich gebracht zu haben. Zu Hause liegt ein Ma\u00dfband. Es misst Inches, also in <a href=\"https:\/\/de.wikipedia.org\/wiki\/Zoll_(Einheit)\" target=\"_blank\">Zoll<\/a>. Und es war einmal 100 Daumenbreit lang. Inzwischen ist es auf 90 Zoll geschrumpft. Jeder Zoll eine Arbeitswoche. Und zu Hause kommt die Schere, schnipp-di-schnapp, und schon ist das <a target=\"_blank\" href=\"https:\/\/www.amazon.de\/gp\/product\/B000P18SWQ\/ref=as_li_tl?ie=UTF8&#038;camp=1638&#038;creative=6742&#038;creativeASIN=B000P18SWQ&#038;linkCode=as2&#038;tag=familiealbin-21&#038;linkId=39fd2ea3545bdf53f2e32ce97c5f3f77\">Ma\u00dfband<\/a><img loading=\"lazy\" src=\"\/\/ir-de.amazon-adsystem.com\/e\/ir?t=familiealbin-21&#038;l=am2&#038;o=3&#038;a=B000P18SWQ\" width=\"1\" height=\"1\" border=\"0\" alt=\"\" style=\"border:none !important; margin:0px !important;\" \/> wieder ein St\u00fcck k\u00fcrzer.<\/p>\n","protected":false},"excerpt":{"rendered":"<p>Jede sch\u00f6ne Zeit hat irgendwann einmal ein Ende. Und schon versinkt der Mensch wieder in der grauen Suppe des elenden Alltags, konkret gesprochen: Ich hatte Urlaub und muss wieder zur Arbeit, um den schn\u00f6den Mammon f\u00fcr die Br\u00f6tchen zu verdienen, die ich mit meinen Lieben zum Leben brauche. Oh, Elend! Und dem Klagen kein Ende! &hellip; <a href=\"https:\/\/willizblog.de\/?p=10063\" class=\"more-link\"><span class=\"screen-reader-text\">Urlaub auf der Hallig Hooge (4): Willi im windigen Gew\u00fchl<\/span> weiterlesen <span class=\"meta-nav\">&rarr;<\/span><\/a><\/p>\n","protected":false},"author":1,"featured_media":0,"comment_status":"open","ping_status":"open","sticky":false,"template":"","format":"standard","meta":[],"categories":[10,30],"tags":[],"_links":{"self":[{"href":"https:\/\/willizblog.de\/index.php?rest_route=\/wp\/v2\/posts\/10063"}],"collection":[{"href":"https:\/\/willizblog.de\/index.php?rest_route=\/wp\/v2\/posts"}],"about":[{"href":"https:\/\/willizblog.de\/index.php?rest_route=\/wp\/v2\/types\/post"}],"author":[{"embeddable":true,"href":"https:\/\/willizblog.de\/index.php?rest_route=\/wp\/v2\/users\/1"}],"replies":[{"embeddable":true,"href":"https:\/\/willizblog.de\/index.php?rest_route=%2Fwp%2Fv2%2Fcomments&post=10063"}],"version-history":[{"count":0,"href":"https:\/\/willizblog.de\/index.php?rest_route=\/wp\/v2\/posts\/10063\/revisions"}],"wp:attachment":[{"href":"https:\/\/willizblog.de\/index.php?rest_route=%2Fwp%2Fv2%2Fmedia&parent=10063"}],"wp:term":[{"taxonomy":"category","embeddable":true,"href":"https:\/\/willizblog.de\/index.php?rest_route=%2Fwp%2Fv2%2Fcategories&post=10063"},{"taxonomy":"post_tag","embeddable":true,"href":"https:\/\/willizblog.de\/index.php?rest_route=%2Fwp%2Fv2%2Ftags&post=10063"}],"curies":[{"name":"wp","href":"https:\/\/api.w.org\/{rel}","templated":true}]}}