{"id":1007,"date":"2007-11-12T00:05:26","date_gmt":"2007-11-11T22:05:26","guid":{"rendered":"http:\/\/www.albinz.de\/blog\/?p=1007"},"modified":"2009-11-07T17:52:25","modified_gmt":"2009-11-07T15:52:25","slug":"bandabend-2007-in-tostedt-kontrast","status":"publish","type":"post","link":"https:\/\/willizblog.de\/?p=1007","title":{"rendered":"Bandabend 2007 in Tostedt: Kontrast"},"content":{"rendered":"<p>Am Freitag, den 09.11., war es wieder einmal soweit: Die <a href=\"http:\/\/www.myspace.com\/bandabendtostedt\" target=\"_blank\">Evangelische Jugend<\/a> der Johanneskirche in Tostedt veranstaltete den j\u00e4hrlich stattfindenden <a href=\"https:\/\/www.willizblog.de\/?p=987\" target=\"_blank\">Bandabend<\/a>. Ziel des Abends: Junge Nachwuchsbands aus Tostedt und Umgebung zu f\u00f6rdern und ihnen die M\u00f6glichkeit eines Auftritts zu geben.<\/p>\n<p>Als erstes trat die vor knapp einem halben Jahr gegr\u00fcndete Gruppe <a href=\"http:\/\/www.myspace.com\/kontrast234\" target=\"_blank\">&#8222;Kontrast&#8220;<\/a> auf. Entdeckt haben sie sich gegenseitig nach einer &#8222;Schulbandbattle&#8220; und seitdem spielen sie zusammen, wie sie selbst sagen. Besetzung: <strong>Den\u00e9s<\/strong> (Gitarre), <strong>Per-Olaf<\/strong> (Drums), <strong>Jan<\/strong> (Bass) &#038; last but not least <strong>Max<\/strong> (Vocals). Mit dabei also mein Sohnemann Jan.<\/p>\n<table border=\"0\" cellpadding=\"6\" cellspacing=\"0\" width=\"100%\">\n<tr>\n<td width=\"50%\" align=\"center\"><img loading=\"lazy\" border=\"0\" src=\"https:\/\/www.willizblog.de\/albpics\/kontrast_bandabend07_01.jpg\" alt=\"Kontrast: Max und Jan\" width=\"225\" height=\"300\"><\/td>\n<td width=\"50%\" align=\"center\"><img loading=\"lazy\" border=\"0\" src=\"https:\/\/www.willizblog.de\/albpics\/kontrast_bandabend07_02.jpg\" alt=\"Kontrast: Den\u00e9s, Max und Jan\" width=\"300\" height=\"225\"><\/td>\n<\/tr>\n<tr>\n<td width=\"100%\" align=\"center\" colspan=\"2\"><img loading=\"lazy\" border=\"0\" src=\"https:\/\/www.willizblog.de\/albpics\/kontrast_bandabend07.gif\" alt=\"Kontrast\" width=\"297\" height=\"53\"><\/td>\n<\/tr>\n<\/table>\n<p>Hier die Setlist des Abends (und als Video zu &#8218;bestaunen&#8216;):<\/p>\n<p><em>Intro\/Trip Away<\/em><br \/>\n<em>Early<\/em><br \/>\n<em>Vorstellung der Band\/Trust<\/em><br \/>\n<em>Way Through Life<\/em><br \/>\n<em>Jump!<\/em><\/p>\n<p><a href=\"https:\/\/www.youtube.com\/my_playlists?pi=0&#038;ps=20&#038;sf=&#038;sa=0&#038;sq=&#038;dm=0&#038;p=A0F1CADBF2D25CAF\" target=\"_blank\"><strong>Auftritt der Gruppe Kontrast<\/strong><\/a><\/p>\n<p>Okay, da muss noch kr\u00e4ftig ge\u00fcbt werden. Aber der n\u00e4chste Termin steht auch schon fest. Am Samstag, den 01.12., tritt die Gruppe &#8218;Kontrast&#8216; im <em>JUZ Tostedt<\/em> um 20 Uhr auf.<\/p>\n<p><strong>Info:<\/strong> Leider ist Max, der S\u00e4nger von <strong>Kontrast<\/strong>, erkrankt. Somit treten die Jungs am 01.12. <strong>nicht<\/strong> im JUZ Tostedt auf.<\/p>\n","protected":false},"excerpt":{"rendered":"<p>Am Freitag, den 09.11., war es wieder einmal soweit: Die Evangelische Jugend der Johanneskirche in Tostedt veranstaltete den j\u00e4hrlich stattfindenden Bandabend. Ziel des Abends: Junge Nachwuchsbands aus Tostedt und Umgebung zu f\u00f6rdern und ihnen die M\u00f6glichkeit eines Auftritts zu geben. Als erstes trat die vor knapp einem halben Jahr gegr\u00fcndete Gruppe &#8222;Kontrast&#8220; auf. Entdeckt haben &hellip; <a href=\"https:\/\/willizblog.de\/?p=1007\" class=\"more-link\"><span class=\"screen-reader-text\">Bandabend 2007 in Tostedt: Kontrast<\/span> weiterlesen <span class=\"meta-nav\">&rarr;<\/span><\/a><\/p>\n","protected":false},"author":1,"featured_media":0,"comment_status":"open","ping_status":"closed","sticky":false,"template":"","format":"standard","meta":[],"categories":[5,11],"tags":[],"_links":{"self":[{"href":"https:\/\/willizblog.de\/index.php?rest_route=\/wp\/v2\/posts\/1007"}],"collection":[{"href":"https:\/\/willizblog.de\/index.php?rest_route=\/wp\/v2\/posts"}],"about":[{"href":"https:\/\/willizblog.de\/index.php?rest_route=\/wp\/v2\/types\/post"}],"author":[{"embeddable":true,"href":"https:\/\/willizblog.de\/index.php?rest_route=\/wp\/v2\/users\/1"}],"replies":[{"embeddable":true,"href":"https:\/\/willizblog.de\/index.php?rest_route=%2Fwp%2Fv2%2Fcomments&post=1007"}],"version-history":[{"count":0,"href":"https:\/\/willizblog.de\/index.php?rest_route=\/wp\/v2\/posts\/1007\/revisions"}],"wp:attachment":[{"href":"https:\/\/willizblog.de\/index.php?rest_route=%2Fwp%2Fv2%2Fmedia&parent=1007"}],"wp:term":[{"taxonomy":"category","embeddable":true,"href":"https:\/\/willizblog.de\/index.php?rest_route=%2Fwp%2Fv2%2Fcategories&post=1007"},{"taxonomy":"post_tag","embeddable":true,"href":"https:\/\/willizblog.de\/index.php?rest_route=%2Fwp%2Fv2%2Ftags&post=1007"}],"curies":[{"name":"wp","href":"https:\/\/api.w.org\/{rel}","templated":true}]}}