{"id":10074,"date":"2017-08-28T08:52:49","date_gmt":"2017-08-28T08:52:49","guid":{"rendered":"http:\/\/willizblog.de\/?p=10074"},"modified":"2017-08-28T08:52:49","modified_gmt":"2017-08-28T08:52:49","slug":"gruss-an-den-tabellenletzten","status":"publish","type":"post","link":"https:\/\/willizblog.de\/?p=10074","title":{"rendered":"Gru\u00df an den Tabellenletzten"},"content":{"rendered":"<p>Ja, ich wei\u00df: In Hoffenheim zu verlieren, selbst zu Hause gegen die Bayern zu verlieren, ist keine Schande. Aber wer mag das noch h\u00f6ren. Klar, schon in Hoffenheim war f\u00fcr den SV Werder Bremen mehr m\u00f6glich, eine Punkteteilung vielleicht gerechter als dieses 1:0 f\u00fcr die Kraichgauer durch einen ungl\u00fccklich abgef\u00e4lschten Ball. Und gegen die Bayern hielt das Bremer Bollwerk, eine F\u00fcnferkette, immerhin bis zur 72. Minute. Dann kamen die vier herausragenden Minuten des Robert Lewandowski. Der Pole traf erst per Hackentrick (72.) nach Vorabreit von Coman und dann per Doppel-Tunnelschuss durch die Beine von Robert Bauer und Keeper Jiri Pavlenka (75.).<\/p>\n<p><img src=\"https:\/\/www.willizblog.de\/images\/werder1718_st02_bayern.jpg\" alt=\"Fu\u00dfball-Bundesliga 2017\/2018 \u2013 2. Spieltag: SV Werder \u2013 Bayern M\u00fcnchen \u2013 Abseits oder nicht?\" title=\"Fu\u00dfball-Bundesliga 2017\/2018 \u2013 2. Spieltag: SV Werder \u2013 Bayern M\u00fcnchen \u2013 Abseits oder nicht?\" \/><\/p>\n<p>Mit dieser Saison gibt es in der Fu\u00dfball-Bundesliga den Videobeweis. Noch hapert es damit, weil es vor allem keine klare Linie gibt, wann der Video-Assistent eingreifen soll. Sicherlich h\u00e4tten die Bayern einen Strafsto\u00df bekommen m\u00fcssen, als ein Bremer Mittelfeldspieler bei einem Eckball in der 41. Minute Lewandowski von hinten geschubst hatte, sodass dieser nicht zum Kopfball hochkam. Aber auch das erste Tor des Polen roch \u2013 wenigstens f\u00fcr mich \u2013 stark nach Abseits (oder etwa nicht?!).<\/p>\n<p>Ohne Tor und ohne Punkte steht der SV Werder Bremen nach zwei Spieltagen auf dem letzten Tabellenplatz. Sicherlich kein Beinbruch \u2013 und doch! Sollten die Bremer erneut nur gegen den Abstieg k\u00e4mpfen m\u00fcssen? Oder ist nach nunmehr sieben mageren Jahren endlich wieder ein fettes Jahr zu erwarten?<\/p>\n<p>Vielleicht kommt auch diesmal die L\u00e4nderspielpause (Qualifikationsspiele zur WM in Russland 2018) zur rechten Zeit. Erst am 10. September geht es f\u00fcr Werder Bremen weiter gegen die Hertha in Berlin. So k\u00f6nnte die Pause wirklich guttun, denn gegen die Bayern ging den Bremern zum Spielende doch sichtlich die Luft aus.<\/p>\n<p>Auch stellt sich die Frage, ob sich der SV Werder noch verst\u00e4rken wird. Das so genannte Transferfenster ist noch bis zum Donnerstag (31.08.) ge\u00f6ffnet. Aber ob der angesagte Mittelst\u00fcrmer Paul Onuachu vom d\u00e4nischen Club FC Midtjylland an die Weser kommt, ist zz. mehr als fraglich. Im Gegenteil besteht die Gefahr, dass f\u00fcr Werder wichtige Spieler den Verein verlassen.<\/p>\n<p>Obwohl die Bremer auf dem letzten Tabellenplatz stehen, haben sie besonders in der Abwehr zwei gute Spiele gezeigt. Gegen die Bayern standen sie sicherlich etwas zu tief in der eigenen Abwehr. Beim Umschaltspiel, das durch die sehr defensive Grundausrichtung mit dem R\u00fcckzug tief in die eigene H\u00e4lfte aber weite Wege zu \u00fcberwinden hatte, fehlte dann vorne bei Kontern oft das nachr\u00fcckende Personal oder auch die Kraft, f\u00fcr den letzten pr\u00e4zisen Pass. Hier muss Alexander Nouri, der Trainer noch etwas feilen. So kommt die L\u00e4nderspielpause dann doch recht. Gegen die Hertha werden wir mehr wissen.<\/p>\n","protected":false},"excerpt":{"rendered":"<p>Ja, ich wei\u00df: In Hoffenheim zu verlieren, selbst zu Hause gegen die Bayern zu verlieren, ist keine Schande. Aber wer mag das noch h\u00f6ren. Klar, schon in Hoffenheim war f\u00fcr den SV Werder Bremen mehr m\u00f6glich, eine Punkteteilung vielleicht gerechter als dieses 1:0 f\u00fcr die Kraichgauer durch einen ungl\u00fccklich abgef\u00e4lschten Ball. Und gegen die Bayern &hellip; <a href=\"https:\/\/willizblog.de\/?p=10074\" class=\"more-link\"><span class=\"screen-reader-text\">Gru\u00df an den Tabellenletzten<\/span> weiterlesen <span class=\"meta-nav\">&rarr;<\/span><\/a><\/p>\n","protected":false},"author":1,"featured_media":0,"comment_status":"open","ping_status":"open","sticky":false,"template":"","format":"standard","meta":[],"categories":[27],"tags":[],"_links":{"self":[{"href":"https:\/\/willizblog.de\/index.php?rest_route=\/wp\/v2\/posts\/10074"}],"collection":[{"href":"https:\/\/willizblog.de\/index.php?rest_route=\/wp\/v2\/posts"}],"about":[{"href":"https:\/\/willizblog.de\/index.php?rest_route=\/wp\/v2\/types\/post"}],"author":[{"embeddable":true,"href":"https:\/\/willizblog.de\/index.php?rest_route=\/wp\/v2\/users\/1"}],"replies":[{"embeddable":true,"href":"https:\/\/willizblog.de\/index.php?rest_route=%2Fwp%2Fv2%2Fcomments&post=10074"}],"version-history":[{"count":0,"href":"https:\/\/willizblog.de\/index.php?rest_route=\/wp\/v2\/posts\/10074\/revisions"}],"wp:attachment":[{"href":"https:\/\/willizblog.de\/index.php?rest_route=%2Fwp%2Fv2%2Fmedia&parent=10074"}],"wp:term":[{"taxonomy":"category","embeddable":true,"href":"https:\/\/willizblog.de\/index.php?rest_route=%2Fwp%2Fv2%2Fcategories&post=10074"},{"taxonomy":"post_tag","embeddable":true,"href":"https:\/\/willizblog.de\/index.php?rest_route=%2Fwp%2Fv2%2Ftags&post=10074"}],"curies":[{"name":"wp","href":"https:\/\/api.w.org\/{rel}","templated":true}]}}