{"id":10077,"date":"2017-08-29T08:43:55","date_gmt":"2017-08-29T08:43:55","guid":{"rendered":"http:\/\/willizblog.de\/?p=10077"},"modified":"2017-08-29T08:43:55","modified_gmt":"2017-08-29T08:43:55","slug":"verdieselt","status":"publish","type":"post","link":"https:\/\/willizblog.de\/?p=10077","title":{"rendered":"Verdieselt"},"content":{"rendered":"<p>Der <a href=\"https:\/\/de.wikipedia.org\/wiki\/Abgasskandal\" target=\"_blank\">Dieselskandal<\/a> verdeutlicht es nur: Die Autoindustrie muss mit manipulierten Abgaswerten arbeiten, um ihre veraltete Technik der Verbrennungsmotoren an das Volk zu bringen. So soll vorgegaukelt werden, wie umweltfreundlich z.B. Dieselfahrzeuge sind. Seit Jahren schl\u00e4ft die deutsche Autoindustrie und verpennt den technischen Fortschritt. L\u00e4ngst haben PKW-Hersteller anderer L\u00e4nder Autos mit Hybridantrieb und Elektromotoren entwickeln, w\u00e4hrend man bei uns im Land weiterhin in erster Linie auf Benziner oder Dieselmotoren setzt.<\/p>\n<p>Und die Politik bl\u00e4st in das gleiche Horn und propagiert weiterhin den Antrieb mit Diesel. Allen voran der Bundesverkehrsminister, der oberbayerische Karotr\u00e4ger <a href=\"https:\/\/de.wikipedia.org\/wiki\/Alexander_Dobrindt\" target=\"_blank\">Dobrindt<\/a>, der bis zuletzt immer f\u00fcr die Autoindustrie und gegen den Verbraucherschutz agiert hat. So blockierte er erfolgreich eine Musterfeststellungsklage f\u00fcr Verbraucher (Sammelklage). Zu Dobrindt sp\u00e4ter mehr.<\/p>\n<p><img src=\"https:\/\/www.willizblog.de\/images\/dobrindt_schrottauto.jpg\" alt=\"Verdieselt \u2013 Schrott aus dem Hause Dobrindt\" title=\"Verdieselt \u2013 Schrott aus dem Hause Dobrindt\" \/><\/p>\n<p>Die Autoindustrie ist ein wichtiges Standbein unserer Wirtschaft und sichert uns den Wohlstand. Wenn aber die Herren Vorst\u00e4nde weiterhin schlafen, dann werden sie diesen wichtigen Wirtschaftszweig gegen die Wand fahren. M\u00f6gen sie heute noch Arbeitspl\u00e4tze sichern. In einigen Jahren k\u00f6nnte es anders aussehen. In vielen L\u00e4ndern, in die deutsche Autos exportiert werden, ist bereits ein Termin f\u00fcr ein Verbot von Verbrennungsmotoren gesetzt worden. Und andere L\u00e4nder werden folgen.<\/p>\n<p>Nat\u00fcrlich l\u00e4sst sich der Bestand von global 1,1 Milliarden Verbrennerautos nicht von heute auf morgen durch E-Autos ersetzen. Und die E-Ladeinfrastruktur ist zz. mehr als unzureichend. Auch muss der erh\u00f6hte Bedarf an Strom gedeckt sein. Besonders muss auch die Entwicklung effizienterer Batterien vorangetrieben werden. Das alles geht nur sukzessiv. Wenn hier die Politik nicht die n\u00f6tigen Anreize bietet, dann sehe ich schwarz. Erneuerbare Energie und Ladestationen f\u00fcr Elektrofahrzeuge sind Grundlage f\u00fcr einen Umstieg. Sonst werden nur wenige Verbraucher E-Autos kaufen wollen. Eine von der EU angedachte Quote f\u00fcr Elektroautos allein wird die Entwicklung nicht forcieren. Und: Seehofer, Merkel und Lindner (vielleicht f\u00e4hrt er ja mit 49 Jahren seinen ersten E-Porsche?!) sind nicht die Politiker, die diesen notwendigen Umstieg vorantreiben. Der Diesel-Gipfel, der lediglich einen Software-Update vereinbarte, war allein ein Witz.<\/p>\n<p>Aber besonders Herr Dobrindt ist der falsche Mann. Neben seinem Eintreten f\u00fcr die Automobilbranche (damit f\u00fcr Verbrennungsmotoren) tat er sich besonders durch seine unselige <a href=\"https:\/\/de.wikipedia.org\/wiki\/Alexander_Dobrindt#Pkw-Maut\" target=\"_blank\">PKW-Maut<\/a> hervor. Der \u00c9rtrag daraus soll nach unabh\u00e4ngig erstellten Prognosen in einem ung\u00fcnstigen Verh\u00e4ltnis zum Aufwand dieser stehen. Dobrindt propagiert so genannte \u00d6ffentlich-Private Partnerschaften (\u00d6PP) beim Bau von Autobahnen (zur \u00d6PP habe ich mich vor geraumer Zeit <a href=\"https:\/\/willizblog.de\/?p=8848\" target=\"_blank\">in diesem Blog ge\u00e4u\u00dfert<\/a>). Jetzt droht dem privaten Autobahnbetreibers A1 mobil, ein Konsortium, das zwischen Hamburg und Bremen einen 72,5 Kilometer langen Abschnitt der A1 betreibt und der von 2008 bis 2012 sechsspurig ausgebaut wurde, die Pleite. Der Vertrag l\u00e4uft \u00fcber 30 Jahre. Finanziert werden sollte das Projekt durch anteilige Einnahmen aus der Lkw-Maut auf der Strecke &#8211; doch die fielen deutlich geringer aus als erhofft. <a href=\"http:\/\/www.heute.de\/neue-vorwuerfe-wegen-a1-mobil-pleite-seit-wann-wusste-dobrindt-bescheid-47838110.html\" target=\"_blank\">Dobrindt soll schon seit Jahren<\/a> von den Finanzproblemen der Gesellschaft gewusst haben. F\u00fcr den Steuerzahler k\u00f6nnte das noch teurer werden als bisher bekannt. Trotzdem h\u00e4lt Dobrindt an \u00d6PP-Vorhaben grunds\u00e4tzlich fest.<\/p>\n<p>Nat\u00fcrlich geht es um Arbeitspl\u00e4tze. Wenn aber die Entwicklung in einer wichtigen Wirtschaftsbranche verschlafen wird, dann geht der Schuss nach hinten los. Statt Erhalt also Abbau von Arbeitspl\u00e4tzen. Leider denkt besonders die Politik nur von Wahl zu Wahl. Und da kann es sogar passieren, dass sich selbst ein Herr Dobrindt pl\u00f6tzlich als Anwalt der Verbraucher aufspielt. Da dreht sich so mancher wie ein F\u00e4hnchen im Wind.<\/p>\n<p>Es ist \u00fcbrigens sehr erstaunlich, wie schnell einer der gr\u00f6\u00dften Wirtschaftsskandale in Deutschland unten den Tisch gekehrt wird. <strong>Bravo!<\/strong><\/p>\n","protected":false},"excerpt":{"rendered":"<p>Der Dieselskandal verdeutlicht es nur: Die Autoindustrie muss mit manipulierten Abgaswerten arbeiten, um ihre veraltete Technik der Verbrennungsmotoren an das Volk zu bringen. So soll vorgegaukelt werden, wie umweltfreundlich z.B. Dieselfahrzeuge sind. Seit Jahren schl\u00e4ft die deutsche Autoindustrie und verpennt den technischen Fortschritt. L\u00e4ngst haben PKW-Hersteller anderer L\u00e4nder Autos mit Hybridantrieb und Elektromotoren entwickeln, w\u00e4hrend &hellip; <a href=\"https:\/\/willizblog.de\/?p=10077\" class=\"more-link\"><span class=\"screen-reader-text\">Verdieselt<\/span> weiterlesen <span class=\"meta-nav\">&rarr;<\/span><\/a><\/p>\n","protected":false},"author":1,"featured_media":0,"comment_status":"open","ping_status":"open","sticky":false,"template":"","format":"standard","meta":[],"categories":[12,29],"tags":[],"_links":{"self":[{"href":"https:\/\/willizblog.de\/index.php?rest_route=\/wp\/v2\/posts\/10077"}],"collection":[{"href":"https:\/\/willizblog.de\/index.php?rest_route=\/wp\/v2\/posts"}],"about":[{"href":"https:\/\/willizblog.de\/index.php?rest_route=\/wp\/v2\/types\/post"}],"author":[{"embeddable":true,"href":"https:\/\/willizblog.de\/index.php?rest_route=\/wp\/v2\/users\/1"}],"replies":[{"embeddable":true,"href":"https:\/\/willizblog.de\/index.php?rest_route=%2Fwp%2Fv2%2Fcomments&post=10077"}],"version-history":[{"count":0,"href":"https:\/\/willizblog.de\/index.php?rest_route=\/wp\/v2\/posts\/10077\/revisions"}],"wp:attachment":[{"href":"https:\/\/willizblog.de\/index.php?rest_route=%2Fwp%2Fv2%2Fmedia&parent=10077"}],"wp:term":[{"taxonomy":"category","embeddable":true,"href":"https:\/\/willizblog.de\/index.php?rest_route=%2Fwp%2Fv2%2Fcategories&post=10077"},{"taxonomy":"post_tag","embeddable":true,"href":"https:\/\/willizblog.de\/index.php?rest_route=%2Fwp%2Fv2%2Ftags&post=10077"}],"curies":[{"name":"wp","href":"https:\/\/api.w.org\/{rel}","templated":true}]}}