{"id":10085,"date":"2017-09-07T06:41:30","date_gmt":"2017-09-07T06:41:30","guid":{"rendered":"http:\/\/willizblog.de\/?p=10085"},"modified":"2017-09-08T05:29:34","modified_gmt":"2017-09-08T05:29:34","slug":"raumklang-per-kopfhoerer","status":"publish","type":"post","link":"https:\/\/willizblog.de\/?p=10085","title":{"rendered":"Raumklang per Kopfh\u00f6rer"},"content":{"rendered":"<p>Nat\u00fcrlich hinke ich technisch der Zeit hinterher. Aber ich geh\u00f6re nun einmal nicht denen an, die sich eine blutige Nase holen, weil sie sich als <a href=\"https:\/\/de.wikipedia.org\/wiki\/Smombie\" target=\"_blank\">Smombie<\/a> ganz ihrem Smartphone hingebend gegen Laternen oder Verkehrsschilder laufen, die sich \u00fcberhaupt nur <a href=\"https:\/\/de.wikipedia.org\/wiki\/Phubbing\" target=\"_blank\">um das k\u00fcmmern<\/a>, was ihr Mobiltelefon ihnen einzufl\u00fcstern scheint. Und zu Hause sitze ich nicht vor einem viele Quadratmeter gro\u00dfen Bildschirm und lasse mich \u00fcber ein Heimkinosoundsystem berieseln.<\/p>\n<p>Okay, ich war sicherlich einer der ersten, die sich einen <a href=\"https:\/\/de.wikipedia.org\/wiki\/Beamer\" target=\"_blank\">Beamer<\/a> samt <a href=\"https:\/\/de.wikipedia.org\/wiki\/5.1\" target=\"_blank\">5.1<\/a>-Tonanlage zugelegt haben. Den Beamer gibt es immer noch und er wird demn\u00e4chst 13 Jahre alt. Nat\u00fcrlich habe ich mit meiner Frau auch einen <a href=\"https:\/\/de.wikipedia.org\/wiki\/Blu-ray_Disc\" target=\"_blank\">Blu-ray<\/a>-Player, der aber schon ziemlich eingestaubt ist.<\/p>\n<p>Im Wohnzimmer steht nat\u00fcrlich ein digitaler Flachbildschirm. Nur ist der etwas kleiner geraten als in anderen Haushalten, da er passgenau meiner Frau wegen im Schrank unterzubringen sein musste. F\u00fcr eine bessere Audiounterst\u00fctzung war da schon kein Platz mehr. Video-on-Demand-Dienste wie Netflix, Amazon (Prime) Video und wie sie alle hei\u00dfen, die Serien und Filme per Streaming dem Abonnenten \u00fcbers Internet zug\u00e4nglich machen, nutzen wir nicht. Zwar lie\u00dfe sich der Fernseher ans Internet anschlie\u00dfen, aber wenn nicht aus dem Kabelfernsehen, so f\u00fcttern wir ihn mit Videos vom USB-Stick, die ich zuvor von <a href=\"https:\/\/willizblog.de\/?p=8184\" target=\"_blank\">meinem Rechner<\/a> auf diesen kopiert habe. Diese wiederum k\u00f6nnen z.B. <a href=\"https:\/\/willizblog.de\/?p=9614\" target=\"_blank\">aus \u00d6ffentlich-rechtliche Mediatheken<\/a> stammen. Ich selbst gucke h\u00f6chstens am Wochenende im Wohnzimmer TV. Die l\u00e4ngste Zeit bleibt das Ger\u00e4t ungenutzt.<\/p>\n<p>Wenn ich Filme gucke, dann fast \u00fcberwiegend an meinem Rechner. Dieser hat zwar eine <a href=\"https:\/\/de.wikipedia.org\/wiki\/Soundkarte\" target=\"_blank\">Soundkarte<\/a>, die <a href=\"https:\/\/de.wikipedia.org\/wiki\/Mehrkanal-Tonsystem#6_Kan.C3.A4le\" target=\"_blank\">Mehrkanal-Tonsysteme wie 5.1<\/a> <a href=\"https:\/\/de.wikipedia.org\/wiki\/Dolby_Digital\" target=\"_blank\">Dolby Digital<\/a> oder <a href=\"https:\/\/de.wikipedia.org\/wiki\/DTS\" target=\"_blank\">DTS<\/a> unterst\u00fctzt, aber ich habe nur zwei kleine Lautsprecher angeschlossen, habe also lediglich Stereoton. Ich \u00fcberlegte aber schon lange, ob es nicht m\u00f6glich ist, z.B. ein Audiosystem mit sechs Kan\u00e4len (5.1) in einem Kopfh\u00f6rer anzubieten. Schon fr\u00fcher habe ich danach im Internet gesucht, aber nur Kopfh\u00f6rer (oder genauer: Headsets) f\u00fcr Spielkonsolen gefunden, nicht f\u00fcr den PC.<\/p>\n<p>Ich habe nun neben vielen Videos auf DVD (und wenigen auf Blu-ray) auch <a href=\"https:\/\/willizblog.de\/?s=surround\" target=\"_blank\">viel Musik<\/a> (spezielle Audio-CDs), die z.B. mit 5.1 im DTS-System abgemischt sind, verf\u00fcgbar, die ich nicht nur k\u00e4uflich erworben, sondern auch aus dem Netz gefischt habe (da sie k\u00e4uflich nicht zu erwerben waren). Ich habe aber keine gro\u00dfe Lust, im Keller (in meinem Arbeitszimmer aus Platzgr\u00fcnden schon gar nicht) die Ger\u00e4tschaften f\u00fcr 5.1-Unterst\u00fctzung aufzubauen. Den Keller nutzt meine Frau schon f\u00fcr andere Dinge.<\/p>\n<p>Irgendwie fielen mir in diesen Tagen mehrere <a href=\"https:\/\/de.wikipedia.org\/wiki\/DTS\" target=\"_blank\">DTS<\/a>-CDs von <a href=\"https:\/\/willizblog.de\/?s=zappa\" target=\"_blank\">Frank Zappa<\/a> in die H\u00e4nde. Gut, mit dem <a href=\"https:\/\/willizblog.de\/?s=vlc\" target=\"_blank\">VLC-Media Player<\/a> lassen sich diese CDs auch \u00fcber die Stereo-Lautsprecher am PC abspielen. Immerhin das. Aber pl\u00f6tzlich (und unerwartet) \u00fcberfiel mich das unb\u00e4ndige Verlangen, dieser Musik auch einmal im Sechskanalton (5.1) zu lauschen. Also guckte ich im Internet erneut nach \u2013 und wurde endlich f\u00fcndig. Ja, es gibt jetzt Kopfh\u00f6rer (Headsets), die auch an die Soundkarte eines PCs angeschlossen werden k\u00f6nnen. Und selbst wer keine solche mit 5.1-Unterst\u00fctzung hat, wird u.a. von einer Firma aus Hamburg bedient.<\/p>\n<p>Nur so nebenbei. Die Firma hei\u00dft <a href=\"https:\/\/www.roccat.org\/de-DE\/Home\/Overview\/\" target=\"_blank\">Roccat<\/a> und bedient den Gamer-Markt mit allerlei Hardware. <em>\u201eWahre Gamer schw\u00f6ren auf die individuell konfigurierbaren M\u00e4use, Tastaturen und Kopfh\u00f6rer von Roccat. Die Expertenjury des Deutschen Gr\u00fcnderpreises war begeistert von den innovativen Produkten, die Branchenstandards neu definieren. Damit holten sich die Hamburger die Nominierung f\u00fcr den Deutschen Gr\u00fcnderpreis 2016 in der Kategorie Aufsteiger.\u201c<\/em> (Quelle: <a href=\"https:\/\/www.deutscher-gruenderpreis.de\/preistraeger\/2016\/roccat\/\" target=\"_blank\">deutscher-gruenderpreis.de<\/a>).<\/p>\n<ul><img src=\"https:\/\/www.willizblog.de\/images\/kopfhoerer51overear.jpg\" alt=\"Roccat Kave XTD 5.1 Analog bzw. Digital Headset\" title=\"Roccat Kave XTD 5.1 Analog bzw. Digital Headset\" \/><\/ul>\n<p>Zur\u00fcck zu den 5.1-Kopfh\u00f6rern. Wer lediglich eine stinknormale Soundkarte hat, kann sich das <a target=\"_blank\" href=\"https:\/\/www.amazon.de\/gp\/product\/B00FEDP968\/ref=as_li_tl?ie=UTF8&#038;camp=1638&#038;creative=6742&#038;creativeASIN=B00FEDP968&#038;linkCode=as2&#038;tag=familiealbin-21&#038;linkId=a219b0ce08d507b13cdf6ae4d9d51822\"><strong>Roccat Kave XTD Digital Premium 5.1 Surround Headset<\/strong><\/a><img loading=\"lazy\" src=\"\/\/ir-de.amazon-adsystem.com\/e\/ir?t=familiealbin-21&#038;l=am2&#038;o=3&#038;a=B00FEDP968\" width=\"1\" height=\"1\" border=\"0\" alt=\"\" style=\"border:none !important; margin:0px !important;\" \/> kaufen, in dem eine eigene Soundkarte integriert ist und lediglich mit USB an den Rechner anzuschlie\u00dfen ist. G\u00fcnstiger ist es, wenn man schon eine Soundkarte mit 5.1-Unterst\u00fctzung hat. So habe ich mir das <a target=\"_blank\" href=\"https:\/\/www.amazon.de\/gp\/product\/B00UHRXTM2\/ref=as_li_tl?ie=UTF8&#038;camp=1638&#038;creative=6742&#038;creativeASIN=B00UHRXTM2&#038;linkCode=as2&#038;tag=familiealbin-21&#038;linkId=23a1509ba497cdcb46ddba2c3548cee6\"><strong>Roccat Kave XTD 5.1 Analog Headset<\/strong><\/a><img loading=\"lazy\" src=\"\/\/ir-de.amazon-adsystem.com\/e\/ir?t=familiealbin-21&#038;l=am2&#038;o=3&#038;a=B00UHRXTM2\" width=\"1\" height=\"1\" border=\"0\" alt=\"\" style=\"border:none !important; margin:0px !important;\" \/> zugelegt. Da ich das Mikrofon nicht brauche, habe ich es abgenommen und nutze nur den Kopfh\u00f6rer.<\/p>\n<ul><img src=\"https:\/\/www.willizblog.de\/images\/kopfhoerer51buchsen.jpg\" alt=\"Verbindung des Kopfh\u00f6rers mit der Soundkarte und dem Rechner (USB)\" title=\"Verbindung des Kopfh\u00f6rers mit der Soundkarte und dem Rechner (USB)\" \/><\/ul>\n<p>Angeschlossen wird dieser Kopfh\u00f6rer nun mit drei 3,5 mm <a href=\"https:\/\/de.wikipedia.org\/wiki\/Klinkenstecker\" target=\"_blank\">Klinkenstecker<\/a>: <em>gr\u00fcn<\/em> ist f\u00fcr die beiden Frontkan\u00e4le \u2013 <em>schwarz<\/em> f\u00fcr die Rearkan\u00e4le (R\u00fccklautsprecher) \u2013 <em>orange<\/em> f\u00fcr den Centerkanal und f\u00fcr den <a href=\"https:\/\/de.wikipedia.org\/wiki\/Subwoofer\" target=\"_blank\">Subwoofer<\/a> \u2013 an die Soundkarte. Der rosafarbene Stecker ist f\u00fcrs Mikrofon, wenn man dieses ben\u00f6tigen sollte. Da der Lautsprecher Strom braucht, so hat er noch einen USB-Anschluss, den man einfach nur noch in eine freie USB-Buchse steckt. Nat\u00fcrlich muss der 5.1-Surround-Sound im Soundkartentreiber aktiviert werden. Meist reagiert der Rechner automatisch darauf, wenn Steckerverbindungen gezogen oder neu gesteckt werden. Am besten ist es, wenn die Stecker nach und nach gest\u00f6pselt werden.<\/p>\n<p>Sicherlich kann man f\u00fcr das Geld (f\u00fcrs analog betriebene Headset habe ich knapp 77 \u20ac gezahlt \u2013 das digitale Headset mit eingebauter Soundkarte kostet etwa das Doppelte) keine Wunder erwarten. Bevor man wirklich in den Genuss eines abgerundeten r\u00e4umlichen Klangbildes kommt, muss der Kopfh\u00f6rer\/Headset erst einmal nach den eigenen Vorstellungen konfiguriert werden. Vorsicht bei der ersten Inbetriebnahme: Am Bedienteil f\u00fcr den Kopfh\u00f6rer l\u00e4sst sich die Lautst\u00e4rke insgesamt (der l\u00e4ngliche Regler) und auch einzeln f\u00fcr die Kanale (Rear, Front, Center und Subwoofer) einstellen. Vielleicht auch die Masterlautst\u00e4rke des Betriebssystems (Systemsteuerung \u2013 Audio) erst einmal herunterdrehen. Als Player f\u00fcr eigentlich alle Medien (DVD, Audio-CD und einzelne Dateien) benutze ich \u2013 wie erw\u00e4hnt \u2013 den <a href=\"https:\/\/willizblog.de\/?s=vlc\" target=\"_blank\">VLC-Mediaplayer<\/a>. Hier l\u00e4sst sich \u00fcber Werkzeuge \u2013 Effekte und Filter mit dem Equalizer unter Audioeffekte der Klang sehr gut regulieren. Das kostet zwar etwas Zeit, lohnt sich aber am Ende.<\/p>\n<p>Wie geschrieben: keine Wunder erwarten. Aber wenn man sich die Zeit f\u00fcr die Klang- und Lautst\u00e4rkeeinstellungen nimmt, dann kann man schon einen sehr ansprechenden Ton aus den Kopfh\u00f6rern herauskitzeln. Ich bin auf jeden Fall zufrieden.<\/p>\n<p>Ein Tipp am Rande: Ich will nat\u00fcrlich nicht immer die Kopfh\u00f6rer benutzen, sondern auch die Lautsprecher. Da ich keine Lust habe, laufend die Stecker umzust\u00f6pseln, benutze ich den <a target=\"_blank\" href=\"https:\/\/www.amazon.de\/gp\/product\/B003LEJK4Y\/ref=as_li_tl?ie=UTF8&#038;camp=1638&#038;creative=6742&#038;creativeASIN=B003LEJK4Y&#038;linkCode=as2&#038;tag=familiealbin-21&#038;linkId=24d2b1e5dcfb173c4c122a79da6e4fb7\"><strong>Hama Kopfh\u00f6rer-Adapter &#8222;AluLine&#8220; (3,5 mm Klinkenstecker &#8211; 2 x 3,5 mm Klinkenkupplung)<\/strong><\/a><img loading=\"lazy\" src=\"\/\/ir-de.amazon-adsystem.com\/e\/ir?t=familiealbin-21&#038;l=am2&#038;o=3&#038;a=B003LEJK4Y\" width=\"1\" height=\"1\" border=\"0\" alt=\"\" style=\"border:none !important; margin:0px !important;\" \/>. Den stecke ich in die Klinkenbuchse f\u00fcr die beiden Frontlautsprecher (gr\u00fcn) und verbinde diesen mit dem entsprechenden Klinkenstecker f\u00fcr den Kopfh\u00f6rer einerseits und andererseits dem f\u00fcr die Lautsprecher. Benutze ich den Kopfh\u00f6rer nicht, dann ziehe ich einfach das USB-Kabel f\u00fcr die Stromversorgung des Kopfh\u00f6rers. Mit drei solchen Adaptern kann man dann sogar zwei Kopfh\u00f6rer anschlie\u00dfen (wenn man das Kabelged\u00f6ns nicht scheut).<\/p>\n<p>Man g\u00f6nnt sich ja sonst nichts. Wer wie ich so viel an \u201aMaterial\u2018 an 5.1-Videos und Musik hat und seinen Lieben nicht auf den akustischen Nerv gehen m\u00f6chte, f\u00fcr den lohnt sich eine solche Anschaffung ohne Zweifel. Und f\u00fcr Gamertypen (mein j\u00fcngerer Sohn kennt die Firma Roccat nat\u00fcrlich) wahrscheinlich sowieso.<\/p>\n<p><script type=\"text\/javascript\">amzn_assoc_ad_type =\"responsive_search_widget\"; amzn_assoc_tracking_id =\"familiealbin-21\"; amzn_assoc_marketplace =\"amazon\"; amzn_assoc_region =\"DE\"; amzn_assoc_placement =\"\"; amzn_assoc_search_type = \"search_widget\";amzn_assoc_width =\"auto\"; amzn_assoc_height =\"auto\"; amzn_assoc_default_search_category =\"\"; amzn_assoc_default_search_key =\"Kopfh\u00f6rer 5.1 PC\";amzn_assoc_theme =\"light\"; amzn_assoc_bg_color =\"FFFFFF\"; <\/script><script src=\"\/\/z-eu.amazon-adsystem.com\/widgets\/q?ServiceVersion=20070822&#038;Operation=GetScript&#038;ID=OneJS&#038;WS=1&#038;Marketplace=DE\"><\/script><\/p>\n<p><script type=\"text\/javascript\">amzn_assoc_ad_type =\"responsive_search_widget\"; amzn_assoc_tracking_id =\"familiealbin-21\"; amzn_assoc_marketplace =\"amazon\"; amzn_assoc_region =\"DE\"; amzn_assoc_placement =\"\"; amzn_assoc_search_type = \"search_widget\";amzn_assoc_width =\"auto\"; amzn_assoc_height =\"auto\"; amzn_assoc_default_search_category =\"\"; amzn_assoc_default_search_key =\"Soundkarte 5.1\";amzn_assoc_theme =\"light\"; amzn_assoc_bg_color =\"FFFFFF\"; <\/script><script src=\"\/\/z-eu.amazon-adsystem.com\/widgets\/q?ServiceVersion=20070822&#038;Operation=GetScript&#038;ID=OneJS&#038;WS=1&#038;Marketplace=DE\"><\/script><\/p>\n","protected":false},"excerpt":{"rendered":"<p>Nat\u00fcrlich hinke ich technisch der Zeit hinterher. Aber ich geh\u00f6re nun einmal nicht denen an, die sich eine blutige Nase holen, weil sie sich als Smombie ganz ihrem Smartphone hingebend gegen Laternen oder Verkehrsschilder laufen, die sich \u00fcberhaupt nur um das k\u00fcmmern, was ihr Mobiltelefon ihnen einzufl\u00fcstern scheint. Und zu Hause sitze ich nicht vor &hellip; <a href=\"https:\/\/willizblog.de\/?p=10085\" class=\"more-link\"><span class=\"screen-reader-text\">Raumklang per Kopfh\u00f6rer<\/span> weiterlesen <span class=\"meta-nav\">&rarr;<\/span><\/a><\/p>\n","protected":false},"author":1,"featured_media":0,"comment_status":"open","ping_status":"open","sticky":false,"template":"","format":"standard","meta":[],"categories":[8],"tags":[449,452,451,450,453,454],"_links":{"self":[{"href":"https:\/\/willizblog.de\/index.php?rest_route=\/wp\/v2\/posts\/10085"}],"collection":[{"href":"https:\/\/willizblog.de\/index.php?rest_route=\/wp\/v2\/posts"}],"about":[{"href":"https:\/\/willizblog.de\/index.php?rest_route=\/wp\/v2\/types\/post"}],"author":[{"embeddable":true,"href":"https:\/\/willizblog.de\/index.php?rest_route=\/wp\/v2\/users\/1"}],"replies":[{"embeddable":true,"href":"https:\/\/willizblog.de\/index.php?rest_route=%2Fwp%2Fv2%2Fcomments&post=10085"}],"version-history":[{"count":0,"href":"https:\/\/willizblog.de\/index.php?rest_route=\/wp\/v2\/posts\/10085\/revisions"}],"wp:attachment":[{"href":"https:\/\/willizblog.de\/index.php?rest_route=%2Fwp%2Fv2%2Fmedia&parent=10085"}],"wp:term":[{"taxonomy":"category","embeddable":true,"href":"https:\/\/willizblog.de\/index.php?rest_route=%2Fwp%2Fv2%2Fcategories&post=10085"},{"taxonomy":"post_tag","embeddable":true,"href":"https:\/\/willizblog.de\/index.php?rest_route=%2Fwp%2Fv2%2Ftags&post=10085"}],"curies":[{"name":"wp","href":"https:\/\/api.w.org\/{rel}","templated":true}]}}