{"id":10091,"date":"2017-09-11T11:01:17","date_gmt":"2017-09-11T11:01:17","guid":{"rendered":"http:\/\/willizblog.de\/?p=10091"},"modified":"2017-09-11T11:06:13","modified_gmt":"2017-09-11T11:06:13","slug":"hoellentalangerhuette-2002-und-2017","status":"publish","type":"post","link":"https:\/\/willizblog.de\/?p=10091","title":{"rendered":"H\u00f6llentalangerh\u00fctte 2002 und 2017"},"content":{"rendered":"<p>Neben den Satiresendungen <em>extra 3<\/em> und <em>Heute-Show<\/em> schaue ich in gro\u00dfer Regelm\u00e4\u00dfigkeit auch die Sendung <a href=\"http:\/\/www.br.de\/br-fernsehen\/sendungen\/quer\/index.html\" target=\"_blank\">Quer<\/a> vom Bayerischen Rundfunk. Wie <a href=\"http:\/\/www.br.de\/br-fernsehen\/sendungen\/quer\/christoph-suess\/index.html\" target=\"_blank\">Christoph S\u00fc\u00df<\/a> diese Sendung moderiert, ist einfach k\u00f6stlich. In der Sendung vom 7. September 2017 ging es u.a. um die Frage: Wie viel Komfort vertr\u00e4gt der Berg? Dreh- und Angelpunkt war dabei die <a href=\"https:\/\/de.wikipedia.org\/wiki\/H%C3%B6llentalangerh%C3%BCtte\" target=\"_blank\">H\u00f6llentalangerh\u00fctte<\/a>, unterhalb vom Waxenstein und der <a href=\"https:\/\/willizblog.de\/?s=zugspitze\" target=\"_blank\">Zugspitze<\/a> gelegen. F\u00fcr mich (und meine Familie) hat diese Almh\u00fctte eine besondere Bedeutung.<\/p>\n<p>2002 war ich n\u00e4mlich mit meiner Familie in Grainau an der Zugspitze in Urlaub. So besuchten wir dort auch die <a href=\"https:\/\/de.wikipedia.org\/wiki\/H%C3%B6llental_(Wetterstein)#Klamm\" target=\"_blank\">H\u00f6llentalklamm<\/a> und die dahinter liegende H\u00f6llentalangerh\u00fctte. Die H\u00fctte liegt in 1387 m H\u00f6he und ist \u00fcber Hammersbach, einen Ortsteil von Grainau, und der H\u00f6llentalklamm zu erreichen. <a href=\"https:\/\/www.outdooractive.com\/de\/bergtour\/zugspitz-region\/durch-die-hoellentalklamm-zur-hoellentalangerhuette\/1397821\/\" target=\"_blank\">Der Weg dorthin<\/a> ist auch f\u00fcr Familien (wie die meine) gut zu begehen. Landschaftlich einfach wundersch\u00f6n, ja geradezu atemberaubend.<\/p>\n<p><img src=\"https:\/\/www.willizblog.de\/images\/grainau2002_hoellentalangerhuette01.jpg\" alt=\"H\u00f6llental(anger)h\u00fctte 2002\" title=\"H\u00f6llental(anger)h\u00fctte 2002\" \/><\/p>\n<p>Damals vor nun 15 Jahren stand da noch die 1893 erbaute H\u00fctte, ein durchweg uriger Holzbau, sicherlich sehr spartanisch eingerichtet mit einer sehr \u00fcbersichtlichen Speisekarte. Meine damals elf- bzw. achtj\u00e4hrigen S\u00f6hne a\u00dfen z.B. Spaghetti mit Tomatenso\u00dfe \u2013 wie das Foto zeigt.<\/p>\n<p><img src=\"https:\/\/www.willizblog.de\/images\/grainau2002_hoellentalangerhuette02.jpg\" alt=\"H\u00f6llental(anger)h\u00fctte 2002 von Innen\" title=\"H\u00f6llental(anger)h\u00fctte 2002 von Innen\" \/><\/p>\n<p>Die <a href=\"https:\/\/www.davplus.de\/hoellentalangerhuette\" target=\"_blank\">H\u00f6llentalangerh\u00fctte<\/a> ist f\u00fcr erfahrene Bergsteiger der ideale Ausgangspunkt, um die Zugspitze von ihrer anspruchsvollen Seite \u00fcber die ber\u00fchmte H\u00f6llentalroute zu besteigen. Aber auch f\u00fcr bergbegeisterte Familien \u2013 wie gesagt &#8211; ist sie ein au\u00dfergew\u00f6hnliches Ziel f\u00fcr Tagestouren oder ein Wanderst\u00fctzpunkt.<\/p>\n<p>Die urspr\u00fcngliche H\u00f6llentalangerh\u00fctte musste 2013 abgerissen werden, da sie nicht mehr den heutigen Anforderungen an Brandschutz, den Arbeitsst\u00e4ttenrichtlinien oder den hygienischen Anforderungen aus dem Lebensmittelrecht entsprach. An ihrer Stelle wurde 2014\u201315 die neue H\u00f6llentalangerh\u00fctte gebaut. Im Rahmen des vollst\u00e4ndigen Abrisses 2013 wurde das Blockhaus, die \u201eUrzelle\u201c der H\u00fctte, zun\u00e4chst eingelagert, im Au\u00dfengel\u00e4nde des <a href=\"https:\/\/de.wikipedia.org\/wiki\/Alpines_Museum_(M%C3%BCnchen)\" target=\"_blank\">Alpinen Museums M\u00fcnchen<\/a> wieder aufgebaut und im M\u00e4rz 2017 mitsamt historischer Einrichtung der \u00d6ffentlichkeit zug\u00e4nglich gemacht. Immerhin das!<\/p>\n<p><img src=\"https:\/\/www.willizblog.de\/images\/grainau2017_hoellentalangerhuette03.jpg\" alt=\"H\u00f6llentalangerh\u00fctte Neubau Juni 2017\" title=\"H\u00f6llentalangerh\u00fctte Neubau Juni 2017\" \/><\/p>\n<p>Die Meinungen gehen nat\u00fcrlich sehr weit auseinander, was die Notwendigkeit eines Neubaus betrifft. Ich selbst bin traurig, da die alte H\u00fctte gerade einen ihrer Einfachheit halber besonderen Charme hatte. Sie zu besuchen entsprach einer Reise in die Zeit vor \u00fcber 100 Jahren. Muss es wirklich sein, dass selbst in die Wildnis der Alpen so viel Komfort getragen werden muss? Was meint Ihr?<\/p>\n<p>Hier der Beitrag des BR aus der Sendung Quer vom 07.09.2017 \u2013 einschl. einiger Fotos und Videosequenzen von unserem Aufenthalt dort im Jahr 2002.<\/p>\n<p><iframe loading=\"lazy\" width=\"560\" height=\"315\" src=\"https:\/\/www.youtube.com\/embed\/egZuXAomVbg\" frameborder=\"0\" allowfullscreen><\/iframe><br \/>\nH\u00f6llentalangerh\u00fctte 2002 und 2017: Almh\u00fctten im Wandel<\/p>\n<p>Wen es interessiert: Der Bayerische Rundfunk (BR) brachte eine ausf\u00fchrliche Sendung zum Neubau der H\u00f6llentalangerh\u00fctte \u2013 wie folgt zu sehen ist:<\/p>\n<p><iframe loading=\"lazy\" width=\"560\" height=\"315\" src=\"https:\/\/www.youtube.com\/embed\/5uoWMpRMPk4\" frameborder=\"0\" allowfullscreen><\/iframe><br \/>\nDie H\u00f6llentalangerh\u00fctte &#8211; Der Neubau &#8211; BR Fernsehen<\/p>\n<p>Die Berge um Garmisch-Partenkirchen und Grainau bieten immer mehr Attraktionen wie z.B. die <a href=\"https:\/\/www.willizblog.de\/?p=5817\" target=\"_blank\">Aussichtsplattform AlpspiX<\/a> zwischen Himmel und H\u00f6llental. Und zum 21. Dezember soll dann auch die neue, nur noch mit einer Stahlst\u00fctze getragene <a href=\"https:\/\/de.wikipedia.org\/wiki\/Eibsee-Seilbahn#Neubau\" target=\"_blank\">Eibsee-Seilbahn<\/a> er\u00f6ffnet werden. Mit 127 Metern wird diese St\u00fctze die europaweit h\u00f6chste sein.<\/p>\n","protected":false},"excerpt":{"rendered":"<p>Neben den Satiresendungen extra 3 und Heute-Show schaue ich in gro\u00dfer Regelm\u00e4\u00dfigkeit auch die Sendung Quer vom Bayerischen Rundfunk. Wie Christoph S\u00fc\u00df diese Sendung moderiert, ist einfach k\u00f6stlich. In der Sendung vom 7. September 2017 ging es u.a. um die Frage: Wie viel Komfort vertr\u00e4gt der Berg? Dreh- und Angelpunkt war dabei die H\u00f6llentalangerh\u00fctte, unterhalb &hellip; <a href=\"https:\/\/willizblog.de\/?p=10091\" class=\"more-link\"><span class=\"screen-reader-text\">H\u00f6llentalangerh\u00fctte 2002 und 2017<\/span> weiterlesen <span class=\"meta-nav\">&rarr;<\/span><\/a><\/p>\n","protected":false},"author":1,"featured_media":0,"comment_status":"open","ping_status":"open","sticky":false,"template":"","format":"standard","meta":[],"categories":[10,20],"tags":[462,458,463,459,457,456,455,461,460],"_links":{"self":[{"href":"https:\/\/willizblog.de\/index.php?rest_route=\/wp\/v2\/posts\/10091"}],"collection":[{"href":"https:\/\/willizblog.de\/index.php?rest_route=\/wp\/v2\/posts"}],"about":[{"href":"https:\/\/willizblog.de\/index.php?rest_route=\/wp\/v2\/types\/post"}],"author":[{"embeddable":true,"href":"https:\/\/willizblog.de\/index.php?rest_route=\/wp\/v2\/users\/1"}],"replies":[{"embeddable":true,"href":"https:\/\/willizblog.de\/index.php?rest_route=%2Fwp%2Fv2%2Fcomments&post=10091"}],"version-history":[{"count":0,"href":"https:\/\/willizblog.de\/index.php?rest_route=\/wp\/v2\/posts\/10091\/revisions"}],"wp:attachment":[{"href":"https:\/\/willizblog.de\/index.php?rest_route=%2Fwp%2Fv2%2Fmedia&parent=10091"}],"wp:term":[{"taxonomy":"category","embeddable":true,"href":"https:\/\/willizblog.de\/index.php?rest_route=%2Fwp%2Fv2%2Fcategories&post=10091"},{"taxonomy":"post_tag","embeddable":true,"href":"https:\/\/willizblog.de\/index.php?rest_route=%2Fwp%2Fv2%2Ftags&post=10091"}],"curies":[{"name":"wp","href":"https:\/\/api.w.org\/{rel}","templated":true}]}}