{"id":10096,"date":"2017-09-13T09:47:37","date_gmt":"2017-09-13T09:47:37","guid":{"rendered":"http:\/\/willizblog.de\/?p=10096"},"modified":"2017-09-13T09:47:37","modified_gmt":"2017-09-13T09:47:37","slug":"urlaub-auf-der-hallig-hooge-6-dit-un-dat","status":"publish","type":"post","link":"https:\/\/willizblog.de\/?p=10096","title":{"rendered":"Urlaub auf der Hallig Hooge (6): Dit un dat"},"content":{"rendered":"<p>Wer eine Reise tut, der kann etwas erleben. Wer die <a href=\"https:\/\/de.wikipedia.org\/wiki\/Hallig\" target=\"_blank\">Hallig<\/a> <a href=\"https:\/\/de.wikipedia.org\/wiki\/Hooge\" target=\"_blank\">Hooge<\/a> besucht, findet Ruhe. So und so kann der Reisende etwas erz\u00e4hlen. Von Hooge sind es die kleinen, vielleicht etwas kuriosen Dinge, die meine Frau und mich w\u00e4hrend unseres Urlaubs im August zum Schmunzeln gebracht haben und von daher erz\u00e4hlenswert sind.<\/p>\n<p>Zun\u00e4chst ist da nat\u00fcrlich die M\u00f6we, die auf einem Holzpfahl am F\u00e4hrhafen sitzt. Ein beliebtes Motiv der Nordseereisenden, dem auch wir uns nicht zu entziehen wagten. Statt der allzeit beliebten Katzenfotos hier also ein M\u00f6wenfoto:<\/p>\n<p><img src=\"https:\/\/www.willizblog.de\/images\/hooge2017_moewe.jpg\" alt=\"Hallig Hooge 2017: M\u00f6we auf Holzpfahl\" title=\"Hallig Hooge 2017: M\u00f6we auf Holzpfahl\" \/><\/p>\n<p>Auf den <a href=\"https:\/\/de.wikipedia.org\/wiki\/Warft\" target=\"_blank\">Warften<\/a> ist es verboten, mit dem Fahrrad zu fahren. Das gilt nat\u00fcrlich auch f\u00fcr alle anderen, insbesondere motorisierten Fahrzeuge. Dort gibt es n\u00e4mlich nur schmale, kurze Wege, die gerade f\u00fcr Fu\u00dfg\u00e4nger gen\u00fcgen. Au\u00dferhalb der Warften sind auf Hooge (wie z.B. auch auf Langene\u00df) Fahrzeuge so ziemlich aller Art durchaus erlaubt. Damit die Radler ihre R\u00e4der abstellen k\u00f6nnen, gibt es \u201aParkpl\u00e4tze\u2018 f\u00fcr Fahrr\u00e4der mit dem dezenten Hinweis: \u201aFahrrad hier abstellen\u2018. Ohne Ausrufungszeichen! Das soll aber hei\u00dfen, das Fahrrad auf der Warft nicht zu benutzen. So kommen die Hooger auch ohne Verbotsschilder aus.<\/p>\n<p><img src=\"https:\/\/www.willizblog.de\/images\/hooge2017_fahrradparkplatz.jpg\" alt=\"Hallig Hooge 2017: Fahrradparkplatz\" title=\"Hallig Hooge 2017: Fahrradparkplatz\" \/><\/p>\n<p>Auf Hooge gibt es auch einen Postboten. Zu seinen Aufgaben geh\u00f6rt es nat\u00fcrlich auch, all die Briefk\u00e4sten zu entleeren, die es auf der Hallig gibt. Jede Warft hat seinen eigenen Briekasten. Und davon gibt es zehn (zehn bewohnte Warften = zehn Briefk\u00e4sten). Wie wir schon auf anderen Inseln und Halligen gesehen haben (z.B. auf <a href=\"https:\/\/willizblog.de\/?p=1984\" target=\"_blank\">Neuwerk 2009<\/a>) sind die Leerungszeiten \u201egezeitenabh\u00e4ngig\u201c. So auch hier. Auf der Ockel\u00fctzwarft, auf der sich auch die Schule befindet, ist der Briefkasten weithin sichtbar aufgestellt. Diese Warft ist ziemlich mittig auf der Hallig und der Standort des Briefkastens beantwortet manchem Gast die Frage, wo denn der n\u00e4chste Briefkasten ist, um die Postkarten an die Lieben daheim loszuwerden (Postkarten und Briefmarken gibt es u.a. beim Halligkaufmann auf der Hanswarft).<\/p>\n<p><img src=\"https:\/\/www.willizblog.de\/images\/hooge2017_briefkasten.jpg\" alt=\"Hallig Hooge 2017: Briefkasten auf der Ockel\u00fctzwarft\" title=\"Hallig Hooge 2017: Briefkasten auf der Ockel\u00fctzwarft\" \/><\/p>\n<p>Da wir speziell bei den Warften sind. Eine Besonderheit besteht darin, dass der Halligboden kein S\u00fc\u00dfwasser speichert, sodass es auf den Halligen au\u00dfer Regenwasser kein nat\u00fcrliches S\u00fc\u00dfwasser gibt. Fr\u00fcher wurde deswegen das Regenwasser in den <a href=\"https:\/\/de.wikipedia.org\/wiki\/Fething\" target=\"_blank\">Fethingen<\/a> gesammelt, die in der Regel als Viehtr\u00e4nke dienten und den Eindruck eines normalen Teichs erwecken. Meist wurden sie an der h\u00f6chsten Stelle angelegt, also etwa in der Mitte der Warft. Solche Fethingen gibt es nat\u00fcrlich auch heute noch. Sie haben mehr dekorativen Charakter. Hier ein solcher Fething von der Hanswarft.<\/p>\n<p><img src=\"https:\/\/www.willizblog.de\/images\/hooge2017_fething.jpg\" alt=\"Hallig Hooge 2017: Fething auf der Hanswarft\" title=\"Hallig Hooge 2017: Fething auf der Hanswarft\" \/><\/p>\n<p>Unsere kleine Kuriosit\u00e4tensammlung geht weiter: Meine Frau und ich haben viele Schafe und Rinder gesehen, die sich ihr Fell an Z\u00e4unen kratzten. Wen\u2019s juckt, der kratze sich! Neben der Westerwarft fanden wir dann einen ganz speziellen Kratzbaum f\u00fcr Rinder. Da h\u00e4tte selbst ich mich kratzen m\u00f6gen, wenn\u2019s Fell gejuckt h\u00e4tte.<\/p>\n<p><img src=\"https:\/\/www.willizblog.de\/images\/hooge2017_rinderkratzbaum.jpg\" alt=\"Hallig Hooge 2017: Kratzbaum f\u00fcr Rinder\" title=\"Hallig Hooge 2017: Kratzbaum f\u00fcr Rinder\" \/><\/p>\n<p>Tief buddeln ist wohl auf einer Hallig nicht m\u00f6glich. So liegen z.B. die ben\u00f6tigten Kabel f\u00fcr die Stromversorgung nicht allzu tief in der Erde. Da kann es dann schon sein, dass ein <em>Kabel einen Graben<\/em> (eigentlich <a href=\"https:\/\/de.wikipedia.org\/wiki\/Priel\" target=\"_blank\">Priel<\/a>) <em>kreuzt<\/em>. Klingt nach <a href=\"https:\/\/de.wikipedia.org\/wiki\/Alliteration\" target=\"_blank\">Alliteration<\/a>. Von daher schon erw\u00e4hnenswert.<\/p>\n<p><img src=\"https:\/\/www.willizblog.de\/images\/hooge2017_kabel_kreuzt_graben.jpg\" alt=\"Hallig Hooge 2017: Kabel kreuzt Graben\" title=\"Hallig Hooge 2017: Kabel kreuzt Graben\" \/><\/p>\n<p>Eigentlich sollten die Hooger <a href=\"https:\/\/de.wikipedia.org\/wiki\/Friesische_Sprachen\" target=\"_blank\">friesisch<\/a>, genauer <a href=\"https:\/\/de.wikipedia.org\/wiki\/Friesische_Sprachen#Nordfriesisch\" target=\"_blank\">nordfriesisch<\/a> sprechen. Aber das <a href=\"https:\/\/de.wikipedia.org\/wiki\/Niederdeutsche_Sprache\" target=\"_blank\">Plattdeutsche<\/a> hat auch hier weitestgehend die <a href=\"https:\/\/de.glosbe.com\/de\/fy\" target=\"_blank\">eigentliche Mundart<\/a> abgel\u00f6st. Und nat\u00fcrlich Hochdeutsch. Ich komme darauf, weil ich hier auf einen plattdeutschen Begriff zur\u00fcckkommen m\u00f6chte. An der Nordsee im Friesischen hat man eine Vorliebe f\u00fcr Alkoholisches mit Eiern: Eiergrog bzw. Eierpunsch oder Eierlik\u00f6r. Nun bezeichnet man umgangssprachlich die m\u00e4nnlichen Hoden auch gern als Eier. Auf Plattdeutsch hei\u00dfen sie <a href=\"https:\/\/de.wiktionary.org\/wiki\/Kl%C3%B6ten\" target=\"_blank\">Kl\u00f6ten<\/a>, denn Ei und Eier bleiben Ei und Eier. Nun, der Begriff, auf den ich hier zu sprechen komme, hei\u00dft <em>Kl\u00f6tenk\u00f6m<\/em>. Wobei <a href=\"https:\/\/de.wikipedia.org\/wiki\/K%C3%B6m\" target=\"_blank\">K\u00f6m<\/a> ein Schnaps ist (Aquavit oder ein Kornbrand).<\/p>\n<p>Zur\u00fcck zu den Kl\u00f6ten. Kein Neid, meine Herren! Und meine Damen, verkneifen Sie sich Ihr sp\u00f6ttisches L\u00e4cheln! Meine Frau kam nicht umhin, das stierische Geh\u00e4nge fototechnisch festzuhalten:<\/p>\n<p><img src=\"https:\/\/www.willizblog.de\/images\/hooge2017_stierkloeten.jpg\" alt=\"Hallig Hooge 2017: Des Stieres Gekl\u00f6tere\" title=\"Hallig Hooge 2017: Des Stieres Gekl\u00f6tere\" \/><\/p>\n<p>Auf der Hinfahrt nach Hooge kreuzten wir einem Krabbenkutter. Mich wunderte eigentlich nur, dass \u00fcberhaupt Krabben den Weg an Bord des Schiffes fanden \u2013 bei der F\u00fclle an M\u00f6wen, die sich auf den Fang st\u00fcrzten. Dabei formierten sich die M\u00f6wen zu einem \u201aRad\u2018: Hinter dem Kutter lie\u00dfen sich M\u00f6wen auf die Beute in die Fluten fallen, um nach wenigen Metern wieder aufzufliegen und sich den bereits aufgeflogenen M\u00f6wen anzuschlie\u00dfen, die sich wieder dem Kutter n\u00e4herten. Ein sonderbares Schauspiel.<\/p>\n<p><img src=\"https:\/\/www.willizblog.de\/images\/hooge2017_krabbenkutter.jpg\" alt=\"Hallig Hooge 2017: Krabbenkutter\" title=\"Hallig Hooge 2017: Krabbenkutter\" \/><\/p>\n<p>siehe auch alle anderen Beitr\u00e4ge:<br \/>\n<a href=\"https:\/\/www.willizblog.de\/?p=10050\" target=\"_blank\">Urlaub auf der Hallig Hooge (1): Schleusenfest 2017<\/a><br \/>\n<a href=\"https:\/\/www.willizblog.de\/?p=10052\" target=\"_blank\">Urlaub auf der Hallig Hooge (2): Fundst\u00fccke (1)<\/a><br \/>\n<a href=\"https:\/\/www.willizblog.de\/?p=10055\" target=\"_blank\">Urlaub auf der Hallig Hooge (3): Fundst\u00fccke (2)<\/a><br \/>\n<a href=\"https:\/\/www.willizblog.de\/?p=10063\" target=\"_blank\">Urlaub auf der Hallig Hooge (4): Willi im windigen Gew\u00fchl<\/a><br \/>\n<a href=\"https:\/\/www.willizblog.de\/?p=10094\" target=\"_blank\">Urlaub auf der Hallig Hooge (5): Von Warften, Ebbe und Flut (in Videos)<\/a><\/p>\n","protected":false},"excerpt":{"rendered":"<p>Wer eine Reise tut, der kann etwas erleben. Wer die Hallig Hooge besucht, findet Ruhe. So und so kann der Reisende etwas erz\u00e4hlen. Von Hooge sind es die kleinen, vielleicht etwas kuriosen Dinge, die meine Frau und mich w\u00e4hrend unseres Urlaubs im August zum Schmunzeln gebracht haben und von daher erz\u00e4hlenswert sind. Zun\u00e4chst ist da &hellip; <a href=\"https:\/\/willizblog.de\/?p=10096\" class=\"more-link\"><span class=\"screen-reader-text\">Urlaub auf der Hallig Hooge (6): Dit un dat<\/span> weiterlesen <span class=\"meta-nav\">&rarr;<\/span><\/a><\/p>\n","protected":false},"author":1,"featured_media":0,"comment_status":"open","ping_status":"open","sticky":false,"template":"","format":"standard","meta":[],"categories":[10],"tags":[],"_links":{"self":[{"href":"https:\/\/willizblog.de\/index.php?rest_route=\/wp\/v2\/posts\/10096"}],"collection":[{"href":"https:\/\/willizblog.de\/index.php?rest_route=\/wp\/v2\/posts"}],"about":[{"href":"https:\/\/willizblog.de\/index.php?rest_route=\/wp\/v2\/types\/post"}],"author":[{"embeddable":true,"href":"https:\/\/willizblog.de\/index.php?rest_route=\/wp\/v2\/users\/1"}],"replies":[{"embeddable":true,"href":"https:\/\/willizblog.de\/index.php?rest_route=%2Fwp%2Fv2%2Fcomments&post=10096"}],"version-history":[{"count":0,"href":"https:\/\/willizblog.de\/index.php?rest_route=\/wp\/v2\/posts\/10096\/revisions"}],"wp:attachment":[{"href":"https:\/\/willizblog.de\/index.php?rest_route=%2Fwp%2Fv2%2Fmedia&parent=10096"}],"wp:term":[{"taxonomy":"category","embeddable":true,"href":"https:\/\/willizblog.de\/index.php?rest_route=%2Fwp%2Fv2%2Fcategories&post=10096"},{"taxonomy":"post_tag","embeddable":true,"href":"https:\/\/willizblog.de\/index.php?rest_route=%2Fwp%2Fv2%2Ftags&post=10096"}],"curies":[{"name":"wp","href":"https:\/\/api.w.org\/{rel}","templated":true}]}}