{"id":1011,"date":"2007-11-16T19:21:31","date_gmt":"2007-11-16T17:21:31","guid":{"rendered":"http:\/\/www.albinz.de\/blog\/?p=1011"},"modified":"2007-11-18T21:04:01","modified_gmt":"2007-11-18T19:04:01","slug":"der-grose-nachfrage","status":"publish","type":"post","link":"https:\/\/willizblog.de\/?p=1011","title":{"rendered":"Die &#8218;gro\u00dfe&#8216; Nachfrage"},"content":{"rendered":"<p>China ist gro\u00df. Und die <a href=\"https:\/\/de.wikipedia.org\/wiki\/Nachfrage\" target=\"_blank\">Nachfrage<\/a> der Chinesen ist auch gro\u00df. Noch ist aber das Angebot (sieht man z.B. einmal von schadstoffreichem Spielzeug ab) der Chinesen klein. Und so muss sich die Nachfrage am weltweiten Angebot befriedigen. Das betrifft vorallem Energie, denn eine wachsende Wirtschaft braucht \u00d6l, Gas und Strom. Und da sich das Angebot und damit die Preise an der Nachfrage orientieren, steigen die Preise bei gro\u00dfer Nachfrage.<\/p>\n<p>Aber Preise beinhalten auch Kosten. Wenn ich eine Ware von A nach B transportiere, so entstehen Kosten. Und je weiter der Weg ist, um so h\u00f6here Kosten entstehen. Und damit steigt auch der Preis.<\/p>\n<p>Betriebswirtschaft f\u00fcr jedermann. Aber jetzt kommt es: Nat\u00fcrlich brauchen die Chinesen auch Nahrungsmittel. Die sind schlie\u00dflich ein gro\u00dfes Volk. Und ganz Findige wissen es sogar ganz genau: Die wollen vorallem Milch, Butter und Joghurt. Und da die Nachfrage in China (und in anderen L\u00e4ndern Asiens) nach Milchprodukten so hoch ist, steigen bei uns die Preise, von wegen Nachfrage und Angebot.<\/p>\n<p>Da ist nun z.B. die Firma Meyer Milch (oder war es Lehmann?), die beladen viele Schiffe und Z\u00fcge (wenn die Lokf\u00fchrer nicht gerade streiken) mit Milch und Butter und Joghurt und bringen das alles ins Reich der Mitte. Und damit steigen die Preise noch mehr, wie wir eben erfahren haben. Nat\u00fcrlich steigen die Preise auch bei uns (oder nur bei uns?), denn auch f\u00fcr Milch usw. gelten ab jetzt Weltmarktpreise.<\/p>\n<p>Hoffentlich wird dabei die Milch auf dem Weg nach China nicht sauer, denn sauere Milch m\u00f6gen die Chinesen nicht. Und vielleicht werden auch die Verbraucher bei uns sauer, denn Preissteigerungen um bis zu 20 % m\u00f6gen bei uns die Verbraucher nicht. Da essen die doch pl\u00f6tzlich Margarine und trinken Sojamilch (aus China), soll ja auch gesund sein.<\/p>\n<p>Wie auch immer diese M\u00e4r endet. Vielleicht bleiben am Ende die Milchproduzenten auf ihrer Milch sitzen, denn auch Chinesen m\u00f6gen keine teuere Milch (wenn sie jemals unsere Milch bekommen).<\/p>\n<p>Warum schreibe ich das? Bei uns gibt es einen <a href=\"http:\/\/www.hofdallmann.de\/\" target=\"_blank\">Familienbetrieb<\/a>, der sich der Milchwirtschaft verschrieben hat. Seit 1997 vertreibt dieser Milchprodukte aus eigener Herstellung in der Region (und nicht nach China). Alles allerbeste Ware, ohne Zweifel. Erste Sahne, wie man sagt. Die Milch schmeckt noch nach Milch. Da bekanntlich die Preise f\u00fcr Kraftstoffe in letzter Zeit stark gestiegen sind, so mussten die nat\u00fcrlich auch die Preise erh\u00f6hen (wir erinnern uns an die Betriebswirtschaft f\u00fcr jedermann). Aber kurze Zeit sp\u00e4ter haben die nun auch von der M\u00e4r von der Milch geh\u00f6rt und verschickten ihren Kunden die Nachricht:<\/p>\n<p><em>&#8222;Vor dem Hintergrund der aktuellen Milchmarktsituation und den angezogenen Rohstoff- und Dieselpreisen, sehen auch wir uns gezwungen unsere Preise zum 01.11.2007 den Gegebenheiten anzupassen. Dadurch k\u00f6nnen wir nachhaltig unsere bew\u00e4hrte Qualit\u00e4t sowie unseren Service garantieren.&#8220;<\/em><\/p>\n<p>Irgendwie klingt das doch richtig toll, oder? Dass die nachhaltig ihre bew\u00e4hrte Qualit\u00e4t garantieren, davon gehe ich aus, aber auch stabile Preise? Ich vermag daran nicht zu glauben. Das soll keine Antiwerbung sein. Die Milch (bei Abnahme von 3 Litern kostet der Liter einen Euro) ist f\u00fcr die gute Qualit\u00e4t weiterhin in Ordnung. Wir \u00fcberlegen aber nun doch ernsthaft, ob wir Butter und Joghurt abgestellen, denn daf\u00fcr sind uns die <em>&#8222;Weltmarktpreise&#8220;<\/em> dann doch zu hoch geworden.<\/p>\n<p>Ach \u00fcbrigens, auf der Website des Familienbetriebs steht. <em>&#8222;&#8218;Aus der Region, f\u00fcr die Region&#8216; &#8211; nach diesem Leitsatz widmen wir uns der Herstellung von Milchprodukten.&#8220;<\/em> Das ist auch gut so.<\/p>\n<p>Okay, ich will hier nicht auf einen Kleinen einhauen. Die M\u00e4r ist von gro\u00dfen, industriell ausgerichteten Milchproduktherstellern ersonnen. Denen soll ihre Milch sauer aufsto\u00dfen. Mich st\u00f6rte allersings dieses Wischiwaschi in der Begr\u00fcndung der Preiserh\u00f6hung.<\/p>\n","protected":false},"excerpt":{"rendered":"<p>China ist gro\u00df. Und die Nachfrage der Chinesen ist auch gro\u00df. Noch ist aber das Angebot (sieht man z.B. einmal von schadstoffreichem Spielzeug ab) der Chinesen klein. Und so muss sich die Nachfrage am weltweiten Angebot befriedigen. Das betrifft vorallem Energie, denn eine wachsende Wirtschaft braucht \u00d6l, Gas und Strom. Und da sich das Angebot &hellip; <a href=\"https:\/\/willizblog.de\/?p=1011\" class=\"more-link\"><span class=\"screen-reader-text\">Die &#8218;gro\u00dfe&#8216; Nachfrage<\/span> weiterlesen <span class=\"meta-nav\">&rarr;<\/span><\/a><\/p>\n","protected":false},"author":1,"featured_media":0,"comment_status":"open","ping_status":"closed","sticky":false,"template":"","format":"standard","meta":[],"categories":[1,11],"tags":[],"_links":{"self":[{"href":"https:\/\/willizblog.de\/index.php?rest_route=\/wp\/v2\/posts\/1011"}],"collection":[{"href":"https:\/\/willizblog.de\/index.php?rest_route=\/wp\/v2\/posts"}],"about":[{"href":"https:\/\/willizblog.de\/index.php?rest_route=\/wp\/v2\/types\/post"}],"author":[{"embeddable":true,"href":"https:\/\/willizblog.de\/index.php?rest_route=\/wp\/v2\/users\/1"}],"replies":[{"embeddable":true,"href":"https:\/\/willizblog.de\/index.php?rest_route=%2Fwp%2Fv2%2Fcomments&post=1011"}],"version-history":[{"count":0,"href":"https:\/\/willizblog.de\/index.php?rest_route=\/wp\/v2\/posts\/1011\/revisions"}],"wp:attachment":[{"href":"https:\/\/willizblog.de\/index.php?rest_route=%2Fwp%2Fv2%2Fmedia&parent=1011"}],"wp:term":[{"taxonomy":"category","embeddable":true,"href":"https:\/\/willizblog.de\/index.php?rest_route=%2Fwp%2Fv2%2Fcategories&post=1011"},{"taxonomy":"post_tag","embeddable":true,"href":"https:\/\/willizblog.de\/index.php?rest_route=%2Fwp%2Fv2%2Ftags&post=1011"}],"curies":[{"name":"wp","href":"https:\/\/api.w.org\/{rel}","templated":true}]}}