{"id":10110,"date":"2017-09-25T09:45:32","date_gmt":"2017-09-25T09:45:32","guid":{"rendered":"http:\/\/willizblog.de\/?p=10110"},"modified":"2017-09-25T10:06:27","modified_gmt":"2017-09-25T10:06:27","slug":"die-schwampel-droht","status":"publish","type":"post","link":"https:\/\/willizblog.de\/?p=10110","title":{"rendered":"Die \u201aSchwampel\u2018 droht"},"content":{"rendered":"<p>Deutschland hat also <a href=\"https:\/\/de.wikipedia.org\/wiki\/Bundestagswahl_2017\" target=\"_blank\">gew\u00e4hlt<\/a>. <a href=\"https:\/\/www.bundeswahlleiter.de\/bundestagswahlen\/2017\/ergebnisse\/bund-99.html\" target=\"_blank\">Und wie!<\/a> Von 61.675.529 wahlberechtigten B\u00fcrgern haben 46.380.638 ihre (g\u00fcltige) Stimme abgegeben und davon wiederum 5.877.094 die AfD gew\u00e4hlt. Im 19. Deutschen Bundestag werden sechs statt bisher vier Fraktionen vertreten sein. Neben dem blaubraunen Rechtspopulisten zieht die Ein-Mann-Show Lindner mit seinem neoliberalen Fu\u00dfvolk wieder in den Bundestag ein.<\/p>\n<p>Da die SPD es vorzieht, in die Opposition zu gehen, droht die <a href=\"https:\/\/de.wiktionary.org\/wiki\/Schwampel\" target=\"_blank\">\u201aSchwampel\u2018<\/a> (schwarze Ampel) oder wie man heute sagt: die <a href=\"https:\/\/de.wikipedia.org\/wiki\/Jamaika-Koalition\" target=\"_blank\">\u201aJamaika\u2018-Koalition<\/a> aus Unionsparteien (schwarz), FDP (Lindner &#038; Co. &#8211; gelb) und den Gr\u00fcnen (logisch: gr\u00fcn). Eine Minderheitsregierung der CDU\/CSU mit wechselnden Mehrheiten w\u00e4re die einzige, noch denkbare Alternative.<\/p>\n<ul><img src=\"https:\/\/upload.wikimedia.org\/wikipedia\/commons\/thumb\/0\/0a\/Flag_of_Jamaica.svg\/220px-Flag_of_Jamaica.svg.png\" alt=\"Jamaika \u2013 die Schwampel-Koalition\" title=\"Jamaika \u2013 die Schwampel-Koalition\" \/><\/ul>\n<p>Was hat mich am Wahlergebnis am meisten \u00fcberraschte: Dass die SPD gerade so die 20-%-H\u00fcrde schafft, war abzusehen, auch wenn sich Martin Schulz in seinen Wachtr\u00e4umen als Bundeskanzler sah. Okay, dass jede achte g\u00fcltige Stimme f\u00fcr die Blaubraunen abgegeben wurde, ist sicherlich erschreckend, damit war aber zu rechnen. Verwundert hat mich das schlechte Abschneiden der Unionsparteien. Zusammen kommen sie auf gerade 33,0 %, <a href=\"https:\/\/www.bundeswahlleiter.de\/bundestagswahlen\/2017\/ergebnisse\/bund-99\/land-9.html\" target=\"_blank\">wobei die CSU<\/a> auf f\u00fcr bayerische Verh\u00e4ltnisse bisher undenkbare schlaffe 38,8 % (minus 10,5 % gegen\u00fcber 2013) der Zweitstimmen zur\u00fcckfiel. Das Anbiedern beim B\u00fcrger mit rechtspopulistischen Parolen war ein Schuss in den Ofen.<\/p>\n<p>Nat\u00fcrlich galt mein erster Blick den Ergebnissen in meinem Umfeld. Im <a href=\"http:\/\/wahlen.landkreis-harburg.de\/bw2017\/BW2017-2.htm\" target=\"_blank\">Landkreis Harburg (Wahlkreis 36)<\/a> \u00e4hnelt das Wahlergebnis ziemlich dem Bundesergebnis bei einer immerhin guten Wahlbeteiligung von 81,3 %. Hier erreichen die Blaubraunen leider 10 %, was erschreckend genug ist. F\u00fcr <a href=\"https:\/\/www.bundeswahlleiter.de\/bundestagswahlen\/2017\/ergebnisse\/bund-99\/land-3.html\" target=\"_blank\">Niedersachsen<\/a> insgesamt kommen sie auf 9,1 %, bleiben also einstellig.<\/p>\n<p>Das absolute Grausen bekam ich bei einem Blick auf das <a href=\"https:\/\/www.bundeswahlleiter.de\/bundestagswahlen\/2017\/ergebnisse\/bund-99\/land-14.html\" target=\"_blank\">Wahlergebnis von Sachsen<\/a>. Bei den Zweitstimmen wurden die Blaubraunen hier st\u00e4rkste Partei (mit 27 % gegen\u00fcber 26,9 % f\u00fcr die CDU) und erreichten sogar drei Direktmandate.<\/p>\n<p>Interessant ist es auch, die (gesch\u00e4tzten) <a href=\"http:\/\/www.tagesschau.de\/inland\/btw17\/waehlerwanderung-115.html\" target=\"_blank\">W\u00e4hlerstr\u00f6me<\/a> zu verfolgen. Die FDP z.B. erhielt vor allem Stimmen aus dem Unionslager (fr\u00fcher wurde das \u201aLeihstimmen\u2018 genannt). Die Blaubraunen profitieren in erste Linie von der h\u00f6heren Wahlbeteiligung, d.h. von fr\u00fcheren Nichtw\u00e4hlern. Da hat sich so manche braune Socke tats\u00e4chlich aufgerafft und ist w\u00e4hlen gegangen.<\/p>\n<p>Die AfD also <a href=\"http:\/\/www.sueddeutsche.de\/politik\/bundestagswahl-diese-abgeordneten-sitzen-fuer-die-afd-im-bundestag-1.3680882\" target=\"_blank\">mit 94 Mandanten<\/a> im Bundestag. Noch ist der neue Bundestag nicht zu seiner ersten, konstituierenden Sitzung zusammengekommen, da verk\u00fcndet Frauke Petry, dass sie nicht der AfD-Fraktion angeh\u00f6ren will. Wie hei\u00dft es so sch\u00f6n: Die Revolution frisst ihre Kinder. Auf die Blaubraunen bezogen: erst wurde AfD-Gr\u00fcnder  Bernd Lucke abgew\u00e4hlt und von Frauke Petry in die W\u00fcste geschickt. Jetzt ist es <a href=\"https:\/\/www.tagesschau.de\/inland\/petry-209.html\" target=\"_blank\">Frau Petry selbst, die das Handtuch wirft<\/a>. Allein der Selbstzerfleischungsprozess der Blaubraunen verhei\u00dft f\u00fcr die n\u00e4chsten vier Jahre Spannung (okay: auf die wir nat\u00fcrlich gut und gern verzichten k\u00f6nnen, es gibt Spannenderes).<\/p>\n","protected":false},"excerpt":{"rendered":"<p>Deutschland hat also gew\u00e4hlt. Und wie! Von 61.675.529 wahlberechtigten B\u00fcrgern haben 46.380.638 ihre (g\u00fcltige) Stimme abgegeben und davon wiederum 5.877.094 die AfD gew\u00e4hlt. Im 19. Deutschen Bundestag werden sechs statt bisher vier Fraktionen vertreten sein. Neben dem blaubraunen Rechtspopulisten zieht die Ein-Mann-Show Lindner mit seinem neoliberalen Fu\u00dfvolk wieder in den Bundestag ein. Da die SPD &hellip; <a href=\"https:\/\/willizblog.de\/?p=10110\" class=\"more-link\"><span class=\"screen-reader-text\">Die \u201aSchwampel\u2018 droht<\/span> weiterlesen <span class=\"meta-nav\">&rarr;<\/span><\/a><\/p>\n","protected":false},"author":1,"featured_media":0,"comment_status":"open","ping_status":"open","sticky":false,"template":"","format":"standard","meta":[],"categories":[29],"tags":[],"_links":{"self":[{"href":"https:\/\/willizblog.de\/index.php?rest_route=\/wp\/v2\/posts\/10110"}],"collection":[{"href":"https:\/\/willizblog.de\/index.php?rest_route=\/wp\/v2\/posts"}],"about":[{"href":"https:\/\/willizblog.de\/index.php?rest_route=\/wp\/v2\/types\/post"}],"author":[{"embeddable":true,"href":"https:\/\/willizblog.de\/index.php?rest_route=\/wp\/v2\/users\/1"}],"replies":[{"embeddable":true,"href":"https:\/\/willizblog.de\/index.php?rest_route=%2Fwp%2Fv2%2Fcomments&post=10110"}],"version-history":[{"count":0,"href":"https:\/\/willizblog.de\/index.php?rest_route=\/wp\/v2\/posts\/10110\/revisions"}],"wp:attachment":[{"href":"https:\/\/willizblog.de\/index.php?rest_route=%2Fwp%2Fv2%2Fmedia&parent=10110"}],"wp:term":[{"taxonomy":"category","embeddable":true,"href":"https:\/\/willizblog.de\/index.php?rest_route=%2Fwp%2Fv2%2Fcategories&post=10110"},{"taxonomy":"post_tag","embeddable":true,"href":"https:\/\/willizblog.de\/index.php?rest_route=%2Fwp%2Fv2%2Ftags&post=10110"}],"curies":[{"name":"wp","href":"https:\/\/api.w.org\/{rel}","templated":true}]}}