{"id":10115,"date":"2017-09-26T08:17:23","date_gmt":"2017-09-26T08:17:23","guid":{"rendered":"http:\/\/willizblog.de\/?p=10115"},"modified":"2017-09-26T08:17:23","modified_gmt":"2017-09-26T08:17:23","slug":"die-affaere-gauland","status":"publish","type":"post","link":"https:\/\/willizblog.de\/?p=10115","title":{"rendered":"Die Aff\u00e4re Gauland"},"content":{"rendered":"<p><em>Anfang 1989 hatte der Leiter der Hessischen Staatskanzlei, Staatssekret\u00e4r Alexander Gauland (damals CDU, heute AfD), den Leitenden Ministerialrat Rudolf Wirtz (SPD), langj\u00e4hriger Leiter der Verbindungsstelle zwischen Landesregierung und Kirchen, gegen dessen Willen versetzt. Gauland begr\u00fcndete seine Entscheidung damit, dass Kirchenvertreter mit Wirtz\u2019 Amtsf\u00fchrung nicht einverstanden gewesen seien.<\/em><\/p>\n<p><em>Dagegen klagte Wirtz in Eilverfahren vor dem Verwaltungsgericht Wiesbaden. [&#8230;] Gauland versicherte mehrmals an Eides statt, dass \u201eVertreter der Kirchen und Religionsgemeinschaften [&#8230;] Vorbehalte hinsichtlich der Pers\u00f6nlichkeit und des Verhaltens\u201c von Wirtz ge\u00e4u\u00dfert h\u00e4tten. Er nannte aber keine Namen, da die Bekanntmachung \u201edem Wohl des Landes Nachteile bereiten\u201c w\u00fcrde.<\/em><\/p>\n<p><em>Umstritten war zudem die Personalie Wolfgang Egerter, wissenschaftlicher Mitarbeiter der CDU-Fraktion und seit 1987 Bundesverdienstkreuztr\u00e4ger (\u00fcberreicht durch Ministerpr\u00e4sident Wallmann), der anstelle von Wirtz Kirchenkoordinator werden sollte. Die Opposition sah darin einen \u201eschwarzen Filz\u201c, auch Kirchenvertreter gingen nicht konform mit den Vorg\u00e4ngen. Insbesondere die extrem rechte Vergangenheit von Egerter in Form der Mitgliedschaft und seiner Funktionen im v\u00f6lkischen sudetendeutschen Witikobund wurden kontrovers in Medien, Politik und Glaubensgemeinschaften diskutiert.<\/em><\/p>\n<p><em>Der Siegener Theologe Martin St\u00f6hr, Pr\u00e4sident des Internationalen Rats der Christen und Juden, kritisierte 1992 die Kirchen f\u00fcr ihr Schweigen im Fall Gauland. St\u00f6hr f\u00fchrte aus: \u201eDer Fall Egerter war ein \u00f6ffentlicher Skandal. Hier testete ein Politiker (Alexander Gauland), wie weit man in den letzten Jahren den Bogen nach rechts schlagen kann, ohne auf \u00f6ffentlichen, das hei\u00dft auch auf kirchlichen Widerstand zu sto\u00dfen. Man kann weit gehen, zu weit wie heute mit Entsetzen zu sehen ist.\u201c<\/em><\/p>\n<p><em>Ein Briefverkehr der 5. Kammer des Hessischen Verwaltungsgerichts von 2000 belegt: \u201eIm Nachhinein hat sich herausgestellt, dass diese Angabe [die Versicherung an Eides statt durch Alexander Gauland] unrichtig war.<\/em> [&#8230;]<\/p>\n<p><em>Nach der Landtagswahl in Hessen 1991 wurde Wirtz durch den neuen Staatskanzleichef Hans Joachim Suchan (SPD) rehabilitiert und 1992 erneut in sein altes Amt bestellt. Das Land Hessen \u00fcbernahm die Prozesskosten, es wurde Stillschweigen vereinbart und eine Entsch\u00e4digung ausgehandelt. [Joschka] Fischer, Stellvertreter des Ministerpr\u00e4sidenten, Umweltminister und Staatsminister f\u00fcr Bundesangelegenheiten, entschuldigte sich 1994 und die CDU nahm ihre damaligen Anschuldigungen gegen Wirtz zur\u00fcck.<\/em><\/p>\n<p><em>Es folgten noch eine Anfrage der CDU- und ein Berichtsantrag der FDP-Fraktion. Ein eingesetzter Petitionsausschuss des Hessischen Landtags unter der Leitung von Christoph Greiff (CDU) stellte 1995 \u00f6ffentlich fest, dass Wirtz zu Unrecht entlassen wurde.<\/em> (Quelle: <a href=\"https:\/\/de.wikipedia.org\/wiki\/Aff%C3%A4re_Gauland\" target=\"_blank\">de.wikipedia.org<\/a>)<\/p>\n<ul><img src=\"http:\/\/ecx.images-amazon.com\/images\/I\/511C6S1ZBPL._SL500_AA300_.jpg\" alt=\"Martin Walser: Finks Krieg\" title=\"Martin Walser: Finks Krieg\" \/><\/ul>\n<p>1996 erschien im Suhrkamp Verlag der Roman <a href=\"https:\/\/de.wikipedia.org\/wiki\/Finks_Krieg\" target=\"_blank\">Finks Krieg<\/a> von <a href=\"https:\/\/de.wikipedia.org\/wiki\/Martin_Walser\" target=\"_blank\">Martin Walser<\/a>, der auf dieser Aff\u00e4re Gauland aus den 1980\/90er Jahren in Hessen basiert. Der Schriftsteller war mit dem Ministerialbeamten Rudolf Wirtz bekannt. Dieser sammelte f\u00fcr ihn in ca. 50 Aktenordnern das Material zum Fall. Walser widmete sich dann sechs Jahre der Ausarbeitung des Romans.<\/p>\n<p>Ich habe mich etwas ausf\u00fchrlicher zu diesem Roman (<a href=\"https:\/\/www.willizblog.de\/?p=6791\" target=\"_blank\"><strong>Martin Walser: Finks Krieg<\/strong><\/a>) ge\u00e4u\u00dfert. Damals konnte ich nicht damit rechnen, dass mir (uns) der Name Gauland leider noch \u00f6fter \u00fcber den Weg laufen w\u00fcrde. Schon zu damaligen Zeiten zeigte sich Gauland als \u201arechter\u2018 Geselle, der auch vor Meineid nicht Halt machte.<\/p>\n","protected":false},"excerpt":{"rendered":"<p>Anfang 1989 hatte der Leiter der Hessischen Staatskanzlei, Staatssekret\u00e4r Alexander Gauland (damals CDU, heute AfD), den Leitenden Ministerialrat Rudolf Wirtz (SPD), langj\u00e4hriger Leiter der Verbindungsstelle zwischen Landesregierung und Kirchen, gegen dessen Willen versetzt. Gauland begr\u00fcndete seine Entscheidung damit, dass Kirchenvertreter mit Wirtz\u2019 Amtsf\u00fchrung nicht einverstanden gewesen seien. Dagegen klagte Wirtz in Eilverfahren vor dem Verwaltungsgericht &hellip; <a href=\"https:\/\/willizblog.de\/?p=10115\" class=\"more-link\"><span class=\"screen-reader-text\">Die Aff\u00e4re Gauland<\/span> weiterlesen <span class=\"meta-nav\">&rarr;<\/span><\/a><\/p>\n","protected":false},"author":1,"featured_media":0,"comment_status":"open","ping_status":"open","sticky":false,"template":"","format":"standard","meta":[],"categories":[3,12],"tags":[],"_links":{"self":[{"href":"https:\/\/willizblog.de\/index.php?rest_route=\/wp\/v2\/posts\/10115"}],"collection":[{"href":"https:\/\/willizblog.de\/index.php?rest_route=\/wp\/v2\/posts"}],"about":[{"href":"https:\/\/willizblog.de\/index.php?rest_route=\/wp\/v2\/types\/post"}],"author":[{"embeddable":true,"href":"https:\/\/willizblog.de\/index.php?rest_route=\/wp\/v2\/users\/1"}],"replies":[{"embeddable":true,"href":"https:\/\/willizblog.de\/index.php?rest_route=%2Fwp%2Fv2%2Fcomments&post=10115"}],"version-history":[{"count":0,"href":"https:\/\/willizblog.de\/index.php?rest_route=\/wp\/v2\/posts\/10115\/revisions"}],"wp:attachment":[{"href":"https:\/\/willizblog.de\/index.php?rest_route=%2Fwp%2Fv2%2Fmedia&parent=10115"}],"wp:term":[{"taxonomy":"category","embeddable":true,"href":"https:\/\/willizblog.de\/index.php?rest_route=%2Fwp%2Fv2%2Fcategories&post=10115"},{"taxonomy":"post_tag","embeddable":true,"href":"https:\/\/willizblog.de\/index.php?rest_route=%2Fwp%2Fv2%2Ftags&post=10115"}],"curies":[{"name":"wp","href":"https:\/\/api.w.org\/{rel}","templated":true}]}}