{"id":10117,"date":"2017-09-28T09:48:01","date_gmt":"2017-09-28T09:48:01","guid":{"rendered":"http:\/\/willizblog.de\/?p=10117"},"modified":"2017-09-28T09:48:01","modified_gmt":"2017-09-28T09:48:01","slug":"alfa-maennchen-und-die-neuen-blauen","status":"publish","type":"post","link":"https:\/\/willizblog.de\/?p=10117","title":{"rendered":"Alfa-M\u00e4nnchen und die neuen Blauen"},"content":{"rendered":"<p>Was macht eigentlich <em>Bernd Lucke<\/em>? Er, der Mitbegr\u00fcnder und ehemalige Bundessprecher der <em>Alternative f\u00fcr Deutschland (AfD)<\/em>, sitzt seit 2014 als Abgeordneter im Europ\u00e4ischen Parlament. Damals noch als Mitglied der AfD gew\u00e4hlt. Und da sitzt er immer noch auf Kosten des Steuerzahlers. Wie wir wissen, wurde Lucke im Juli 2015 abgew\u00e4hlt, verlie\u00df dann die AfD und gr\u00fcndete die Partei <em>Allianz f\u00fcr Fortschritt und Aufbruch<\/em>. Ein etwas sperriger Name, aber die Abk\u00fcrzung ist ganz nett: <em>ALFA<\/em>. Das erinnert mich an <a href=\"https:\/\/de.wikipedia.org\/wiki\/Alphatier\" target=\"_blank\">Alpham\u00e4nnchen<\/a> oder an Analphabetismus. Seit November 2016 nennt sich die Partei <a href=\"https:\/\/de.wikipedia.org\/wiki\/Liberal-Konservative_Reformer\" target=\"_blank\">Liberal-Konservative Reformer<\/a> (kurz LKR). Da gibt selbst die Abk\u00fcrzung nichts her. Immerhin stellt diese Kleinstpartei einige Mandatstr\u00e4ger, wenn diese auch nur \u2013 wie Lucke \u2013 von der AfD \u00fcbergetreten sind. Als Farbe haben die sich wohl Orange auserkoren (hatten wir bisher noch nicht).<\/p>\n<p>Bekanntlich <a href=\"https:\/\/de.wiktionary.org\/wiki\/die_Revolution_frisst_ihre_eigenen_Kinder\" target=\"_blank\">frisst die Revolution ihre Kinder<\/a>! (<em>Georg B\u00fcchner<\/em> in <a href=\"https:\/\/de.wikipedia.org\/wiki\/Dantons_Tod\" target=\"_blank\">\u00bbDantons Tod\u00ab<\/a> ) Wenn man auch nicht gerade von Revolution im Zusammenhang mit der AfD sprechen kann, so passt das Bild durchaus. Lucke wurde von <em>Frauke Petry<\/em> entmachtet. Und die entgeht einer Entmachtung dadurch, indem sie die AfD gewisserma\u00dfen freiwillig verl\u00e4\u00dft<\/p>\n<p>Und wie Lucke so plant wohl auch Frau Petry mit ihrem Mann, <em>Marcus Pretzell<\/em>, die Gr\u00fcndung einer neuen Partei, die gewisserma\u00dfen eine CSU auf Bundesebene darstellen soll: <a href=\"https:\/\/www.facebook.com\/search\/top\/?q=die%20blauen\" target=\"_blank\">die Blauen<\/a>?! Zumindest hat sich Frau Petry die Domain <em>dieblauen.de<\/em> auf ihren Namen registrieren lassen.<\/p>\n<p><iframe loading=\"lazy\" src=\"https:\/\/www.facebook.com\/plugins\/post.php?href=https%3A%2F%2Fwww.facebook.com%2FDieBlauenDortmund%2Fposts%2F845545125608451&#038;width=500\" width=\"500\" height=\"501\" style=\"border:none;overflow:hidden\" scrolling=\"no\" frameborder=\"0\" allowTransparency=\"true\"><\/iframe><\/p>\n<p>Eigentlich ein einpr\u00e4gsamer Name und nicht so stocksteif-sperrig wie die von Lucke erdachten Parteinamen. Aber wirklich gl\u00fccklich werden d\u00fcrfte Frau Petry mit dem Namen dann nicht, wird er bereits jetzt geh\u00f6rig<a href=\"https:\/\/www.facebook.com\/search\/top\/?q=die%20blauen\" target=\"_blank\"> durch den Kakao gezogen<\/a>. Und damit auch die neue Partei.<\/p>\n<p><iframe loading=\"lazy\" src=\"https:\/\/www.facebook.com\/plugins\/post.php?href=https%3A%2F%2Fwww.facebook.com%2Fwillizblog%2Fposts%2F1880818028601971%3A0&#038;width=500\" width=\"500\" height=\"595\" style=\"border:none;overflow:hidden\" scrolling=\"no\" frameborder=\"0\" allowTransparency=\"true\"><\/iframe><\/p>\n<p>Es k\u00f6nnte richtig lustig sein, wenn es nicht so traurig w\u00e4re. Eigentlich zeigen Frau Petry und ihr Anhang nur, welchen Hackenschuss sie haben. So wie Herr Lucke 2019 nach einer Neuwahl auf Europaebene seinen Sitz verlieren und in der Versenkung verschwinden wird, so werden auch Sie, Frau Petry, sp\u00e4testens 2021 Ihres Bundestagsmandates verlustig gehen. Ihre neue Partei (wenn es denn zu deren Gr\u00fcndung kommt) wird in den Niederungen der Parteienlandschaft herumkrebsen. Denn kein Mensch braucht eine CSU-Kopie auf Bundesebene.<\/p>\n","protected":false},"excerpt":{"rendered":"<p>Was macht eigentlich Bernd Lucke? Er, der Mitbegr\u00fcnder und ehemalige Bundessprecher der Alternative f\u00fcr Deutschland (AfD), sitzt seit 2014 als Abgeordneter im Europ\u00e4ischen Parlament. Damals noch als Mitglied der AfD gew\u00e4hlt. Und da sitzt er immer noch auf Kosten des Steuerzahlers. Wie wir wissen, wurde Lucke im Juli 2015 abgew\u00e4hlt, verlie\u00df dann die AfD und &hellip; <a href=\"https:\/\/willizblog.de\/?p=10117\" class=\"more-link\"><span class=\"screen-reader-text\">Alfa-M\u00e4nnchen und die neuen Blauen<\/span> weiterlesen <span class=\"meta-nav\">&rarr;<\/span><\/a><\/p>\n","protected":false},"author":1,"featured_media":0,"comment_status":"open","ping_status":"open","sticky":false,"template":"","format":"standard","meta":[],"categories":[12],"tags":[],"_links":{"self":[{"href":"https:\/\/willizblog.de\/index.php?rest_route=\/wp\/v2\/posts\/10117"}],"collection":[{"href":"https:\/\/willizblog.de\/index.php?rest_route=\/wp\/v2\/posts"}],"about":[{"href":"https:\/\/willizblog.de\/index.php?rest_route=\/wp\/v2\/types\/post"}],"author":[{"embeddable":true,"href":"https:\/\/willizblog.de\/index.php?rest_route=\/wp\/v2\/users\/1"}],"replies":[{"embeddable":true,"href":"https:\/\/willizblog.de\/index.php?rest_route=%2Fwp%2Fv2%2Fcomments&post=10117"}],"version-history":[{"count":0,"href":"https:\/\/willizblog.de\/index.php?rest_route=\/wp\/v2\/posts\/10117\/revisions"}],"wp:attachment":[{"href":"https:\/\/willizblog.de\/index.php?rest_route=%2Fwp%2Fv2%2Fmedia&parent=10117"}],"wp:term":[{"taxonomy":"category","embeddable":true,"href":"https:\/\/willizblog.de\/index.php?rest_route=%2Fwp%2Fv2%2Fcategories&post=10117"},{"taxonomy":"post_tag","embeddable":true,"href":"https:\/\/willizblog.de\/index.php?rest_route=%2Fwp%2Fv2%2Ftags&post=10117"}],"curies":[{"name":"wp","href":"https:\/\/api.w.org\/{rel}","templated":true}]}}