{"id":10119,"date":"2017-09-29T04:45:40","date_gmt":"2017-09-29T04:45:40","guid":{"rendered":"http:\/\/willizblog.de\/?p=10119"},"modified":"2017-09-29T08:07:29","modified_gmt":"2017-09-29T08:07:29","slug":"hsv-sv-werder-die-109te","status":"publish","type":"post","link":"https:\/\/willizblog.de\/?p=10119","title":{"rendered":"HSV \u2013 SV Werder \u2013 die 107te"},"content":{"rendered":"<p>Morgen f\u00e4llt zum 107. Mal die Klappe zum norddeutschen Fu\u00dfball-Derby zwischen dem HSV und dem SV Werder Bremen. Und wie schon in den letzten Jahren, so steht auch diese Partie unter dem dunklen Stern des Abstiegskampfes. O ja, der HSV begann diese Saison zun\u00e4chst verhei\u00dfungsvoll mit zwei Siegen, die allerdings mit einigem Gl\u00fcck erzielt wurden, w\u00e4hrend die Bremer gleich zwei Niederlagen kassierten. Inzwischen sind beide Mannschaft wieder dicht aneinanderger\u00fcckt, da der HSV die n\u00e4chsten vier Spiele alle verlor, w\u00e4hrend Werder immerhin drei Unentschieden herausholte. Aber bisher immer noch einen Sieg.<\/p>\n<p>So stehen beide Mannschaften unter Druck.<\/p>\n<p>W\u00e4hrend die Hamburger in den letzten Spielen nicht gerade spielerisch gl\u00e4nzten, zeigten die Bremer durchaus ansprechende Leistungen. Besondern in der Defensive, in den letzten Jahren die absolute Schwachstelle, war die Mannschaft gut aufgestellt. Daf\u00fcr aber haperte es im Angriff. Schon gab es die ersten Diskussionen um den Trainer. <em>Alexander Nouri<\/em> sei zu zaghaft. Das Umschaltspiel unausgereift. <\/p>\n<p>Hinzu kam dann auch noch, dass sich <em>Max Kruse<\/em> am 4. Spieltag im Spiel gegen Schalke 04 nach einem Foul schwer verletzte und sich beim Sturz auf die Schulter das Schl\u00fcsselbein brach. Wie gut, dass man kurz vor Toresschluss noch den Algerier <em>Ishak Belfodil<\/em> von Standard L\u00fcttich ausgeliehen hatte, der jetzt als Kruse-Ersatz aufs Feld auflaufen darf. Bisher hat er ganz ordentlich gespielt, nur fehlen noch die Tore.<\/p>\n<p><img src=\"https:\/\/www.willizblog.de\/images\/werder1718_kruse_sturz.jpg\" alt=\"Werder - Schalke (4. Spieltag 2017\/2018): Max Kruse bricht sich das Schl\u00fcsselbein\" title=\"Werder - Schalke (4. Spieltag 2017\/2018): Max Kruse bricht sich das Schl\u00fcsselbein\" \/><\/p>\n<p>Ein Sieg w\u00e4re jetzt so wichtig, um vor der n\u00e4chsten L\u00e4nderspielpause Ruhe in die Mannschaft zu bekommen. \u2013 Gleich habe ich Feierabend und dann mit Br\u00fcckentag und dem <a href=\"https:\/\/www.willizblog.de\/?p=8756\" target=\"_blank\">Tag der deutschen Vielf\u00e4ltigkeit<\/a> vier Tage am St\u00fcck frei. Da hoffe ich doch das Beste f\u00fcr den <em>SVW von 1899<\/em> und damit auf einen gelungenen Wochenendbeginn f\u00fcr mich.<\/p>\n","protected":false},"excerpt":{"rendered":"<p>Morgen f\u00e4llt zum 107. Mal die Klappe zum norddeutschen Fu\u00dfball-Derby zwischen dem HSV und dem SV Werder Bremen. Und wie schon in den letzten Jahren, so steht auch diese Partie unter dem dunklen Stern des Abstiegskampfes. O ja, der HSV begann diese Saison zun\u00e4chst verhei\u00dfungsvoll mit zwei Siegen, die allerdings mit einigem Gl\u00fcck erzielt wurden, &hellip; <a href=\"https:\/\/willizblog.de\/?p=10119\" class=\"more-link\"><span class=\"screen-reader-text\">HSV \u2013 SV Werder \u2013 die 107te<\/span> weiterlesen <span class=\"meta-nav\">&rarr;<\/span><\/a><\/p>\n","protected":false},"author":1,"featured_media":0,"comment_status":"open","ping_status":"open","sticky":false,"template":"","format":"standard","meta":[],"categories":[27],"tags":[],"_links":{"self":[{"href":"https:\/\/willizblog.de\/index.php?rest_route=\/wp\/v2\/posts\/10119"}],"collection":[{"href":"https:\/\/willizblog.de\/index.php?rest_route=\/wp\/v2\/posts"}],"about":[{"href":"https:\/\/willizblog.de\/index.php?rest_route=\/wp\/v2\/types\/post"}],"author":[{"embeddable":true,"href":"https:\/\/willizblog.de\/index.php?rest_route=\/wp\/v2\/users\/1"}],"replies":[{"embeddable":true,"href":"https:\/\/willizblog.de\/index.php?rest_route=%2Fwp%2Fv2%2Fcomments&post=10119"}],"version-history":[{"count":0,"href":"https:\/\/willizblog.de\/index.php?rest_route=\/wp\/v2\/posts\/10119\/revisions"}],"wp:attachment":[{"href":"https:\/\/willizblog.de\/index.php?rest_route=%2Fwp%2Fv2%2Fmedia&parent=10119"}],"wp:term":[{"taxonomy":"category","embeddable":true,"href":"https:\/\/willizblog.de\/index.php?rest_route=%2Fwp%2Fv2%2Fcategories&post=10119"},{"taxonomy":"post_tag","embeddable":true,"href":"https:\/\/willizblog.de\/index.php?rest_route=%2Fwp%2Fv2%2Ftags&post=10119"}],"curies":[{"name":"wp","href":"https:\/\/api.w.org\/{rel}","templated":true}]}}