{"id":1012,"date":"2007-11-17T17:45:06","date_gmt":"2007-11-17T15:45:06","guid":{"rendered":"http:\/\/www.albinz.de\/blog\/?p=1012"},"modified":"2007-11-18T14:14:59","modified_gmt":"2007-11-18T12:14:59","slug":"hoffnungsvolle-jugend","status":"publish","type":"post","link":"https:\/\/willizblog.de\/?p=1012","title":{"rendered":"Hoffnungsvolle Jugend"},"content":{"rendered":"<p>Zu jeder Zeit hatte die \u00e4ltere Generation vieles an der jungen auszusetzen. Das ist heute nicht anders als fr\u00fcher. Und ich als Angeh\u00f6riger der \u00e4lteren Generation finde vieles, was mich an den jungen Leuten von heute st\u00f6rt, was mich geradezu entsetzt. Da ist nicht nur der extreme Alkoholkonsum (den gab es auch schon zu Zeiten, da ich jung war, wenn auch nicht so extrem), Stichwort: <a href=\"http:\/\/hallodeutschland.zdf.de\/ZDFde\/inhalt\/10\/0,1872,5592618,00.html\" target=\"_blank\">Komasaufen<\/a>; es ist vorallem die <a href=\"http:\/\/www.zdf.de\/ZDFde\/inhalt\/16\/0,1872,5381552,00.html\" target=\"_blank\">Gewalt unter Jugendlichen auf dem Schulhof<\/a> (und nicht nur dort), die ich aus meiner Schulzeit her nicht kenne.<\/p>\n<p>Aber es geht auch anders. Nicht alles ist schlecht an der &#8218;Jugend von heute&#8216;. Im Gegenteil! Es gibt sie noch, die engagierten Jugendlichen, die ihre Freizeit opfern, um anderen Menschen zu helfen, die daf\u00fcr sorgen, das sich noch etwas bewegt in unserer Zeit.<\/p>\n<p>Gestern nahm ich mit meiner Familie an einem Gottesdienst teil, bei dem rund 50 junge Menschen als ehrenamtliche Jugendleiter und Jugendleiterinnen eingef\u00fchrt wurden. Um dieses Ehrenamt zu bekleiden (wie man sagt), haben sie u.a. eine Woche Ferien geopfert, um sich in einer Schulung auf die bevorstehenden Aufgaben vorzubereiten. \u00dcbrigens war es einmal ein Gottesdienst, in dem die Post abging mit flotten Rhythmen (okay, mehr poppig als rockig) und wenig starrem Getue. Es durfte gelacht und geklatscht werden, wie es dem einzelnen gefiel.<\/p>\n<p>Nun auch der <a href=\"https:\/\/www.willizblog.de\/?p=1007\" target=\"_blank\">Bandabend 2007 in Tostedt<\/a> wurde durch <a href=\"https:\/\/www.willizblog.de\/albpics\/bandabend_wochenblatt.jpg\" target=\"_blank\">freiwillige jugendliche Helfer<\/a> organisiert. Und von der <a href=\"https:\/\/www.willizblog.de\/?p=545\" target=\"_blank\">Unterst\u00fctzung von Senioren durch Jugendliche<\/a> beim Zugang zum Internet habe ich auch schon einmal berichtet. Ich schreibe das hier nat\u00fcrlich auch schon deshalb, weil einer der Jugendliche mein Sohn Jan ist, der mich mit seinem Engagement immer mehr \u00fcberrascht.<\/p>\n","protected":false},"excerpt":{"rendered":"<p>Zu jeder Zeit hatte die \u00e4ltere Generation vieles an der jungen auszusetzen. Das ist heute nicht anders als fr\u00fcher. Und ich als Angeh\u00f6riger der \u00e4lteren Generation finde vieles, was mich an den jungen Leuten von heute st\u00f6rt, was mich geradezu entsetzt. Da ist nicht nur der extreme Alkoholkonsum (den gab es auch schon zu Zeiten, &hellip; <a href=\"https:\/\/willizblog.de\/?p=1012\" class=\"more-link\"><span class=\"screen-reader-text\">Hoffnungsvolle Jugend<\/span> weiterlesen <span class=\"meta-nav\">&rarr;<\/span><\/a><\/p>\n","protected":false},"author":1,"featured_media":0,"comment_status":"open","ping_status":"closed","sticky":false,"template":"","format":"standard","meta":[],"categories":[11,2],"tags":[],"_links":{"self":[{"href":"https:\/\/willizblog.de\/index.php?rest_route=\/wp\/v2\/posts\/1012"}],"collection":[{"href":"https:\/\/willizblog.de\/index.php?rest_route=\/wp\/v2\/posts"}],"about":[{"href":"https:\/\/willizblog.de\/index.php?rest_route=\/wp\/v2\/types\/post"}],"author":[{"embeddable":true,"href":"https:\/\/willizblog.de\/index.php?rest_route=\/wp\/v2\/users\/1"}],"replies":[{"embeddable":true,"href":"https:\/\/willizblog.de\/index.php?rest_route=%2Fwp%2Fv2%2Fcomments&post=1012"}],"version-history":[{"count":0,"href":"https:\/\/willizblog.de\/index.php?rest_route=\/wp\/v2\/posts\/1012\/revisions"}],"wp:attachment":[{"href":"https:\/\/willizblog.de\/index.php?rest_route=%2Fwp%2Fv2%2Fmedia&parent=1012"}],"wp:term":[{"taxonomy":"category","embeddable":true,"href":"https:\/\/willizblog.de\/index.php?rest_route=%2Fwp%2Fv2%2Fcategories&post=1012"},{"taxonomy":"post_tag","embeddable":true,"href":"https:\/\/willizblog.de\/index.php?rest_route=%2Fwp%2Fv2%2Ftags&post=1012"}],"curies":[{"name":"wp","href":"https:\/\/api.w.org\/{rel}","templated":true}]}}