{"id":10125,"date":"2017-10-04T08:27:27","date_gmt":"2017-10-04T08:27:27","guid":{"rendered":"http:\/\/willizblog.de\/?p=10125"},"modified":"2018-02-08T13:25:29","modified_gmt":"2018-02-08T13:25:29","slug":"140-jahre-friedhof-ohlsdorf","status":"publish","type":"post","link":"https:\/\/willizblog.de\/?p=10125","title":{"rendered":"140 Jahre Friedhof Ohlsdorf"},"content":{"rendered":"<p>Ein <a href=\"https:\/\/willizblog.de\/?s=friedhof\" target=\"_blank\">Friedhof<\/a>g\u00e4nger bin ich eigentlich nicht. Okay, als Kind habe ich \u00f6fter mit meiner Mutter auf dem Sonntagsspaziergang den <a href=\"http:\/\/www.friedhof-ansichten.de\/archives\/11351\" target=\"_blank\">Friedhof Buntentor<\/a> in der <em>Bremer Neustadt<\/em> besucht. Und zuletzt war es nat\u00fcrlich der Friedhof auf der <em>Kirchwarft<\/em> der <a href=\"https:\/\/www.willizblog.de\/?p=10094\" target=\"_blank\">Hallig Hooge<\/a>.<\/p>\n<p>Am Montag, den 02.10., hatte ich einen Br\u00fcckentag genommen und fuhr mit meiner Frau und meinem \u00e4lteren Sohn, der in Semesterferien bei uns weilt, nach Hamburg. Ziel: der <a href=\"https:\/\/de.wikipedia.org\/wiki\/Friedhof_Ohlsdorf\" target=\"_blank\">Friedhof Ohlsdorf<\/a>, der am 1. Juli 1877, also vor 140 Jahren, eingeweiht wurde und mit 389 Hektar der gr\u00f6\u00dfte Parkfriedhof der Welt ist. Damit ist er hat die gr\u00f6\u00dfte Gr\u00fcnanlage der Stadt Hamburg.<\/p>\n<p><a href=\"http:\/\/www.friedhof-hamburg.de\/fileadmin\/Dateien\/pdf\/ohlsdorf\/friedhof_ohlsdorf_plan.pdf\" target=\"_blank\"><img src=\"https:\/\/www.willizblog.de\/images\/ohlsdorf_friedhof_plan.jpg\" alt=\"Plan \u2013 Friedhof Ohlsdorf\/Hamburg\" title=\"Plan \u2013 Friedhof Ohlsdorf\/Hamburg\" \/><\/a><\/p>\n<p>\u00dcber das gesamte Areal verteilen sich 235.000 Grabst\u00e4tten. Auf dem <a href=\"http:\/\/www.friedhof-hamburg.de\/ohlsdorf\/\" target=\"_blank\">Ohlsdorfer Friedhof<\/a> haben seit seiner Gr\u00fcndung \u00fcber 1,4 Millionen Beisetzungen stattgefunden, j\u00e4hrlich kommen 4.700 Beisetzungen dazu. Zum Vergleich: Der Wiener Zentralfriedhof hat eine Gr\u00f6\u00dfe von 250 Hektar mit 330.000 Grabstellen. Vielen Menschen ist es schon passiert, dass sie sich in diesem Wald aus 35.000 B\u00e4umen verlaufen haben. Der Central Park in New York ist kleiner.<\/p>\n<p>Das Aussehen des Gel\u00e4ndes ist bestimmt durch den Parkcharakter der Anlage mit einigen hundert Laub- und Nadelgeh\u00f6lzarten sowie Teichen und B\u00e4chen und einer Landschaft, die sich durch eine Mischung aus historischen Bauten, Gartendenkm\u00e4lern und modernen Themengrabst\u00e4tten auszeichnet. Charakteristisch f\u00fcr die Struktur der Anlage sind schnurgerade, in exakter Ost-West- bzw. Nord-S\u00fcd-Richtung verlaufende sowie gleichm\u00e4\u00dfig sanft gebogene Stra\u00dfen und Wege mit dazwischen liegenden schachbrettartig angelegten Parzellen. Das durchweg von Pflanzen ges\u00e4umte Stra\u00dfensystem wird durch Kreisel aufgelockert. Neuere Anlagen sind unter anderem Schmetterlingsgr\u00e4ber, <a href=\"https:\/\/de.wikipedia.org\/wiki\/Kolumbarium\" target=\"_blank\">Kolumbarien<\/a> und Paar-Anlagen.<\/p>\n<p>Zu jeder Jahreszeit ist der Parkfriedhof eine Oase der Ruhe inmitten der belebten Metropole. Besonders empfehlenswert: ein Spaziergang zur Rhododendronbl\u00fcte Anfang Juni. Aber auch jetzt im Herbst ist es hier sehr sch\u00f6n.<\/p>\n<p><img src=\"https:\/\/www.willizblog.de\/images\/ohlsdorf_friedhof_herbststimmung.jpg\" alt=\"Herbststimmung auf dem Friedhof Ohlsdorf\/Hamburg \u00a9 Jan Einar Albin\" title=\"Herbststimmung auf dem Friedhof Ohlsdorf\/Hamburg \u00a9 Jan Einar Albin\" \/><\/p>\n<p>Auf dem Ohlsdorfer Friedhof kann sich jeder beisetzen lassen, unabh\u00e4ngig von Wohnort und Konfession.<\/p>\n<p>Der Ohlsdorfer Friedhof ist alles andere als unbelebt. Er ist eine Oase mitten in der Gro\u00dfstadt Hamburg. Die <em>nordstory<\/em> des <em>NDR<\/em> zeigt die Lebendigkeit dieser Gro\u00dfstadtoase. Die Hamburger nennen ihren Hauptfriedhof kurz &#8222;Ohlsdorf&#8220;. Er ist eine Welt f\u00fcr sich, ein Kosmos. Vor dem schmiedeeisernen Tor bleiben Hektik, L\u00e4rm und Stress zur\u00fcck. Eben noch in der pulsierenden Stadt, steht der Besucher wenige Sekunden und Schritte sp\u00e4ter in einem paradiesisch anmutenden Wald.<\/p>\n<p><embed src=\"https:\/\/www.willizblog.de\/gddflvplayer.swf\" flashvars=\"?&#038;autoplay=false&#038;sound=70&#038;buffer=2&#038;clickTAG=https:\/\/www.albinz.net\/&#038;mylogo=&#038;splashscreen=https:\/\/www.willizblog.de\/images\/video_splash2.jpg&#038;vdo=http:\/\/mediandr-a.akamaihd.net\/\/progressive\/2015\/1215\/TV-20151215-1128-4042.hd.mp4\" width=\"560\" height=\"315\" allowFullScreen=\"true\" quality=\"best\" wmode=\"transparent\" allowScriptAccess=\"always\"  pluginspage=\"https:\/\/get.adobe.com\/de\/flashplayer\/\"  type=\"application\/x-shockwave-flash\"><br \/>\nNDR \u2013 nord-story: <a href=\"http:\/\/www.ndr.de\/fernsehen\/sendungen\/die_nordstory\/Im-Wald-der-Engel,sendung305648.html\" target=\"_blank\">Im Wald der Engel (2014)<\/a><\/p>\n<p>Die Luft ist klar, es duftet pflanzlich nach Harz und Bl\u00fcten, Bienen summen, V\u00f6gel singen und zahllose Engel schauen einen wohlwollend an. Und vielleicht ist auch ein Fuchs, ein Reh oder ein Uhu in der N\u00e4he.<\/p>\n<p>Trotz der Ruhe und der Natur weit und breit ist es nun doch in erster Linie ein Friedhof. Erschreckend fand meine Frau die Gr\u00e4berfelder \u2013 f\u00fcr die Gefallenen des ersten und zweiten Weltkrieges. Zun\u00e4chst machten uns die Sterbedaten stutzig, z.B. das Jahr 1922. Aber hier liegen eben auch Soldaten, die erst sp\u00e4ter an den Verletzungen, die sich im Krieg zugezogen hatten, gestorben sind.<\/p>\n<p><img src=\"https:\/\/www.willizblog.de\/images\/ohlsdorf_friedhof_graeberfeld.jpg\" alt=\"Gr\u00e4berfelder \u2013 f\u00fcr die Gefallenen des ersten Weltkrieges - Friedhof Ohlsdorf\/Hamburg \u00a9 Jan Einar Albin\" title=\"Gr\u00e4berfelder \u2013 f\u00fcr die Gefallenen des ersten Weltkrieges - Friedhof Ohlsdorf\/Hamburg \u00a9 Jan Einar Albin\" \/><\/p>\n<p>Auf dem Friedhof Ohlsdorf befinden sich nat\u00fcrlich auch die <a href=\"https:\/\/de.wikipedia.org\/wiki\/Friedhof_Ohlsdorf#Gr.C3.A4ber_bekannter_Pers.C3.B6nlichkeiten\" target=\"_blank\">Gr\u00e4ber vieler Prominenter<\/a>, allen voran das Grab von <em>Helmut und Loki Schmidt<\/em>:<\/p>\n<p><img src=\"https:\/\/www.willizblog.de\/images\/ohlsdorf_friedhof_helmut_loki_schmidt.jpg\" alt=\"Grab von Helmut und Loki Schmidt\" title=\"Grab von Helmut und Loki Schmidt\" \/><br \/>\nViele Besucher hat das Grab des ehemaligen Bundeskanzlers Helmut Schmidt und seiner Frau Loki. Neben Blumen und Kerzen bringt mancher Besucher auch Zigaretten oder Schnupftabak vorbei<\/p>\n<p>Wer sich anonym beisetzen m\u00f6chte, findet im Urnenhain seine letzte Ruhest\u00e4tte:<\/p>\n<p><img src=\"https:\/\/www.willizblog.de\/images\/ohlsdorf_friedhof_urnenhain.jpg\" alt=\"Weg zum anonymen Urnenhain - Friedhof Ohlsdorf\/Hamburg \u00a9 Jan Einar Albin\" title=\"Weg zum anonymen Urnenhain - Friedhof Ohlsdorf\/Hamburg \u00a9 Jan Einar Albin\" \/><br \/>\nWeg zum anonymen Urnenhain. Das Tor fertigte Klaus B\u00f6sselmann 1980. Es bringt das Lebensthema \u201eWerden, Sein, Vergehen\u201c symbolhaft zum Ausdruck.<\/p>\n<p>Auf diesem Friedhof stehen auch viele Denkm\u00e4ler und Skulpturen. Neben jeder Menge Engel ist es dann auch die \u201eGrausame Gr\u00e4fin\u201c, die uns sagt, dass das Leben kein Honigschlecken ist:<\/p>\n<p><img src=\"https:\/\/www.willizblog.de\/images\/ohlsdorf_friedhof_das_schicksal.jpg\" alt=\"Das Schicksal - Friedhof Ohlsdorf\/Hamburg \u00a9 Jan Einar Albin\" title=\"Das Schicksal - Friedhof Ohlsdorf\/Hamburg \u00a9 Jan Einar Albin\" \/><br \/>\n\u00dcbel spielt \u201eDas Schicksal\u201c den Menschen in dieser 1905 von Hugo Lederer geschaffenen Marmorskulptur mit: Eine Frau, auch die \u201eGrausame Gr\u00e4fin\u201c genannt, zerrt zwei hilflose Menschen an den Haaren durch ihr Leben.<\/p>\n<p>Neben der Video aus der <em>NDR nord-story<\/em> fand ich noch andere kleinere Videobeitr\u00e4ge aus den Mediatheken der ARD: G\u00e4rtner Jens Bl\u00fcmke arbeitet auf dem Hamburger Friedhof Ohlsdorf und kennt sich nicht nur mit Pflanzen, sondern auch mit Trauerarbeit aus: Er hat f\u00fcr alle ein offenes Ohr.<\/p>\n<p><embed src=\"https:\/\/www.willizblog.de\/gddflvplayer.swf\" flashvars=\"?&#038;autoplay=false&#038;sound=70&#038;buffer=2&#038;clickTAG=https:\/\/www.willizblog.de\/&#038;mylogo=&#038;splashscreen=https:\/\/www.willizblog.de\/images\/video_splash2.jpg&#038;vdo=http:\/\/mediandr-a.akamaihd.net\/\/progressive\/2017\/0905\/TV-20170905-1649-0700.hd.mp4\" width=\"560\" height=\"315\" allowFullScreen=\"true\" quality=\"best\" wmode=\"transparent\" allowScriptAccess=\"always\"  pluginspage=\"https:\/\/get.adobe.com\/de\/flashplayer\/\"  type=\"application\/x-shockwave-flash\"><br \/>\nNDR \u2013 Mein Nachmittag: <a href=\"http:\/\/www.ndr.de\/fernsehen\/sendungen\/mein_nachmittag\/Die-gute-Seele-vom-Ohlsdorfer-Friedhof,meinnachmittag16430.html\" target=\"_blank\">Die gute Seele vom Ohlsdorfer Friedhof<\/a><\/p>\n<p>Und selbst die Gartensendung Querbeet des BR (Bayerischen Rundfunks)  brachte einen kurzen Beitrag zum Ohlsdorfer Friedhof:<\/p>\n<p><iframe loading=\"lazy\" width=\"560\" height=\"315\" src=\"https:\/\/www.youtube.com\/embed\/SYc5xCKJ0zw\" frameborder=\"0\" allowfullscreen><\/iframe><br \/>\nBR \u2013 Querbeet: <a href=\"http:\/\/www.ardmediathek.de\/tv\/Querbeet\/Hamburg-Ohlsdorf\/BR-Fernsehen\/Video?bcastId=15037798&#038;documentId=38512712\" target=\"_blank\">Hamburg-Ohlsdorf \u2013 ein Friedhof als Stadtpark<\/a><\/p>\n<p>weitere <a href=\"https:\/\/www.youtube.com\/results?search_query=ohlsdorfer+friedhof\" target=\"_blank\">Videos bei Youtube<\/a><\/p>\n<p>Nat\u00fcrlich reicht ein halber Tag nicht aus, um auch nur einen Teil des Friedhofes kennenzulernen. Und jede Jahreszeit hat ihre besonderen Seiten. Mit meiner Frau werde ich mit Sicherheit noch \u00f6fter diesen sehenswerten Parkfriedhof in Hamburgs Herzen besuchen kommen. Hilfreich ist nat\u00fcrlich Lekt\u00fcre, um sich zurechtzufinden. Allem voran das Buch <a target=\"_blank\" href=\"https:\/\/www.amazon.de\/gp\/product\/3861080869\/ref=as_li_tl?ie=UTF8&#038;camp=1638&#038;creative=6742&#038;creativeASIN=3861080869&#038;linkCode=as2&#038;tag=familiealbin-21&#038;linkId=b25cd508c586846a82dce6deb7d07944\"><strong>Der Ohlsdorfer Friedhof: Ein Handbuch von A-Z<\/strong><\/a><img loading=\"lazy\" src=\"\/\/ir-de.amazon-adsystem.com\/e\/ir?t=familiealbin-21&#038;l=am2&#038;o=3&#038;a=3861080869\" width=\"1\" height=\"1\" border=\"0\" alt=\"\" style=\"border:none !important; margin:0px !important;\" \/>, das besonders vor Ort schnelle Hilfe leistet.<\/p>\n","protected":false},"excerpt":{"rendered":"<p>Ein Friedhofg\u00e4nger bin ich eigentlich nicht. Okay, als Kind habe ich \u00f6fter mit meiner Mutter auf dem Sonntagsspaziergang den Friedhof Buntentor in der Bremer Neustadt besucht. Und zuletzt war es nat\u00fcrlich der Friedhof auf der Kirchwarft der Hallig Hooge. Am Montag, den 02.10., hatte ich einen Br\u00fcckentag genommen und fuhr mit meiner Frau und meinem &hellip; <a href=\"https:\/\/willizblog.de\/?p=10125\" class=\"more-link\"><span class=\"screen-reader-text\">140 Jahre Friedhof Ohlsdorf<\/span> weiterlesen <span class=\"meta-nav\">&rarr;<\/span><\/a><\/p>\n","protected":false},"author":1,"featured_media":0,"comment_status":"open","ping_status":"open","sticky":false,"template":"","format":"standard","meta":[],"categories":[20],"tags":[],"_links":{"self":[{"href":"https:\/\/willizblog.de\/index.php?rest_route=\/wp\/v2\/posts\/10125"}],"collection":[{"href":"https:\/\/willizblog.de\/index.php?rest_route=\/wp\/v2\/posts"}],"about":[{"href":"https:\/\/willizblog.de\/index.php?rest_route=\/wp\/v2\/types\/post"}],"author":[{"embeddable":true,"href":"https:\/\/willizblog.de\/index.php?rest_route=\/wp\/v2\/users\/1"}],"replies":[{"embeddable":true,"href":"https:\/\/willizblog.de\/index.php?rest_route=%2Fwp%2Fv2%2Fcomments&post=10125"}],"version-history":[{"count":0,"href":"https:\/\/willizblog.de\/index.php?rest_route=\/wp\/v2\/posts\/10125\/revisions"}],"wp:attachment":[{"href":"https:\/\/willizblog.de\/index.php?rest_route=%2Fwp%2Fv2%2Fmedia&parent=10125"}],"wp:term":[{"taxonomy":"category","embeddable":true,"href":"https:\/\/willizblog.de\/index.php?rest_route=%2Fwp%2Fv2%2Fcategories&post=10125"},{"taxonomy":"post_tag","embeddable":true,"href":"https:\/\/willizblog.de\/index.php?rest_route=%2Fwp%2Fv2%2Ftags&post=10125"}],"curies":[{"name":"wp","href":"https:\/\/api.w.org\/{rel}","templated":true}]}}