{"id":1013,"date":"2007-11-18T20:37:38","date_gmt":"2007-11-18T18:37:38","guid":{"rendered":"http:\/\/www.albinz.de\/blog\/?p=1013"},"modified":"2009-10-19T13:22:10","modified_gmt":"2009-10-19T11:22:10","slug":"in-rumanischer-gefangenschaft","status":"publish","type":"post","link":"https:\/\/willizblog.de\/?p=1013","title":{"rendered":"In rum\u00e4nischer &#8218;Gefangenschaft&#8216;"},"content":{"rendered":"<p>So langsam wird es winterlich (den ersten Frost hatten wir ja bereits, und hier bei uns wenige Flocken Schnee), da kam mir eine kleine Geschichte in den Sinn, ein Erlebnis nicht nur winterlicher Art, das ich mit meiner heutigen Frau vor \u00fcber 20 Jahren erlebte. Wir waren vom 16.01. bis zum 06.02.1986 bereits zum 2. Mal in Winterurlaub nach <a href=\"https:\/\/de.wikipedia.org\/wiki\/Rum%C3%A4nien\" target=\"_blank\">Rum\u00e4nien<\/a> gereist. F\u00fcr unseren damals besonders schmalen Geldbeutel war das gerade noch erschwinglich. Damals regierte noch <a href=\"https:\/\/de.wikipedia.org\/wiki\/Nicolae_Ceau%C5%9Fescu\" target=\"_blank\">Nicolae Ceausescu<\/a> das Land mit eiserner sozialistischer Hand. F\u00fcr die wohl eher wenigen westlichen Touristen war man dankbar. Den Menschen in Rum\u00e4nien ging es damals nicht sehr gut. Obwohl das Land \u00fcber \u00d6l- und Erdgasquellen verf\u00fcgt, waren Benzin, Heiz\u00f6l usw. rationiert.<\/p>\n<p>Im Winter zuvor (Weihnachten 1984 bis Neujahr 1985) waren wir zwei Wochen in dem sehr sch\u00f6nen <a href=\"https:\/\/de.wikipedia.org\/wiki\/Sinaia\" target=\"_blank\">Sinaia<\/a>, einem Ferienort mit vielen alten Villen. Anfang 1986 weilten wir dann drei Wochen in <a href=\"https:\/\/de.wikipedia.org\/wiki\/Predeal\" target=\"_blank\">Predeal<\/a> im Kreis Brasov und dort im <a href=\"http:\/\/www.hotelorizont.ro\/\" target=\"_blank\">Hotel Orizont<\/a>. Unterkunft und Verpflegung waren entgegen unseren Erwartungen bestens. Und ordentlich Schnee, vorallem Frost, hatten wir gen\u00fcgend. Aber hier nun die kleine Geschichte:<\/p>\n<p>In <a href=\"http:\/\/www.predeal.ro\/\" target=\"_blank\">Predeal<\/a> hatten wir Langlauf betrieben und eines Tages machten wir uns einmal ohne Skier auf den Weg. Wir gingen in Richtung Timisu de Sus, einen kleinen Ort in der N\u00e4he von Predeal. Dort schlugen wir uns in den Wald. Als Marschverpflegung hatten wir u.a. Schmalzgebackenes mit, das uns eine deutschst\u00e4mmige Rum\u00e4nin geschenkt hatte. Nach zwei Stunden machten wir eine l\u00e4ngere Pause, suchten uns einen Baumstamm zum Sitzen aus. Da entdeckten wir an einem Baum Tierhaare, die nach unserer Meinung nur von einem B\u00e4ren stammen konnten, der sich hier \u00e4hnlich wie Balu, der B\u00e4r aus dem Dschungelbuch, gerubbelt haben musste. In den rum\u00e4nischen W\u00e4ldern gibt es tats\u00e4chlich noch viele B\u00e4ren. Uns wurde ziemlich mulmig und wir dachten uns Strategien aus, mit deren Hilfe wir im Falle einer pers\u00f6nlichen Begegnung mit einem B\u00e4ren die Flucht ergreifen k\u00f6nnten: u.a. sollte uns das Schmalzgebackene aus Ablenkungsmittel dienen.<\/p>\n<table border=\"0\" cellpadding=\"5\" cellspacing=\"0\" width=\"100%\">\n<tr>\n<td width=\"50%\" align=\"center\"><img loading=\"lazy\" border=\"0\" src=\"https:\/\/www.willizblog.de\/albpics\/rumaenien_1986_01.jpg\" alt=\"Christa im rum\u00e4nischen Wald\" width=\"320\" height=\"217\"><\/td>\n<td width=\"50%\" align=\"center\"><img loading=\"lazy\" border=\"0\" src=\"https:\/\/www.willizblog.de\/albpics\/rumaenien_1986_02.jpg\" alt=\"Willi macht ein P\u00e4uschen\" width=\"217\" height=\"319\"><\/td>\n<\/tr>\n<tr>\n<td width=\"100%\" align=\"center\" colspan=\"2\"><font face=\"Lucida Grande, Lucida Sans Unicode, Verdana, sans-serif\" size=\"2\">&#8230; unterwegs in rum\u00e4nischen W\u00e4ldern<\/font><\/td>\n<\/tr>\n<\/table>\n<p>Aber uns sollte noch etwas mulmiger werden. Der Wald wurde durch eine Bahnstrecke geteilt. Und an jeder Kurve sahen wir Milit\u00e4r postiert, so als rechnete man damit, dass auf die Bahnstrecke ein Anschlag ver\u00fcbt werden k\u00f6nnte. So schlugen wir uns in den Wald zur\u00fcck. Aber pl\u00f6tzlich kamen wir auf eine Lichtung, und dort vor uns befand sich quasi das Basislager der Milit\u00e4rposten. Schon wollten wir in den Wald zur\u00fcck, aber wir erkannten, dass man uns bereits wahrgenommen hatte und mehrere Soldaten durch eine Absperrung auf uns zukamen. Flucht war unm\u00f6glich, also gingen wir den Soldaten entgegen. Wir f\u00fcrchteten, erschossen zu werden (was wussten wir, wie man auf uns reagiert), dachten daran, die Arme zu erheben (vielleicht mit einem Taschentuch als Zeichen der Aufgabe zu wedeln?).<\/p>\n<p>Nun, da ich dies hier schreibe, meine Frau nicht an Nachwirkungen von irgendwelchen Schussverletzungen leidet, wissen wir, dass nicht geschossen wurde. Rum\u00e4nisch ist, wie der Name es schon sagt, eine romanische Sprache. Und so versuchte ich klarzumachen, dass wir zur\u00fcck auf den Weg nach Predeal wollten. &#8222;Strada via Predeal &#8230;&#8220; sagte ich und zeigte mit der Hand in die Gegend. Die Soldaten unterhielten sich, hatten wohl auch verstanden und riefen einen weiteren Soldaten zu sich, der sich anscheinendl mit den \u00d6rtlichkeiten hier besser auskannte als sie. Er kam, ging voran und wies uns an, ihm zu folgen. Noch waren wir uns nicht sicher, ob er uns vielleicht nur in den Wald f\u00fchren wolle, um uns dort standrechtlich zu erschie\u00dfen, denn ein Gewehr hatte er wie die anderen bei sich. Er ging mit schnellen Schritten vor uns her, wir kamen in unserem Schrecken kaum hinterher, es ging in den Wald zur\u00fcck, dort eine Anh\u00f6he hinauf und immer weiter &#8230; Dann hielt er an und fragte uns nach einer Zigarette. Ich hatte mich in Deutschland mit Zigarettenschachteln eingedeckt und gottlob auch zwei Packungen bei mir. Ich reichte ihm beide, eine \u00f6ffnete er sogleich, nahm sich eine Zigarette heraus und bot mir eine an.<\/p>\n<p>So rauchten wir in Ruhe. Dann zeigte er in eine bestimmte Richtung, gr\u00fc\u00dfte und bedankte sich und ging zur\u00fcck. Nach kurzem Weg fanden wir die Stra\u00dfe, die nach Predeal zur\u00fcckf\u00fchrte. Uns war trotz des Frostes sehr warm geworden. Wir mussten lachen, als wir zur\u00fcck auf unserem Hotelzimmer waren. Haben wir doch tats\u00e4chlich geglaubt, in Gefangenschaft zu geraten oder gar erschossen zu werden?! Dabei war man freundlich zu uns und half uns zur\u00fcck auf den Weg.<\/p>\n","protected":false},"excerpt":{"rendered":"<p>So langsam wird es winterlich (den ersten Frost hatten wir ja bereits, und hier bei uns wenige Flocken Schnee), da kam mir eine kleine Geschichte in den Sinn, ein Erlebnis nicht nur winterlicher Art, das ich mit meiner heutigen Frau vor \u00fcber 20 Jahren erlebte. Wir waren vom 16.01. bis zum 06.02.1986 bereits zum 2. &hellip; <a href=\"https:\/\/willizblog.de\/?p=1013\" class=\"more-link\"><span class=\"screen-reader-text\">In rum\u00e4nischer &#8218;Gefangenschaft&#8216;<\/span> weiterlesen <span class=\"meta-nav\">&rarr;<\/span><\/a><\/p>\n","protected":false},"author":1,"featured_media":0,"comment_status":"open","ping_status":"closed","sticky":false,"template":"","format":"standard","meta":[],"categories":[10],"tags":[],"_links":{"self":[{"href":"https:\/\/willizblog.de\/index.php?rest_route=\/wp\/v2\/posts\/1013"}],"collection":[{"href":"https:\/\/willizblog.de\/index.php?rest_route=\/wp\/v2\/posts"}],"about":[{"href":"https:\/\/willizblog.de\/index.php?rest_route=\/wp\/v2\/types\/post"}],"author":[{"embeddable":true,"href":"https:\/\/willizblog.de\/index.php?rest_route=\/wp\/v2\/users\/1"}],"replies":[{"embeddable":true,"href":"https:\/\/willizblog.de\/index.php?rest_route=%2Fwp%2Fv2%2Fcomments&post=1013"}],"version-history":[{"count":0,"href":"https:\/\/willizblog.de\/index.php?rest_route=\/wp\/v2\/posts\/1013\/revisions"}],"wp:attachment":[{"href":"https:\/\/willizblog.de\/index.php?rest_route=%2Fwp%2Fv2%2Fmedia&parent=1013"}],"wp:term":[{"taxonomy":"category","embeddable":true,"href":"https:\/\/willizblog.de\/index.php?rest_route=%2Fwp%2Fv2%2Fcategories&post=1013"},{"taxonomy":"post_tag","embeddable":true,"href":"https:\/\/willizblog.de\/index.php?rest_route=%2Fwp%2Fv2%2Ftags&post=1013"}],"curies":[{"name":"wp","href":"https:\/\/api.w.org\/{rel}","templated":true}]}}