{"id":10150,"date":"2017-10-18T10:13:53","date_gmt":"2017-10-18T10:13:53","guid":{"rendered":"http:\/\/willizblog.de\/?p=10150"},"modified":"2018-02-08T13:26:41","modified_gmt":"2018-02-08T13:26:41","slug":"40-jahre-deutscher-herbst-18-10-1977","status":"publish","type":"post","link":"https:\/\/willizblog.de\/?p=10150","title":{"rendered":"40 Jahre Deutscher Herbst \u2013 der Tatort"},"content":{"rendered":"<p>Es ist ein Teil unserer Geschichte. Und hierzu ist viel geschrieben worden. Es gibt Filme, ob nun als Dokumentation oder als Spielfilm, die diese Tage im Oktober vor 40 Jahre thematisieren:<br \/>\nIm Oktober 1977 fand der Deutsche Herbst seinen traurigen H\u00f6hepunkt. Nach der Ermordung von Hanns-Martin Schleyer und der Befreiung der gekaperten &#8222;Landshut&#8220; nehmen sich die RAF-Gr\u00fcnder Andreas Baader, Gudrun Ensslin und Jan-Carl Raspe in der Nacht vom 18. auf den 19. Oktober im Gef\u00e4ngnis Stammheim das Leben. Hier ein \u00dcberblick von <a href=\"http:\/\/www.radiobremen.de\/bremenzwei\/rubriken\/wochenserien\/deutscher-herbst100.html\" rel=\"noopener\" target=\"_blank\">Radio Bremen<\/a><\/p>\n<p><img src=\"http:\/\/www.ard.de\/image\/4399704\/16x9\/4789000587560973152\/512\" alt=\"Fahndungsfoto der RAF-Terroristen Andreas Baader, Gudrun Ensslin und Jan Carl Raspe. | Bildquelle: rb \/ picture-alliance\/dpa\" title=\"Fahndungsfoto der RAF-Terroristen Andreas Baader, Gudrun Ensslin und Jan Carl Raspe. | Bildquelle: rb \/ picture-alliance\/dpa\" \/><\/p>\n<p>40 Jahre liegen der Deutsche Herbst und die Todesnacht von Stammheim zur\u00fcck. Die Folgen dieser traumatischen Zeit beeinflussen <a href=\"http:\/\/www.daserste.de\/unterhaltung\/krimi\/tatort\/sendung\/der-rote-schatten-100.html\" rel=\"noopener\" target=\"_blank\">den aktuellen Fall der Kommissare Lannert und Bootz<\/a>. <\/p>\n<p><em>In der Nacht zum 18. Oktober 1977, nach Befreiung der Lufthansa-Maschine &#8222;Landshut&#8220; in Mogadischu und der Ermordung des Arbeitgeberpr\u00e4sidenten Hanns-Martin Schleyer, fand der sogenannte Deutsche Herbst seine Zuspitzung in der &#8222;Todesnacht von Stammheim&#8220;, in der Andreas Baader, Gudrun Ensslin und Jan-Carl Raspe in ihren Gef\u00e4ngniszellen den Tod fanden und Irmgard M\u00f6ller sich lebensgef\u00e4hrlich verletzte. Diese historische Situation, die sich in diesem Herbst zum 40. Mal j\u00e4hrt, bildet den Hintergrund f\u00fcr Dominik Grafs Stuttgarter &#8222;Tatort: Der rote Schatten&#8220;. Die langen Schatten jener Nacht und des Kampfs gegen den RAF-Terrorismus reichen in dem Tatort bis in die Gegenwart. Genauso wie die ungekl\u00e4rten Fragen, die damit verbunden sind, zum Beispiel: Wie kamen die Waffen wirklich in den Hochsicherheitstakt des Stammheimer Gef\u00e4ngnisses? Wie weit reicht der Spielraum f\u00fcr den Verfassungsschutz? Warum ist es nicht m\u00f6glich, die Ereignisse in der Nacht zum 18. Oktober zweifelsfrei zu kl\u00e4ren? Dominik Graf besch\u00e4ftigt sich in seinem ersten Stuttgarter &#8222;Tatort&#8220; mit diesen Fragen. Vergangenheit und Gegenwart greifen ineinander. Daf\u00fcr nutzt Dominik Graf historisches Material, das er virtuos mit nachgedrehten Szenen verschr\u00e4nkt. <\/em><\/p>\n<p><embed src=\"https:\/\/www.willizblog.de\/gddflvplayer.swf\" flashvars=\"?&#038;autoplay=false&#038;sound=70&#038;buffer=2&#038;clickTAG=https:\/\/www.willizblog.de\/&#038;mylogo=&#038;splashscreen=https:\/\/www.willizblog.de\/images\/video_splash2.jpg&#038;vdo=https:\/\/pdvideosdaserste-a.akamaihd.net\/int\/2017\/10\/11\/b863ab59-04bb-4b69-b536-c1f5441a8711\/960-1.mp4\" width=\"560\" height=\"315\" allowFullScreen=\"true\" quality=\"best\" wmode=\"transparent\" allowScriptAccess=\"always\"  pluginspage=\"https:\/\/get.adobe.com\/de\/flashplayer\/\"  type=\"application\/x-shockwave-flash\"><br \/>\n<strong>Tatort 1031 aus Stuttgart (2017): Der rote Schatten<\/strong> (ARD-Mediathek &#8211; verf\u00fcgbar bis 14.11.2017)<\/p>\n<p>siehe auch meinen Beitrag: <a href=\"https:\/\/www.willizblog.de\/?p=956\" target=\"_blank\">30 Jahre &#8222;Deutscher Herbst&#8220;<\/a><\/p>\n","protected":false},"excerpt":{"rendered":"<p>Es ist ein Teil unserer Geschichte. Und hierzu ist viel geschrieben worden. Es gibt Filme, ob nun als Dokumentation oder als Spielfilm, die diese Tage im Oktober vor 40 Jahre thematisieren: Im Oktober 1977 fand der Deutsche Herbst seinen traurigen H\u00f6hepunkt. Nach der Ermordung von Hanns-Martin Schleyer und der Befreiung der gekaperten &#8222;Landshut&#8220; nehmen sich &hellip; <a href=\"https:\/\/willizblog.de\/?p=10150\" class=\"more-link\"><span class=\"screen-reader-text\">40 Jahre Deutscher Herbst \u2013 der Tatort<\/span> weiterlesen <span class=\"meta-nav\">&rarr;<\/span><\/a><\/p>\n","protected":false},"author":1,"featured_media":0,"comment_status":"open","ping_status":"open","sticky":false,"template":"","format":"standard","meta":[],"categories":[441,2],"tags":[],"_links":{"self":[{"href":"https:\/\/willizblog.de\/index.php?rest_route=\/wp\/v2\/posts\/10150"}],"collection":[{"href":"https:\/\/willizblog.de\/index.php?rest_route=\/wp\/v2\/posts"}],"about":[{"href":"https:\/\/willizblog.de\/index.php?rest_route=\/wp\/v2\/types\/post"}],"author":[{"embeddable":true,"href":"https:\/\/willizblog.de\/index.php?rest_route=\/wp\/v2\/users\/1"}],"replies":[{"embeddable":true,"href":"https:\/\/willizblog.de\/index.php?rest_route=%2Fwp%2Fv2%2Fcomments&post=10150"}],"version-history":[{"count":0,"href":"https:\/\/willizblog.de\/index.php?rest_route=\/wp\/v2\/posts\/10150\/revisions"}],"wp:attachment":[{"href":"https:\/\/willizblog.de\/index.php?rest_route=%2Fwp%2Fv2%2Fmedia&parent=10150"}],"wp:term":[{"taxonomy":"category","embeddable":true,"href":"https:\/\/willizblog.de\/index.php?rest_route=%2Fwp%2Fv2%2Fcategories&post=10150"},{"taxonomy":"post_tag","embeddable":true,"href":"https:\/\/willizblog.de\/index.php?rest_route=%2Fwp%2Fv2%2Ftags&post=10150"}],"curies":[{"name":"wp","href":"https:\/\/api.w.org\/{rel}","templated":true}]}}