{"id":10160,"date":"2017-10-19T08:35:04","date_gmt":"2017-10-19T08:35:04","guid":{"rendered":"http:\/\/willizblog.de\/?p=10160"},"modified":"2017-10-19T08:45:48","modified_gmt":"2017-10-19T08:45:48","slug":"buxtehude-wo-die-hunde-mit-dem-schwanze-bellen","status":"publish","type":"post","link":"https:\/\/willizblog.de\/?p=10160","title":{"rendered":"Buxtehude \u2013 wo die Hunde mit dem Schwanze bellen"},"content":{"rendered":"<p>Letzten Samstag machte ich mit meiner Frau einen Abstecher nach <a href=\"https:\/\/de.wikipedia.org\/wiki\/Buxtehude\" rel=\"noopener\" target=\"_blank\">Buxtehude<\/a>. Die Kleinstadt liegt auf der anderen Elbseite gegen\u00fcber von Hamburg, genauer von Wedel, an der <a href=\"https:\/\/de.wikipedia.org\/wiki\/Este_(Fluss)\" rel=\"noopener\" target=\"_blank\">Este<\/a>, die in dem Ort eine grachtartige <a href=\"https:\/\/de.wikipedia.org\/wiki\/Fleet\" rel=\"noopener\" target=\"_blank\">Flethanlage<\/a> bildet. Diese war in dieser Jahreszeit nat\u00fcrlich durch herbstlich gef\u00e4rbte B\u00e4ume ges\u00e4umt.<\/p>\n<p><img src=\"https:\/\/www.willizblog.de\/images\/buxtehude2017_05.jpg\" alt=\"Buxtehude 2017: Herbstliche Impression am Fleth\" title=\"Buxtehude 2017: Herbstliche Impression am Fleth\" \/><\/p>\n<p>Buxtehude geh\u00f6rt allem Anschein nach zu den Orten, die viele f\u00fcr einen fiktiven Ort halten, so wie <em>Kleinkleckersdorf<\/em> oder <a href=\"https:\/\/de.wikipedia.org\/wiki\/Hintertupfingen\" rel=\"noopener\" target=\"_blank\">Hintertupfingen<\/a>. Warum auch immer. Aber es gibt ihn, diesen Ort, in der das <a href=\"https:\/\/de.wikipedia.org\/wiki\/Der_Hase_und_der_Igel\" rel=\"noopener\" target=\"_blank\">M\u00e4rchen vom Wettlauf zwischen Igel und Hase<\/a> beheimatet ist.<\/p>\n<ul><em>Buxtehude und Kraxtepellen \u2013<br \/>\nwo die Hunde mit dem Schwanze bellen.<\/em><\/ul>\n<p>Ja, auch das ist so eine Sache, die Buxtehude gewisserma\u00dfen anlastet (und den Ort daher wohl ins Fiktive gleiten lie\u00df &#8211; <a href=\"http:\/\/genwiki.genealogy.net\/Kraxtepellen\" rel=\"noopener\" target=\"_blank\">Kraxtepellen<\/a> liegt \u00fcbrigens im ehemaligen Ostpreu\u00dfen). Nur sind es nicht eigentlich Hunde, die bellen, sondern Glocken, die schon in fr\u00fchen Jahren mit einem Seil gel\u00e4utet wurden. &#8222;Die &#8218;Hunt&#8216; ist die Glocke und &#8218;bellt&#8216; kommt aus dem Englischen von &#8218;L\u00e4uten&#8216;. Das Seil wurde zum Schwanz.<\/p>\n<ul><img src=\"http:\/\/www.radiobremen.de\/nordwestradio\/serien\/schauplatz-nordwest\/buxtehude-dackel102_v-panorama.jpg\" alt=\"Dackel-Denkmal in Buxtehude [Quelle: Radio Bremen]\" title=\"Dackel-Denkmal in Buxtehude [Quelle: Radio Bremen]\" \/><\/ul>\n<p>Und <a href=\"http:\/\/www.radiobremen.de\/nordwestradio\/serien\/schauplatz-nordwest\/buxtehude-dackel104.html\" rel=\"noopener\" target=\"_blank\">Stadtarchivar Bernd Uterm\u00f6hlen erkl\u00e4rt<\/a>: <em>Buxtehude wurde von holl\u00e4ndischen Wasserbauern gebaut und war damals die modernste Hafengr\u00fcndung auf deutschem Boden. &#8222;Die Stadt bekam auch eine Kirche mit einem hohen Kirchturm. In diesem Turm wurden die Glocken schon mit einem Seil gel\u00e4utet, auf dem platten Land dagegen wurden zu der Zeit die Glocken noch mit einem Hammer angeschlagen. Das Seil franste aus und erinnerte dann an einen Hundeschwanz. Die Glocken wurden Hunde genannt, und so entstand der Schnack &#8218;Die Hunde bellen in Buxtehude mit dem Schwanz&#8216;, wobei damit eben das Glockengel\u00e4ut gemeint ist. Dies k\u00fcndet letztlich von dem fortschrittlichen Geist der Buxtehuder B\u00fcrger, die hier diese moderne Technik schon eingef\u00fchrt hatten.&#8220;<\/em><\/p>\n<p><object classid=\"clsid:D27CDB6E-AE6D-11cf-96B8-444553540000\" width=\"560\" height=\"380\" codebase=\"http:\/\/download.macromedia.com\/pub\/shockwave\/cabs\/flash\/swflash.cab\"><param name=\"movie\" value=\"https:\/\/www.willizblog.de\/blogpicts\/slideshow.swf?file=https:\/\/www.willizblog.de\/images\/buxtehude2017.xml\" \/><param name=\"wmode\" value=\"transparent\" \/><embed width=\"560\" height=\"380\" src=\"https:\/\/www.willizblog.de\/blogpicts\/slideshow.swf?file=https:\/\/www.willizblog.de\/images\/buxtehude2017.xml\" type=\"application\/x-shockwave-flash\" pluginspage=\"http:\/\/www.macromedia.com\/go\/getflashplayer\" wmode=\"transparent\" \/><\/object><\/p>\n<p>Tats\u00e4chlich erinnert die Altstadt von Buxtehude einer holl\u00e4ndischen Stadt mit Fleth und dem Festungsgraben, dessen Name mit dem niederl\u00e4ndischen Wort Viver (vijver; dt. Weiher, Teich).bezeichnet wird. Sie l\u00e4dt ein zum Bummeln und Entspannen. So fanden wir idyllisch am Westviver gelegen eine Caf\u00e9bar, die auch au\u00dfen Sitzm\u00f6glichkeiten in Form von Strandk\u00f6rben, Liegest\u00fchlen und Korbsesseln anbot: <a href=\"http:\/\/entlein-buxtehude.de\/\" rel=\"noopener\" target=\"_blank\">Entlein!<\/a> Meine Frau und ich lie\u00dfen sich in einem Strandkorb nieder und genossen Tee bzw. eine Kaffeespezialit\u00e4t des Hauses zu Waffeln mit Rote-Gr\u00fctzso\u00dfe.<\/p>\n<p><img src=\"https:\/\/www.willizblog.de\/images\/buxtehude2017_03.jpg\" alt=\"Buxtehude 2017: Buxtehuder B\u00fcrgerhaus\" title=\"Buxtehude 2017: Buxtehuder B\u00fcrgerhaus\" \/><\/p>\n<p>Buxtehude liegt noch im <a href=\"http:\/\/www.hvv.de\/\" rel=\"noopener\" target=\"_blank\">HVV-Bereich<\/a> und l\u00e4sst sich mit S-Bahn und dem Metronom-Zug Richtung Cuxhaven ziemlich schnell von Harburg erreichen.<\/p>\n","protected":false},"excerpt":{"rendered":"<p>Letzten Samstag machte ich mit meiner Frau einen Abstecher nach Buxtehude. Die Kleinstadt liegt auf der anderen Elbseite gegen\u00fcber von Hamburg, genauer von Wedel, an der Este, die in dem Ort eine grachtartige Flethanlage bildet. Diese war in dieser Jahreszeit nat\u00fcrlich durch herbstlich gef\u00e4rbte B\u00e4ume ges\u00e4umt. Buxtehude geh\u00f6rt allem Anschein nach zu den Orten, die &hellip; <a href=\"https:\/\/willizblog.de\/?p=10160\" class=\"more-link\"><span class=\"screen-reader-text\">Buxtehude \u2013 wo die Hunde mit dem Schwanze bellen<\/span> weiterlesen <span class=\"meta-nav\">&rarr;<\/span><\/a><\/p>\n","protected":false},"author":1,"featured_media":0,"comment_status":"open","ping_status":"open","sticky":false,"template":"","format":"standard","meta":[],"categories":[10],"tags":[],"_links":{"self":[{"href":"https:\/\/willizblog.de\/index.php?rest_route=\/wp\/v2\/posts\/10160"}],"collection":[{"href":"https:\/\/willizblog.de\/index.php?rest_route=\/wp\/v2\/posts"}],"about":[{"href":"https:\/\/willizblog.de\/index.php?rest_route=\/wp\/v2\/types\/post"}],"author":[{"embeddable":true,"href":"https:\/\/willizblog.de\/index.php?rest_route=\/wp\/v2\/users\/1"}],"replies":[{"embeddable":true,"href":"https:\/\/willizblog.de\/index.php?rest_route=%2Fwp%2Fv2%2Fcomments&post=10160"}],"version-history":[{"count":0,"href":"https:\/\/willizblog.de\/index.php?rest_route=\/wp\/v2\/posts\/10160\/revisions"}],"wp:attachment":[{"href":"https:\/\/willizblog.de\/index.php?rest_route=%2Fwp%2Fv2%2Fmedia&parent=10160"}],"wp:term":[{"taxonomy":"category","embeddable":true,"href":"https:\/\/willizblog.de\/index.php?rest_route=%2Fwp%2Fv2%2Fcategories&post=10160"},{"taxonomy":"post_tag","embeddable":true,"href":"https:\/\/willizblog.de\/index.php?rest_route=%2Fwp%2Fv2%2Ftags&post=10160"}],"curies":[{"name":"wp","href":"https:\/\/api.w.org\/{rel}","templated":true}]}}