{"id":1022,"date":"2007-11-29T21:21:25","date_gmt":"2007-11-29T19:21:25","guid":{"rendered":"http:\/\/www.albinz.de\/blog\/?p=1022"},"modified":"2008-05-19T11:49:02","modified_gmt":"2008-05-19T09:49:02","slug":"werder-entthront-die-koniglichen","status":"publish","type":"post","link":"https:\/\/willizblog.de\/?p=1022","title":{"rendered":"Werder entthront die &#8218;K\u00f6niglichen&#8216;"},"content":{"rendered":"<p>Dem Urteil, Werder Bremen habe gegen die &#8218;K\u00f6niglichen&#8216; aus Madrid (Real Madrid) k\u00f6niglich gespielt, m\u00f6chte ich mich nicht anschlie\u00dfen. Daf\u00fcr gab es im Mittelfeld zu viele Abspielfehler, die auch zu den beiden Gegentoren f\u00fchrten. Aber im 5. Spiel in der Fu\u00dfball-Champions League gelang den Bremern mit einer Rumpf- bzw. Verlegenheitself eine hervorragende Mannschaftsleistung, mit der das Millionen-Ensemble niedergerungen wurde. Den Ausfall von Spielmacher Diego machte Daniel Jensen mit einer Weltklasseleistung wett. Auch Torwart Christian Vander stand in nichts dem Stammtorh\u00fcter Tim Wiese nach. Als Dusko Tosic f\u00fcr den bereits in der Anfangsphase verletzten Clemens Fritz (oh Weh, nicht schon wieder ein Verletzter) ins Spiel kam, ordnete sich dieser sehr gut in das Mannschaftsgef\u00fcge ein. Und dann diese Supertore von Markus Rosenberg, Boubacar Sanogo und Aaron Hunt, der lange verletzt war und erst seit zwei Wochen wieder am Mannschaftstraining teilnimmt.<\/p>\n<p><img src=\"https:\/\/www.willizblog.de\/albpics\/werder_teamgeist_cl2007_08.jpg\" alt=\"Werders Mannschaftsgeist\" \/><\/p>\n<p>Jetzt kann sich Werder Bremen aus eigener Kraft (aber auch nur mit einem Sieg bei Olympiakos Pir\u00e4us) das Weiterkommen ins Achtelfinale sichern.<\/p>\n<p>Und noch eine frohe Kunde (trotz der Verletztenmisere bei Werder): <a href=\"https:\/\/www.willizblog.de\/?p=997\" target=\"_blank\">Ivan Klasnic<\/a> absolvierte am vergangenen Wochenende gegen Energie Cottbus sein erstes Pflichtspiel in der A-Mannschaft nach seiner Nierentransplantation und spielte \u00fcber 60 Minuten eine ansprechende Party.<\/p>\n","protected":false},"excerpt":{"rendered":"<p>Dem Urteil, Werder Bremen habe gegen die &#8218;K\u00f6niglichen&#8216; aus Madrid (Real Madrid) k\u00f6niglich gespielt, m\u00f6chte ich mich nicht anschlie\u00dfen. Daf\u00fcr gab es im Mittelfeld zu viele Abspielfehler, die auch zu den beiden Gegentoren f\u00fchrten. Aber im 5. Spiel in der Fu\u00dfball-Champions League gelang den Bremern mit einer Rumpf- bzw. Verlegenheitself eine hervorragende Mannschaftsleistung, mit der &hellip; <a href=\"https:\/\/willizblog.de\/?p=1022\" class=\"more-link\"><span class=\"screen-reader-text\">Werder entthront die &#8218;K\u00f6niglichen&#8216;<\/span> weiterlesen <span class=\"meta-nav\">&rarr;<\/span><\/a><\/p>\n","protected":false},"author":1,"featured_media":0,"comment_status":"open","ping_status":"closed","sticky":false,"template":"","format":"standard","meta":[],"categories":[27],"tags":[],"_links":{"self":[{"href":"https:\/\/willizblog.de\/index.php?rest_route=\/wp\/v2\/posts\/1022"}],"collection":[{"href":"https:\/\/willizblog.de\/index.php?rest_route=\/wp\/v2\/posts"}],"about":[{"href":"https:\/\/willizblog.de\/index.php?rest_route=\/wp\/v2\/types\/post"}],"author":[{"embeddable":true,"href":"https:\/\/willizblog.de\/index.php?rest_route=\/wp\/v2\/users\/1"}],"replies":[{"embeddable":true,"href":"https:\/\/willizblog.de\/index.php?rest_route=%2Fwp%2Fv2%2Fcomments&post=1022"}],"version-history":[{"count":0,"href":"https:\/\/willizblog.de\/index.php?rest_route=\/wp\/v2\/posts\/1022\/revisions"}],"wp:attachment":[{"href":"https:\/\/willizblog.de\/index.php?rest_route=%2Fwp%2Fv2%2Fmedia&parent=1022"}],"wp:term":[{"taxonomy":"category","embeddable":true,"href":"https:\/\/willizblog.de\/index.php?rest_route=%2Fwp%2Fv2%2Fcategories&post=1022"},{"taxonomy":"post_tag","embeddable":true,"href":"https:\/\/willizblog.de\/index.php?rest_route=%2Fwp%2Fv2%2Ftags&post=1022"}],"curies":[{"name":"wp","href":"https:\/\/api.w.org\/{rel}","templated":true}]}}