{"id":10234,"date":"2017-11-30T12:18:39","date_gmt":"2017-11-30T12:18:39","guid":{"rendered":"http:\/\/willizblog.de\/?p=10234"},"modified":"2017-11-30T12:18:39","modified_gmt":"2017-11-30T12:18:39","slug":"meine-arbeitsstaette-als-filmkulisse-die-kanzlei-folge-24","status":"publish","type":"post","link":"https:\/\/willizblog.de\/?p=10234","title":{"rendered":"Meine Arbeitsst\u00e4tte als Filmkulisse (Die Kanzlei \u2013 Folge 24)"},"content":{"rendered":"<p>Leider kann ich nicht behaupten, dass Rechtsanw\u00e4lte zu meinen besten Freunden geh\u00f6ren. Irgendwie habe ich zu denen ein \u00e4hnlich ambivalentes Verh\u00e4ltnis wie zu Versicherungsvertretern und Zahn\u00e4rzten. Da sollte es \u00fcberraschen, wenn ich gestehe, dass mir seit einigen Jahren eine TV-Serie, in der Rechtsanw\u00e4lte die Hauptrollen spielen, ganz gut gef\u00e4llt. Allerdings verhalten sich diese Anw\u00e4lte nicht so, wie wir es meist von ihnen erwarten, also als solche, denen das Rechtbekommen weit vor Gerechtigkeit geht. Begonnen hat die Serie unter dem Namen <a href=\"https:\/\/www.fernsehserien.de\/der-dicke\" rel=\"noopener\" target=\"_blank\">\u201eDer Dicke\u201c<\/a> im Jahr 2005, als Gregor Ehrenberg (<a href=\"https:\/\/de.wikipedia.org\/wiki\/Dieter_Pfaff\" rel=\"noopener\" target=\"_blank\">Dieter Pfaff<\/a>) lange Jahre nur ein Ziel hatte \u2013 ein m\u00f6glichst erfolgreicher Anwalt zu sein. Mit Mitte 50 besinnt er sich aber darauf, was ihn urspr\u00fcnglich dazu veranlasst hatte, Anwalt zu werden: Er wollte den Menschen helfen. Und so steigt er aus seiner urspr\u00fcnglichen Kanzlei aus, l\u00e4sst mehrere finanzielle Schwergewichte sausen und zieht nach Hamburg-Altona, um sich f\u00fcr die Sorgen und N\u00f6te vor Ort einzusetzen.<\/p>\n<p>Die Serie dauerte vier Staffeln zu je 13 Folgen und ging bis 2012. W\u00e4hrend der Dreharbeiten zur 5. Staffel der Serie Der Dicke verstarb der Hauptdarsteller Dieter Pfaff am 5. M\u00e4rz 2013 an Lungenkrebs. Nach dem Tod des Protagonisten wurde bekannt, dass Herbert Knaup neben Sabine Postel neuer Hauptdarsteller wird. Die Serie wurde unter dem Titel <a href=\"https:\/\/de.wikipedia.org\/wiki\/Die_Kanzlei\" rel=\"noopener\" target=\"_blank\">Die Kanzlei<\/a> fortgesetzt.<\/p>\n<p><img src=\"https:\/\/www.willizblog.de\/pics\/drk_eingang02.jpg\" alt=\"Eingang zum DRK Suchdienst Standort Hamburg\" title=\"Eingang zum DRK Suchdienst Standort Hamburg\" \/><\/p>\n<p>Seit 2015 gibt es jetzt also diese <a href=\"http:\/\/www.daserste.de\/unterhaltung\/serie\/die-kanzlei\/index.html\" rel=\"noopener\" target=\"_blank\">Nachfolgeserie<\/a> und l\u00e4uft zz. in der dritten Staffel (insgesamt 28 Folgen). F\u00fcr eine der neuen Folgen wurde nun meine Arbeitsst\u00e4tte zur Filmkulisse. Am Mittwoch, den 29.03.2017, wurden von ca. 14.00 Uhr bis 16.00 Uhr die entsprechenden Szenen gedreht. F\u00fcr den o.g. Zeitraum wurde das Schild \u201cJugendamt\u201d (genauer: <em>Bezirksamt Hamburg \u2013 Fachamt Jugend- und Familienhilfe<\/em>) an der Fassade befestigt (mit Klebeband). So wurde also aus dem <a href=\"https:\/\/www.drk-suchdienst.de\/de\" rel=\"noopener\" target=\"_blank\">Suchdienst<\/a> f\u00fcr kurze Zeit eine Beh\u00f6rde.<\/p>\n<p><img src=\"https:\/\/www.willizblog.de\/pics\/drk_eingang01.jpg\" alt=\"Eingang zum DRK Suchdienst Standort Hamburg\" title=\"Eingang zum DRK Suchdienst Standort Hamburg\" \/><\/p>\n<p><img src=\"https:\/\/www.willizblog.de\/pics\/die_kanzlei24_drk01.jpg\" alt=\"Eingang zum Bezirksamt (Suchdienst)\" title=\"Eingang zum Bezirksamt (Suchdienst)\" \/><\/p>\n<p>In <a href=\"https:\/\/www.fernsehserien.de\/die-kanzlei\/folgen\/3x04-nacht-und-nebel-1141036\" rel=\"noopener\" target=\"_blank\">Folge 24 \u201eNacht und Nebel\u201c<\/a>, die am 7. November d.J. (in der ARD-Mediathek leider nicht mehr verf\u00fcgbar) ausgestrahlt wurde, ist f\u00fcr gut sechzig Sekunden die Fassade meiner Arbeitsst\u00e4tte zur Filmkulisse geworden. Eine Szene spielt dabei unmittelbar vor den Fenstern meines B\u00fcros.<\/p>\n<p><img src=\"https:\/\/www.willizblog.de\/pics\/die_kanzlei24_drk02.jpg\" alt=\"Gespr\u00e4ch direkt vor den Fenstern meines B\u00fcros\" title=\"Gespr\u00e4ch direkt vor den Fenstern meines B\u00fcros\" \/><\/p>\n<p>Es ist nicht das erste Mal, dass in der Amandastra\u00dfe bzw. in deren N\u00e4he Filmausnahmen gemacht wurden. \u00dcberhaupt stolpert man in einer Gro\u00dfstadt wie Hamburg \u00f6fter \u00fcber Filmteams. Und vor einigen Jahren wurde ich auch schon einmal selbst f\u00fcr wenige Sekunden f\u00fcr einen Filmbericht interviewt. Und noch viel fr\u00fcher kann man mich die <a href=\"http:\/\/www.studierendenwerk-hamburg.de\/studierendenwerk\/de\/essen\/\" rel=\"noopener\" target=\"_blank\">Mensa der Universit\u00e4t Hamburg<\/a> (<em>Mensa Campus Von-Melle-Park<\/em>) in einer Reportage betreten sehen. Zum Filmstar reicht so etwas nat\u00fcrlich nicht.<\/p>\n<p><img src=\"https:\/\/www.willizblog.de\/pics\/die_kanzlei24_drk03.jpg\" alt=\"Hamburg \u2013 Amandastra\u00dfe\" title=\"Hamburg \u2013 Amandastra\u00dfe\" \/><\/p>\n","protected":false},"excerpt":{"rendered":"<p>Leider kann ich nicht behaupten, dass Rechtsanw\u00e4lte zu meinen besten Freunden geh\u00f6ren. Irgendwie habe ich zu denen ein \u00e4hnlich ambivalentes Verh\u00e4ltnis wie zu Versicherungsvertretern und Zahn\u00e4rzten. Da sollte es \u00fcberraschen, wenn ich gestehe, dass mir seit einigen Jahren eine TV-Serie, in der Rechtsanw\u00e4lte die Hauptrollen spielen, ganz gut gef\u00e4llt. Allerdings verhalten sich diese Anw\u00e4lte nicht &hellip; <a href=\"https:\/\/willizblog.de\/?p=10234\" class=\"more-link\"><span class=\"screen-reader-text\">Meine Arbeitsst\u00e4tte als Filmkulisse (Die Kanzlei \u2013 Folge 24)<\/span> weiterlesen <span class=\"meta-nav\">&rarr;<\/span><\/a><\/p>\n","protected":false},"author":1,"featured_media":0,"comment_status":"open","ping_status":"open","sticky":false,"template":"","format":"standard","meta":[],"categories":[13],"tags":[],"_links":{"self":[{"href":"https:\/\/willizblog.de\/index.php?rest_route=\/wp\/v2\/posts\/10234"}],"collection":[{"href":"https:\/\/willizblog.de\/index.php?rest_route=\/wp\/v2\/posts"}],"about":[{"href":"https:\/\/willizblog.de\/index.php?rest_route=\/wp\/v2\/types\/post"}],"author":[{"embeddable":true,"href":"https:\/\/willizblog.de\/index.php?rest_route=\/wp\/v2\/users\/1"}],"replies":[{"embeddable":true,"href":"https:\/\/willizblog.de\/index.php?rest_route=%2Fwp%2Fv2%2Fcomments&post=10234"}],"version-history":[{"count":0,"href":"https:\/\/willizblog.de\/index.php?rest_route=\/wp\/v2\/posts\/10234\/revisions"}],"wp:attachment":[{"href":"https:\/\/willizblog.de\/index.php?rest_route=%2Fwp%2Fv2%2Fmedia&parent=10234"}],"wp:term":[{"taxonomy":"category","embeddable":true,"href":"https:\/\/willizblog.de\/index.php?rest_route=%2Fwp%2Fv2%2Fcategories&post=10234"},{"taxonomy":"post_tag","embeddable":true,"href":"https:\/\/willizblog.de\/index.php?rest_route=%2Fwp%2Fv2%2Ftags&post=10234"}],"curies":[{"name":"wp","href":"https:\/\/api.w.org\/{rel}","templated":true}]}}