{"id":10254,"date":"2017-12-15T09:37:07","date_gmt":"2017-12-15T09:37:07","guid":{"rendered":"http:\/\/willizblog.de\/?p=10254"},"modified":"2018-02-28T10:04:45","modified_gmt":"2018-02-28T10:04:45","slug":"film-der-woche-harter-brocken-2-die-kronzeugin-2017","status":"publish","type":"post","link":"https:\/\/willizblog.de\/?p=10254","title":{"rendered":"Film der Woche: Harter Brocken (2): Die Kronzeugin (2017)"},"content":{"rendered":"<p>Der <a href=\"https:\/\/de.wikipedia.org\/wiki\/Harz_(Mittelgebirge)\" rel=\"noopener\" target=\"_blank\">Harz<\/a> ist eigentlich eine beschauliche Gegend, ein Mittelgebirge mit Schnee im Winter. An der Bauweise der H\u00e4user ist nicht nur f\u00fcr Kenner zu ersehen, dass es sich um den Harz handelt. Der Harz hat einen ganz eigenen Charakter. Vor nun bereits sieben Jahren (2010) war ich mit meiner Familie in der Vorweihnachtszeit f\u00fcr ein langes Wochenende in <a href=\"https:\/\/willizblog.de\/?p=3680\" rel=\"noopener\" target=\"_blank\">Clausthal-Zellerfeld<\/a> und <a href=\"https:\/\/willizblog.de\/?p=3682\" rel=\"noopener\" target=\"_blank\">Goslar<\/a>. Und vor 20 Jahren (1997), als unsere S\u00f6hne noch klein waren, verbrachten wir sogar die Weihnachtstage im Harz \u2013 in <a href=\"https:\/\/willizblog.de\/?p=314\" rel=\"noopener\" target=\"_blank\">Wernigerode<\/a>.<\/p>\n<p>Hier nun, genauer in <a href=\"https:\/\/de.wikipedia.org\/wiki\/Sankt_Andreasberg\" rel=\"noopener\" target=\"_blank\">Sankt Andreasberg<\/a> und Umgebung, soll es Mord und Totschlag ohne Ende geben? Der <a href=\"https:\/\/de.wikipedia.org\/wiki\/Brocken\" rel=\"noopener\" target=\"_blank\">Brocken<\/a> ist mit \u00fcber 1141 m H\u00f6he nicht nur der h\u00f6chste Berg des Harzes, sondern von ganz Norddeutschland. Und der Brocken, den viele auch als Blocksberg kennen, ist der Namensgeber <a href=\"https:\/\/www.fernsehserien.de\/harter-brocken\" rel=\"noopener\" target=\"_blank\">einer kleinen Krimireihe<\/a>, deren 2. Folge Ende November lief (die 3. Folge wird am 25.12. ausgestrahlt). Gleichzeitig ist der Serienname nat\u00fcrlich auch eine Anspielung auf die harten Dinge, die uns oft im Leben den Weg versperren.<\/p>\n<ul><img src=\"https:\/\/www.willizblog.de\/images\/video.png\" alt=\"Film der Woche: willizblog.de guckt TV\" title=\"Film der Woche: willizblog.de guckt TV\" \/><\/ul>\n<p>Frank Koops hat im zweiten Harz-Krimi ordentlich zu tun. Schlau nutzt der tiefgr\u00fcndige, aber wenig treffsichere Dorfsheriff den Vorteil, dass ihn die B\u00f6sen zun\u00e4chst untersch\u00e4tzen und f\u00fcr einen Trottel halten.<\/p>\n<p><em>Ein Blutbad im Harz. F\u00fcnf Tote, zwei Killer, drei LKA-Beamte. Und Frank Koops (Aljoscha Stadelmann), der Dorfpolizist, der es lieber beschaulich mag, mittendrin. Jetzt hat der auch noch eine Kronzeugin an der Backe, die er am n\u00e4chsten Tag zur Verhandlung bringen soll. Das hat ihr seine Jugendliebe \u201eKuschel\u201c alias Christiane Kuschnereit (Anja Kling) vom LKA aufgetragen, bevor sie ihren Verletzungen erlag. Aus Sicherheitsgr\u00fcnden hat sie die Frau, die gegen den mafiosen M\u00f6rder ihrer Schwester aussagen soll, von einer Polizistin doubeln lassen. So hat nun ausgerechnet jene Matilda Sch\u00f6nemann (Alwara H\u00f6fels) den Anschlag auf sich als einzige \u00fcberlebt. Und damit hat sich Kuschnereits Vermutung best\u00e4tigt, dass es einen Maulwurf im LKA geben muss. Dass es mit Benedikt (Johannes Krisch), Gottschalk (Stephan Grossmann), Monzen (Michael Klammer) und Hofmann (Matthias Bundschuh) gleich vier korrupte LKA-Beamte sind, die auf der Gehaltsliste des Mafia-Bosses stehen, macht die Sache f\u00fcr \u201eFrankie\u201c nicht leichter. Allerdings k\u00f6nnte dieser notfalls tatkr\u00e4ftige Unterst\u00fctzung erwarten von Mette (Anna Fischer), der neuen Kollegin aus dem Nachbarrevier, die gerade erst am Schie\u00dfstand ihre au\u00dferordentliche Treffsicherheit unter Beweis stellen konnte, und von seinem Freund Heiner (Moritz F\u00fchrmann): der ist zwar Brieftr\u00e4ger, aber auch Sch\u00fctzenk\u00f6nig, Waffennarr und absoluter Wyatt-Earp-Experte. 23 Sch\u00fcsse in weniger als einer Minute. Das gab es nicht einmal im Wilden Westen. Aber in St. Andreasberg!<\/em> (Quelle: <a href=\"http:\/\/www.tittelbach.tv\/programm\/reihe\/artikel-4788.html\" rel=\"noopener\" target=\"_blank\">tittelbach.tv<\/a>)<\/p>\n<p><embed src=\"https:\/\/www.willizblog.de\/gddflvplayer.swf\" flashvars=\"?&#038;autoplay=false&#038;sound=70&#038;buffer=2&#038;clickTAG=&#038;mylogo=&#038;splashscreen=https:\/\/www.willizblog.de\/images\/video_splashend.jpg &#038;vdo= \" width=\"560\" height=\"315\" allowFullScreen=\"true\" quality=\"best\" wmode=\"transparent\" allowScriptAccess=\"always\"  pluginspage=\"https:\/\/get.adobe.com\/de\/flashplayer\/\"  type=\"application\/x-shockwave-flash\"><\/p>\n<p>Harter Brocken (2): Die Kronzeugin (2017) \u2013 <a href=\"http:\/\/www.ardmediathek.de\/tv\/Filme-im-Ersten\/Harter-Brocken-Die-Kronzeugin\/Das-Erste\/Video?bcastId=1933898&#038;documentId=47862180\" rel=\"noopener\" target=\"_blank\">Link auf Webseite<\/a> \u2013 verf\u00fcgbar bis 25.02.2018<\/p>\n<p>Ich liebe Krimis mit viel Lokalkolorit. Dass gerade der Harz Mittelpunkt einer M\u00f6rdergeschichte ist, \u00fcberrascht dann sicherlich doch. Aber genau das macht diesen Krimi (und die ganze Serie) aus: Landschaft und Leute (\u00e4hnlich wortkarg wie die Menschen an der K\u00fcste)  geben dem Ganzen den n\u00f6tigen Rahmen. Aljoscha Stadelmann als Polizist Frank Koops ist dabei der Dreh- und Angelpunkt. <em>\u201aBeschaulich und \u00fcbersichtlich \u2013 so liebt es Frank Koops (Aljoscha Stadelmann), der ebenso herzensgute wie beherzte Polizist. Aber untersch\u00e4tzen sollte man ihn nicht.\u2018<\/em><\/p>\n<p>Der Film besticht durch eine Reihe wirklich bemerkenswerter Szenen. Da ist das Blutbad mit insgesamt f\u00fcnf Toten. Wie dies umgesetzt wurde, ist filmische Kunst. Und dann die <em>\u201agleicherma\u00dfen spannende und lakonisch ironische Szene im Hotelzimmer\u2018<\/em>, als einer der korrupten LKA-Beamten sein Leben aushaucht. Zum Ende hin gibt es dann noch einen Showdown auf der Br\u00fccke einer Talsperre \u2013 ganz in Westernmanier.<\/p>\n<p><a href=\"https:\/\/de.wikipedia.org\/wiki\/Holger_Karsten_Schmidt\" rel=\"noopener\" target=\"_blank\">Holger Karsten Schmidt<\/a> (Drehbuch) und <a href=\"https:\/\/de.wikipedia.org\/wiki\/Florian_Baxmeyer\" rel=\"noopener\" target=\"_blank\">Florian Baxmeyer<\/a> (Regie) haben wir schon so manches Highlight im deutschen Fernsehen zu verdanken.<\/p>\n<p>Und der Schnee im Film ist echt \u2026 \ud83d\ude09<\/p>\n<p>Ich freue mich schon auf die dritte Folge der Serie: <a href=\"https:\/\/www.fernsehserien.de\/harter-brocken\/folgen\/03-der-bankraub-1153329\" rel=\"noopener\" target=\"_blank\">Der Bankraub<\/a> (am 25.12.2017 in der ARD).<\/p>\n<p>(Wiederholter) technischer Hinweis: <em>Ich getraue und bediene mich der Mediatheken \u00d6ffentlich-rechtlicher Rundfunkanstalten (zusammen mit dem direkten Link auf den Film zum Herunterladen). Zudem bediene ich mich eines Videoplayers, der das <a href=\"https:\/\/get.adobe.com\/de\/flashplayer\/\" rel=\"noopener\" target=\"_blank\">Plugin Adobe Flash<\/a> ben\u00f6tigt. Solltet Ihr damit Probleme haben, so findet Ihr hier auch immer den direkten Link auf die Webseite mit dem Video der entsprechenden Sendeanstalt.<\/em><\/p>\n","protected":false},"excerpt":{"rendered":"<p>Der Harz ist eigentlich eine beschauliche Gegend, ein Mittelgebirge mit Schnee im Winter. An der Bauweise der H\u00e4user ist nicht nur f\u00fcr Kenner zu ersehen, dass es sich um den Harz handelt. Der Harz hat einen ganz eigenen Charakter. Vor nun bereits sieben Jahren (2010) war ich mit meiner Familie in der Vorweihnachtszeit f\u00fcr ein &hellip; <a href=\"https:\/\/willizblog.de\/?p=10254\" class=\"more-link\"><span class=\"screen-reader-text\">Film der Woche: Harter Brocken (2): Die Kronzeugin (2017)<\/span> weiterlesen <span class=\"meta-nav\">&rarr;<\/span><\/a><\/p>\n","protected":false},"author":1,"featured_media":0,"comment_status":"open","ping_status":"open","sticky":false,"template":"","format":"standard","meta":[],"categories":[13],"tags":[],"_links":{"self":[{"href":"https:\/\/willizblog.de\/index.php?rest_route=\/wp\/v2\/posts\/10254"}],"collection":[{"href":"https:\/\/willizblog.de\/index.php?rest_route=\/wp\/v2\/posts"}],"about":[{"href":"https:\/\/willizblog.de\/index.php?rest_route=\/wp\/v2\/types\/post"}],"author":[{"embeddable":true,"href":"https:\/\/willizblog.de\/index.php?rest_route=\/wp\/v2\/users\/1"}],"replies":[{"embeddable":true,"href":"https:\/\/willizblog.de\/index.php?rest_route=%2Fwp%2Fv2%2Fcomments&post=10254"}],"version-history":[{"count":0,"href":"https:\/\/willizblog.de\/index.php?rest_route=\/wp\/v2\/posts\/10254\/revisions"}],"wp:attachment":[{"href":"https:\/\/willizblog.de\/index.php?rest_route=%2Fwp%2Fv2%2Fmedia&parent=10254"}],"wp:term":[{"taxonomy":"category","embeddable":true,"href":"https:\/\/willizblog.de\/index.php?rest_route=%2Fwp%2Fv2%2Fcategories&post=10254"},{"taxonomy":"post_tag","embeddable":true,"href":"https:\/\/willizblog.de\/index.php?rest_route=%2Fwp%2Fv2%2Ftags&post=10254"}],"curies":[{"name":"wp","href":"https:\/\/api.w.org\/{rel}","templated":true}]}}