{"id":10272,"date":"2018-01-02T11:07:39","date_gmt":"2018-01-02T11:07:39","guid":{"rendered":"http:\/\/willizblog.de\/?p=10272"},"modified":"2018-02-08T13:36:56","modified_gmt":"2018-02-08T13:36:56","slug":"film-der-woche-20-jahre-buettenwarder-der-traum-vom-wahren-leben-2017","status":"publish","type":"post","link":"https:\/\/willizblog.de\/?p=10272","title":{"rendered":"Film der Woche: 20 Jahre B\u00fcttenwarder &#8211; Der Traum vom wahren Leben (2017)"},"content":{"rendered":"<p>Hier im hohen Norden ist sie Kult, die Fernsehserie <a href=\"https:\/\/www.ndr.de\/fernsehen\/sendungen\/neues_aus_buettenwarder\/index.html\" rel=\"noopener\" target=\"_blank\">Neues von B\u00fcttenwarder<\/a>, die heute in ihrer 79. Folge zu sehen ist. Und die Herren aus B\u00fcttenwarder (mit Damen ist es leider nicht weit her) begl\u00fccken uns nun schon seit 20 Jahren. Das ist nat\u00fcrlich ein Anlass, die Serie Revue passieren zu lassen: In gen\u00fcsslicher Sch\u00f6nheit werden die beherrschenden Themen B\u00fcttenwarders aus den ersten zwanzig Jahren aufgebl\u00e4ttert und von Fachleuten und Autorit\u00e4ten jeglicher Coleur kommentiert. <\/p>\n<p>Sch\u00f6neres Landleben war nie. Mehr Pleite auch nicht. Neues aus B\u00fcttenwarder ist Scheitern in Sch\u00f6nheit bei L\u00fctt un L\u00fctt als klarer Nennwert f\u00fcr den Zuschauer, und das seit 20 Jahren. Der einmalige &#8222;B\u00fcttenwarder&#8220;-Kosmos im Spiegel der Betrachtung derer, die ihn bilden und formen: von <em>Peter Heinrich Brix, Axel Olsson, J\u00fcrgen Uter, Hans Kahlert und Sven Walser<\/em> bis hin zum so unerm\u00fcdlichen wie gewissenhaften Chronisten des Dorfgeschehens, <a href=\"https:\/\/de.wikipedia.org\/wiki\/Norbert_Eberlein\" rel=\"noopener\" target=\"_blank\">Norbert Eberlein<\/a>.<\/p>\n<p>Ihren Blick lassen auch Fachleute von Rang auf Dorf und Dorfleben fallen, Menschen, die als Spezialisten ihres jeweiligen Metiers gelten: Sarah Wiener \u00e4u\u00dfert sich \u00fcber die Wonnen der Landkost, Peter Harry Carstensen res\u00fcmiert \u00fcber das Spannungsfeld der politischen Kr\u00e4fte, das zwischen den Orten &#8222;Klingsiehl&#8220; und &#8222;B\u00fcttenwarder&#8220; zu beobachten ist. Sexologin Ann-Marlene Henning wei\u00df um das Liebesleben der Landbev\u00f6lkerung und die Tiefenwirkung der stillen Reize von Gerlinde K\u00f6denbrok.<\/p>\n<p>Die Freuden des Landlebens &#8211; Motorradlegende Egon &#8222;Rakete&#8220; M\u00fcller \u00e4u\u00dfert sich zum Thema Mofa-Sharing und dem nie verhallenden Lockruf der Freiheit auf zwei R\u00e4dern. Gerardus Scheres ist als Ornithologe auf den Podien der Welt zu Hause, lotet im Weltvogelpark Walsrode die Eigenheiten des kaum je gesehenen Erlentrillichs aus. Der Professor f\u00fcr experimentelle Physik, Metin Tolan, versucht sich an Chaosforschung, um den Geheimnissen physikalischer Sonderheiten wie fallenden T\u00fcren und Mofas auf die Spur zu kommen. Trendforscher Peter Wippermann reflektiert die Freuden des Landlebens und das Gl\u00fcckspotenzial der Bewohner &#8222;B\u00fcttenwarders&#8220;, trotz aller wirtschaftlichen Misere. Denn: sch\u00f6neres Landleben als in &#8222;B\u00fcttenwarder&#8220; war nie. Auf die n\u00e4chsten 20 Jahre!<\/p>\n<ul><img src=\"https:\/\/www.willizblog.de\/images\/video.png\" alt=\"Film der Woche: willizblog.de guckt TV\" title=\"Film der Woche: willizblog.de guckt TV\" \/><\/ul>\n<p>Die Dokumentation zur Serie erg\u00e4nzt dem B\u00fcttenwarder-Kenner sicherlich sein Wissen und ist gleichzeitig ein guter Einstieg f\u00fcr alle die, die die Serie noch nicht kennen. Da werden einige schnell auf den Geschmack kommen.<\/p>\n<p><embed src=\"https:\/\/www.willizblog.de\/gddflvplayer.swf\" flashvars=\"?&#038;autoplay=false&#038;sound=70&#038;buffer=2&#038;clickTAG=https:\/\/www.ndr.de\/fernsehen\/sendungen\/neues_aus_buettenwarder\/20-Jahre-Buettenwarder-Der-Traum-vom-wahren-Leben,sendung718934.html&#038;mylogo=&#038;splashscreen=https:\/\/www.willizblog.de\/images\/video_splash2.jpg&#038;vdo=https:\/\/mediandr-a.akamaihd.net\/progressive\/2017\/1215\/TV-20171215-1143-0000.hd.mp4\" width=\"560\" height=\"315\" allowFullScreen=\"true\" quality=\"best\" wmode=\"transparent\" allowScriptAccess=\"always\"  pluginspage=\"https:\/\/get.adobe.com\/de\/flashplayer\/\" type=\"application\/x-shockwave-flash\"><\/p>\n<p>20 Jahre B\u00fcttenwarder &#8211; Der Traum vom wahren Leben (2017) \u2013 <a href=\"https:\/\/www.ndr.de\/fernsehen\/sendungen\/neues_aus_buettenwarder\/20-Jahre-Buettenwarder-Der-Traum-vom-wahren-Leben,sendung718934.html\" rel=\"noopener\" target=\"_blank\">Link auf Webseite<\/a> \u2013 direkter Link auf das Video <a href=\"https:\/\/mediandr-a.akamaihd.net\/progressive\/2017\/1215\/TV-20171215-1143-0000.hd.mp4\" rel=\"noopener\" target=\"_blank\">(Download)<\/a><\/p>\n<p>Nun zur Jahreswende gibt es neben der Doku zum 20-J\u00e4hrigen sechs neue Folgen aus B\u00fcttenwarder, die ich mit meiner Frau zu Silvester (wir waren gerade aus dem Winterurlaub gekommen) en bloc hineingezogen haben. Viel besser kann man das neue Jahr nicht starten!<\/p>\n<ul>Siehe auch: <a href=\"https:\/\/willizblog.de\/?p=8074\" rel=\"noopener\" target=\"_blank\">Schimanski &#038; Brakelmann<\/a><\/ul>\n<p><em>(Wiederholter) technischer Hinweis: Ich getraue und bediene mich der Mediatheken \u00d6ffentlich-rechtlicher Rundfunkanstalten (zusammen mit dem direkten Link auf den Film zum Herunterladen). Zudem bediene ich mich eines Videoplayers, der das <a href=\"https:\/\/get.adobe.com\/de\/flashplayer\/\" rel=\"noopener\" target=\"_blank\">Plugin Adobe Flash<\/a> ben\u00f6tigt. Solltet Ihr damit Probleme haben, so findet Ihr hier auch immer den direkten Link auf die Webseite mit dem Video der entsprechenden Sendeanstalt.<\/em><\/p>\n","protected":false},"excerpt":{"rendered":"<p>Hier im hohen Norden ist sie Kult, die Fernsehserie Neues von B\u00fcttenwarder, die heute in ihrer 79. Folge zu sehen ist. Und die Herren aus B\u00fcttenwarder (mit Damen ist es leider nicht weit her) begl\u00fccken uns nun schon seit 20 Jahren. Das ist nat\u00fcrlich ein Anlass, die Serie Revue passieren zu lassen: In gen\u00fcsslicher Sch\u00f6nheit &hellip; <a href=\"https:\/\/willizblog.de\/?p=10272\" class=\"more-link\"><span class=\"screen-reader-text\">Film der Woche: 20 Jahre B\u00fcttenwarder &#8211; Der Traum vom wahren Leben (2017)<\/span> weiterlesen <span class=\"meta-nav\">&rarr;<\/span><\/a><\/p>\n","protected":false},"author":1,"featured_media":0,"comment_status":"open","ping_status":"open","sticky":false,"template":"","format":"standard","meta":[],"categories":[13],"tags":[],"_links":{"self":[{"href":"https:\/\/willizblog.de\/index.php?rest_route=\/wp\/v2\/posts\/10272"}],"collection":[{"href":"https:\/\/willizblog.de\/index.php?rest_route=\/wp\/v2\/posts"}],"about":[{"href":"https:\/\/willizblog.de\/index.php?rest_route=\/wp\/v2\/types\/post"}],"author":[{"embeddable":true,"href":"https:\/\/willizblog.de\/index.php?rest_route=\/wp\/v2\/users\/1"}],"replies":[{"embeddable":true,"href":"https:\/\/willizblog.de\/index.php?rest_route=%2Fwp%2Fv2%2Fcomments&post=10272"}],"version-history":[{"count":0,"href":"https:\/\/willizblog.de\/index.php?rest_route=\/wp\/v2\/posts\/10272\/revisions"}],"wp:attachment":[{"href":"https:\/\/willizblog.de\/index.php?rest_route=%2Fwp%2Fv2%2Fmedia&parent=10272"}],"wp:term":[{"taxonomy":"category","embeddable":true,"href":"https:\/\/willizblog.de\/index.php?rest_route=%2Fwp%2Fv2%2Fcategories&post=10272"},{"taxonomy":"post_tag","embeddable":true,"href":"https:\/\/willizblog.de\/index.php?rest_route=%2Fwp%2Fv2%2Ftags&post=10272"}],"curies":[{"name":"wp","href":"https:\/\/api.w.org\/{rel}","templated":true}]}}