{"id":10281,"date":"2018-01-08T13:44:48","date_gmt":"2018-01-08T13:44:48","guid":{"rendered":"http:\/\/willizblog.de\/?p=10281"},"modified":"2018-01-08T13:44:48","modified_gmt":"2018-01-08T13:44:48","slug":"grainau-2017-2-neue-seilbahn-zugspitze-vom-eibsee","status":"publish","type":"post","link":"https:\/\/willizblog.de\/?p=10281","title":{"rendered":"Grainau 2017 (2): Neue Seilbahn Zugspitze vom Eibsee"},"content":{"rendered":"<p>Drei Tage nach der Er\u00f6ffnung (21.12.2017) war es auch f\u00fcr uns w\u00e4hrend unseres Urlaubs in <a href=\"https:\/\/de.wikipedia.org\/wiki\/Grainau\" rel=\"noopener\" target=\"_blank\">Grainau<\/a> soweit, die <a href=\"https:\/\/de.wikipedia.org\/wiki\/Seilbahn_Zugspitze\" rel=\"noopener\" target=\"_blank\">neue Seilbahn<\/a> zur <a href=\"https:\/\/de.wikipedia.org\/wiki\/Zugspitze\" rel=\"noopener\" target=\"_blank\">Zugspitze<\/a>, mit 2962 m Deutschlands h\u00f6chstem Berg, zu benutzen. Sie l\u00f6st die alte <a href=\"https:\/\/de.wikipedia.org\/wiki\/Eibsee-Seilbahn\" rel=\"noopener\" target=\"_blank\">Eibsee-Seilbahn<\/a> ab, die ihren Dienst am 2. April 2017 einstellte und auf fast derselben Strecke zum Gipfel f\u00fchrte. <\/p>\n<p><img src=\"https:\/\/www.willizblog.de\/pics\/grainau2017_seilbahn_zugspitze01.jpg\" alt=\"Willi und S\u00f6hne vor der Talstation (Eibsee) der neuen Seilbahn Zugspitze \u00a9 Christa Koslowski-Albin\" title=\"Willi und S\u00f6hne vor der Talstation (Eibsee) der neuen Seilbahn Zugspitze \u00a9 Christa Koslowski-Albin\" \/><br \/>\nWilli und S\u00f6hne vor der Talstation (Eibsee) der neuen Seilbahn Zugspitze<\/p>\n<p>Die neue Seilbahn, eine Pendelbahn, hat, wie die Vorg\u00e4ngerin, den weltweit gr\u00f6\u00dften H\u00f6henunterschied in einer Sektion von 1945 Metern. Sie hat nur noch eine Seilbahnst\u00fctze, die mit 127 m weltweit die h\u00f6chste Pendelbahnst\u00fctze in Stahlbauweise und in Europa die h\u00f6chste Seilbahnst\u00fctze ist. Bei einer L\u00e4nge der Seilbahn von 4467 m folgt daraus das mit 3213 m derzeit l\u00e4ngste Spannfeld aller Seilbahnen. Die Bergstation ist ein Neubau aus Stahl und insbesondere Glas, der bis zu 25 m \u00fcber die Nordflanke der Zugspitze herausragt. <\/p>\n<p><img src=\"https:\/\/www.willizblog.de\/pics\/grainau2017_seilbahn_zugspitze02.jpg\" alt=\"Gondel (120 Personen) der neuen Seilbahn Zugspitze \u00a9 Christa Koslowski-Albin\" title=\"Gondel (120 Personen) der neuen Seilbahn Zugspitze \u00a9 Christa Koslowski-Albin\" \/><br \/>\nGondel (120 Personen) der neuen Seilbahn Zugspitze<\/p>\n<p>Ohne Zweifel ist der Bau der neuen <a href=\"http:\/\/zugspitze.de\/de\/service\/projekt-seilbahn-zugspitze\" rel=\"noopener\" target=\"_blank\">Seilbahn Zugspitze<\/a> eine Meisterleistung der Ingenieurskunst. Mit rund 50 Millionen \u20ac wurden die urspr\u00fcnglich veranschlagten Kosten zwar um 20 Millionen \u20ac \u00fcbertroffen. Angesichts der Plandaten wie bei der Elbphilharmonie oder dem Neubau des Berliner Flughafen BER (der erneut rund eine Milliarde \u20ac verschlingen wird) aber noch in einem \u00fcberschaubaren Rahmen. Auch wurde <a href=\"http:\/\/zugspitze.de\/de\/aktuell\/seilbahn-zugspitze\" rel=\"noopener\" target=\"_blank\">die Seilbahn<\/a> wie geplant fertiggestellt.<\/p>\n<p><img src=\"https:\/\/www.willizblog.de\/pics\/grainau2017_seilbahn_zugspitze03.jpg\" alt=\"Einzige Seilbahnst\u00fctze mit 127 m der neuen Seilbahn Zugspitze \u00a9 Jan Albin\" title=\"Einzige Seilbahnst\u00fctze mit 127 m der neuen Seilbahn Zugspitze \u00a9 Jan Albin\" \/><br \/>\nEinzige Seilbahnst\u00fctze mit 127 m der neuen Seilbahn Zugspitze<\/p>\n<p>Nat\u00fcrlich muss erlaubt sein zu fragen, ob das wirklich so sein muss. Die Zugspitze pr\u00e4sentiert sich in der Bergstation mit drei G\u00e4steebenen, die den Zugang zur Gletscherbahn aufs Zugspitzplatt, zur gastronomischen Infrastruktur und zur Gipfelterrasse mit 360\u00b0-Panoramablick erm\u00f6glichen. Der Andrang war auch am Heiligabend \u2013 dank des sch\u00f6nen Wetters \u2013 ziemlich gro\u00df. Aber die vielen Besucher \u201averliefen\u2018 sich bei der gro\u00dfen Anlage. Keine Frage: Die Aussicht ist bei einem so sch\u00f6nen Wetter wirklich grandios.<\/p>\n<p><img src=\"https:\/\/www.willizblog.de\/pics\/grainau2017_seilbahn_zugspitze04.jpg\" alt=\"Ankunft der Gondel (120 Personen) der neuen Seilbahn Zugspitze in der Bergstation \u00a9 Lukas Albin\" title=\"Ankunft der Gondel (120 Personen) der neuen Seilbahn Zugspitze in der Bergstation \u00a9 Lukas Albin\" \/><br \/>\nAnkunft der Gondel (120 Personen) der neuen Seilbahn Zugspitze in der Bergstation<\/p>\n<p>Weiter ging es dann f\u00fcr uns mit der <a href=\"https:\/\/de.wikipedia.org\/wiki\/Zugspitz-Gletscherbahn\" rel=\"noopener\" target=\"_blank\">Gletscherbahn<\/a> zum <a href=\"https:\/\/de.wikipedia.org\/wiki\/Zugspitze#Zugspitzplatt\" rel=\"noopener\" target=\"_blank\">Zugspitzplatt<\/a>, einer Hochfl\u00e4che unterhalb des Zugspitzgipfels in s\u00fcdlicher und s\u00fcd\u00f6stlicher Richtung auf einer H\u00f6he zwischen 2000 und 2650 m. Dort endet auch die Zahnradbahn, die in Garmisch-Partenkirchen startet (Umstieg in Grainau). Hier befindet sich <a href=\"https:\/\/www.snowplaza.de\/deutschland\/garmisch-partenkirchen\/zugspitze\/\" rel=\"noopener\" target=\"_blank\">Deutschlands h\u00f6chstes Skigebiet<\/a> mit rund 20 km Pisten am Gletscher. Wir nutzten die Zeit, um am Sonnenklar-Sessellift vorbei bis <a href=\"https:\/\/willizblog.de\/?p=10279\" rel=\"noopener\" target=\"_blank\">ins \u201awei\u00dfe Tal\u2018 zu rodeln<\/a>.<\/p>\n<p>Mit der <a href=\"https:\/\/de.wikipedia.org\/wiki\/Bayerische_Zugspitzbahn\" rel=\"noopener\" target=\"_blank\">Zugspitzbahn<\/a>, einer <a href=\"https:\/\/de.wikipedia.org\/wiki\/Zahnradbahn\" rel=\"noopener\" target=\"_blank\">Zahnradbahn<\/a>, ging es dann kurz vor der D\u00e4mmerung zur\u00fcck ins Tal nach Grainau.<\/p>\n","protected":false},"excerpt":{"rendered":"<p>Drei Tage nach der Er\u00f6ffnung (21.12.2017) war es auch f\u00fcr uns w\u00e4hrend unseres Urlaubs in Grainau soweit, die neue Seilbahn zur Zugspitze, mit 2962 m Deutschlands h\u00f6chstem Berg, zu benutzen. Sie l\u00f6st die alte Eibsee-Seilbahn ab, die ihren Dienst am 2. April 2017 einstellte und auf fast derselben Strecke zum Gipfel f\u00fchrte. Willi und S\u00f6hne &hellip; <a href=\"https:\/\/willizblog.de\/?p=10281\" class=\"more-link\"><span class=\"screen-reader-text\">Grainau 2017 (2): Neue Seilbahn Zugspitze vom Eibsee<\/span> weiterlesen <span class=\"meta-nav\">&rarr;<\/span><\/a><\/p>\n","protected":false},"author":1,"featured_media":0,"comment_status":"open","ping_status":"open","sticky":false,"template":"","format":"standard","meta":[],"categories":[10],"tags":[],"_links":{"self":[{"href":"https:\/\/willizblog.de\/index.php?rest_route=\/wp\/v2\/posts\/10281"}],"collection":[{"href":"https:\/\/willizblog.de\/index.php?rest_route=\/wp\/v2\/posts"}],"about":[{"href":"https:\/\/willizblog.de\/index.php?rest_route=\/wp\/v2\/types\/post"}],"author":[{"embeddable":true,"href":"https:\/\/willizblog.de\/index.php?rest_route=\/wp\/v2\/users\/1"}],"replies":[{"embeddable":true,"href":"https:\/\/willizblog.de\/index.php?rest_route=%2Fwp%2Fv2%2Fcomments&post=10281"}],"version-history":[{"count":0,"href":"https:\/\/willizblog.de\/index.php?rest_route=\/wp\/v2\/posts\/10281\/revisions"}],"wp:attachment":[{"href":"https:\/\/willizblog.de\/index.php?rest_route=%2Fwp%2Fv2%2Fmedia&parent=10281"}],"wp:term":[{"taxonomy":"category","embeddable":true,"href":"https:\/\/willizblog.de\/index.php?rest_route=%2Fwp%2Fv2%2Fcategories&post=10281"},{"taxonomy":"post_tag","embeddable":true,"href":"https:\/\/willizblog.de\/index.php?rest_route=%2Fwp%2Fv2%2Ftags&post=10281"}],"curies":[{"name":"wp","href":"https:\/\/api.w.org\/{rel}","templated":true}]}}