{"id":10283,"date":"2018-01-09T10:52:23","date_gmt":"2018-01-09T10:52:23","guid":{"rendered":"http:\/\/willizblog.de\/?p=10283"},"modified":"2018-01-09T10:52:23","modified_gmt":"2018-01-09T10:52:23","slug":"grainau-2017-3-fackelwandern-zur-neuneralm","status":"publish","type":"post","link":"https:\/\/willizblog.de\/?p=10283","title":{"rendered":"Grainau 2017 (3): Fackelwandern zur Neuneralm"},"content":{"rendered":"<p>Wenn sich im Dunkeln noch dunklere Gestalten mit Fackeln durch Deutschlands Stra\u00dfen und Wege bewegen, dann verhei\u00dft das meist nichts Gutes. Die deutsche Geschichte spricht f\u00fcr sich. Als wir uns aber am 27. Dezember w\u00e4hrend unseres <a href=\"https:\/\/willizblog.de\/?s=grainau\" rel=\"noopener\" target=\"_blank\">Grainau-Urlaubs<\/a> zu <em>Weihnachten 2017<\/em> um 18 Uhr mit anderen Angereisten vor der <a href=\"https:\/\/www.grainau.de\/de\" rel=\"noopener\" target=\"_blank\">Touristeninformation<\/a> trafen, da ging es allein um eine <a href=\"https:\/\/de.wiktionary.org\/wiki\/Gaudi\" rel=\"noopener\" target=\"_blank\">Gaudi<\/a>, um eine Wanderung mit Fackeln durch die winterliche Landschaft hin zur <a href=\"https:\/\/www.neuneralm-grainau.de\/\" rel=\"noopener\" target=\"_blank\">Neuneralm<\/a>. Auf dem Hinweg wurde die l\u00e4ngere Strecke durch den Ort Grainau am Rodelh\u00fcgel vorbei weiter auf dem Panoramaweg gew\u00e4hlt.<\/p>\n<p><img src=\"https:\/\/www.willizblog.de\/pics\/grainau2017_fackellauf01.jpg\" alt=\"Die Fackel ist entz\u00fcndet\" title=\"Die Fackel ist entz\u00fcndet\" \/><br \/>\nDie Fackel ist entz\u00fcndet<\/p>\n<p>Erstaunt war ich, wie viele Menschen sich zu dieser abendlichen Wanderung eingefunden hatten. Schnee und Feuer haben in dieser Kombination eben ihre besondere Faszination. <\/p>\n<p><img src=\"https:\/\/www.willizblog.de\/pics\/grainau2017_fackellauf02.jpg\" alt=\"Fackelwandern am 27.12.2017 in Grainau zur Neuneralm\" title=\"Fackelwandern am 27.12.2017 in Grainau zur Neuneralm\" \/><br \/>\nFackelwandern am 27.12.2017 in Grainau zur Neuneralm<\/p>\n<p>Nach einer Stunde kamen wir dann auf der Neuneralm an, die extra f\u00fcr uns noch ge\u00f6ffnet hatte. Und bei einer z\u00fcnftigen Brotzeit und der einen oder anderen halben <a href=\"https:\/\/de.wikipedia.org\/wiki\/Ma%C3%9Fkrug\" rel=\"noopener\" target=\"_blank\">Ma\u00df<\/a> spielte die <a href=\"https:\/\/de.wikipedia.org\/wiki\/Volkst%C3%BCmliche_Musik\" rel=\"noopener\" target=\"_blank\">Musi<\/a> in Gestalt der <a href=\"https:\/\/www.neuneralm-grainau.de\/d-neuneralm-musi\/\" rel=\"noopener\" target=\"_blank\">Neuneralm-Musi<\/a> auf. <\/p>\n<p><img src=\"https:\/\/www.willizblog.de\/pics\/grainau2017_fackellauf03.jpg\" alt=\"D'Neuneralm-Musi spuit auf - Manager sitzt gleich mit am Tisch\" title=\"D'Neuneralm-Musi spuit auf - Manager sitzt gleich mit am Tisch\" \/><br \/>\nD&#8217;Neuneralm-Musi spuit auf &#8211; Manager sitzt gleich mit am Tisch<\/p>\n<p>Wir fanden das alles ganz okay. Sicherlich dient ein solches Fackelwandern dazu, auf die Gastronomie auch au\u00dferhalb der Ortschaft aufmerksam zu machen. Die Neuneralm hat ihren ganz besonderen rustikalen (bajuwarischen) Reiz und wir kennen sie bereits von unserer <a href=\"https:\/\/www.albinz.net\/grainau.html\" rel=\"noopener\" target=\"_blank\">Tour 2002<\/a> zur <em>H\u00f6llentalklamm<\/em> und weiter zur <a href=\"https:\/\/willizblog.de\/?p=10091\" rel=\"noopener\" target=\"_blank\">H\u00f6llentalangerh\u00fctte<\/a> her. Damals kehrten wir dort ein, um uns bei einem Getr\u00e4nk zu erfrischen. Ich habe das Foto von damals mit meinen Lieben ausgegraben:<\/p>\n<p><img src=\"https:\/\/www.willizblog.de\/pics\/grainau2002_neuneralm.jpg\" alt=\"Erfrischungspause auf der Neuneralm auf dem Weg zur H\u00f6llentalklamm 2002\" title=\"Erfrischungspause auf der Neuneralm auf dem Weg zur H\u00f6llentalklamm 2002\" \/><br \/>\nErfrischungspause auf der Neuneralm auf dem Weg zur H\u00f6llentalklamm 2002<\/p>\n<p>Nach gut zwei Stunden waren wir gest\u00e4rkt und machten uns auf dem direkten Weg Richtung Oberer Dorfplatz in Grainau auf. Damit wir nicht vom Weg abkommen konnten, bekamen wir auch f\u00fcr den Heimweg Fackeln in die Hand. Und wie es manchmal im Leben so spielt: Nach vier \u00bd Tagen Sonnenschein, hatte sich das Wetter an diesem Nachmittag ge\u00e4ndert und Wolken zogen auf. Und als wir jetzt die Neuneralm verlie\u00dfen, hatte es zu schneien begonnen. Viel mehr konnten wir uns in diesem Augenblick nicht w\u00fcnschen.<\/p>\n<p><img src=\"https:\/\/www.willizblog.de\/pics\/grainau2017_fackellauf04.jpg\" alt=\"Auf dem Heimweg von der Neuneralm nach Grainau - 27.12.2017\" title=\"Auf dem Heimweg von der Neuneralm nach Grainau - 27.12.2017\" \/><br \/>\nAuf dem Heimweg von der Neuneralm nach Grainau<\/p>\n","protected":false},"excerpt":{"rendered":"<p>Wenn sich im Dunkeln noch dunklere Gestalten mit Fackeln durch Deutschlands Stra\u00dfen und Wege bewegen, dann verhei\u00dft das meist nichts Gutes. Die deutsche Geschichte spricht f\u00fcr sich. Als wir uns aber am 27. Dezember w\u00e4hrend unseres Grainau-Urlaubs zu Weihnachten 2017 um 18 Uhr mit anderen Angereisten vor der Touristeninformation trafen, da ging es allein um &hellip; <a href=\"https:\/\/willizblog.de\/?p=10283\" class=\"more-link\"><span class=\"screen-reader-text\">Grainau 2017 (3): Fackelwandern zur Neuneralm<\/span> weiterlesen <span class=\"meta-nav\">&rarr;<\/span><\/a><\/p>\n","protected":false},"author":1,"featured_media":0,"comment_status":"open","ping_status":"open","sticky":false,"template":"","format":"standard","meta":[],"categories":[10,33],"tags":[],"_links":{"self":[{"href":"https:\/\/willizblog.de\/index.php?rest_route=\/wp\/v2\/posts\/10283"}],"collection":[{"href":"https:\/\/willizblog.de\/index.php?rest_route=\/wp\/v2\/posts"}],"about":[{"href":"https:\/\/willizblog.de\/index.php?rest_route=\/wp\/v2\/types\/post"}],"author":[{"embeddable":true,"href":"https:\/\/willizblog.de\/index.php?rest_route=\/wp\/v2\/users\/1"}],"replies":[{"embeddable":true,"href":"https:\/\/willizblog.de\/index.php?rest_route=%2Fwp%2Fv2%2Fcomments&post=10283"}],"version-history":[{"count":0,"href":"https:\/\/willizblog.de\/index.php?rest_route=\/wp\/v2\/posts\/10283\/revisions"}],"wp:attachment":[{"href":"https:\/\/willizblog.de\/index.php?rest_route=%2Fwp%2Fv2%2Fmedia&parent=10283"}],"wp:term":[{"taxonomy":"category","embeddable":true,"href":"https:\/\/willizblog.de\/index.php?rest_route=%2Fwp%2Fv2%2Fcategories&post=10283"},{"taxonomy":"post_tag","embeddable":true,"href":"https:\/\/willizblog.de\/index.php?rest_route=%2Fwp%2Fv2%2Ftags&post=10283"}],"curies":[{"name":"wp","href":"https:\/\/api.w.org\/{rel}","templated":true}]}}