{"id":10353,"date":"2018-03-02T09:12:48","date_gmt":"2018-03-02T09:12:48","guid":{"rendered":"https:\/\/willizblog.de\/?p=10353"},"modified":"2018-03-02T09:12:48","modified_gmt":"2018-03-02T09:12:48","slug":"ach-hartmut-lass-ab-von-mir","status":"publish","type":"post","link":"https:\/\/willizblog.de\/?p=10353","title":{"rendered":"Ach Hartmut, lass ab von mir"},"content":{"rendered":"<p>Ein Gedicht entsteht hier nicht, auch wenn die Sonne lyrisch vom Himmel scheint. Sie reimt sich nur auf K\u00e4lte, nein, Eisesk\u00e4lte, frostige Winde, die aus dem Osten zu uns hin\u00fcberstr\u00f6men. Das Hoch Hartmut hat uns nun schon seit gut einer Woche in seinen Klauen. Und ich habe den Eindruck, als wollte es nicht weichen. Mindestens bis zum Sonntag soll es weiterhin auch tags\u00fcber klirrend kalt bleiben.<\/p>\n<p><img src=\"https:\/\/www.willizblog.de\/pics\/hoch_hartmut_kaelte2018.jpg\" alt=\"Hoch Hartmut bringt Eisesk\u00e4lte aus Sibirien\" title=\"Hoch Hartmut bringt Eisesk\u00e4lte aus Sibirien\" \/><\/p>\n<p>Aber dann \u2026 Ab Montag soll es hier im Norden wieder w\u00e4rmer werden, nicht gerade fr\u00fchlingshaft, aber immerhin. Bis dahin muss ich immer auch noch mit Schal, M\u00fctze und Handschuhen ins Freie, um mir keine Frostbeulen zu holen. Die H\u00e4nde leiden bereits am leichten Gefrierbrand. Die Gedanken drohen einzufrieren.<\/p>\n<p>Ach Hartmut, lass ab von mir. Tr\u00fcgerisch hast du die Sonne im Gep\u00e4ck, die aber gegen deine lausig bittere K\u00e4lte kein Mittel ist. Wer sich drau\u00dfen nicht in Wallung bringt, erliegt wom\u00f6glich einer winterlichen Lethargie.<\/p>\n<p>Zieht Euch also warm an. Ich w\u00fcnsche noch ein sch\u00f6nes Wochenende.<\/p>\n","protected":false},"excerpt":{"rendered":"<p>Ein Gedicht entsteht hier nicht, auch wenn die Sonne lyrisch vom Himmel scheint. Sie reimt sich nur auf K\u00e4lte, nein, Eisesk\u00e4lte, frostige Winde, die aus dem Osten zu uns hin\u00fcberstr\u00f6men. Das Hoch Hartmut hat uns nun schon seit gut einer Woche in seinen Klauen. Und ich habe den Eindruck, als wollte es nicht weichen. Mindestens &hellip; <a href=\"https:\/\/willizblog.de\/?p=10353\" class=\"more-link\"><span class=\"screen-reader-text\">Ach Hartmut, lass ab von mir<\/span> weiterlesen <span class=\"meta-nav\">&rarr;<\/span><\/a><\/p>\n","protected":false},"author":1,"featured_media":0,"comment_status":"open","ping_status":"open","sticky":false,"template":"","format":"standard","meta":[],"categories":[16],"tags":[],"_links":{"self":[{"href":"https:\/\/willizblog.de\/index.php?rest_route=\/wp\/v2\/posts\/10353"}],"collection":[{"href":"https:\/\/willizblog.de\/index.php?rest_route=\/wp\/v2\/posts"}],"about":[{"href":"https:\/\/willizblog.de\/index.php?rest_route=\/wp\/v2\/types\/post"}],"author":[{"embeddable":true,"href":"https:\/\/willizblog.de\/index.php?rest_route=\/wp\/v2\/users\/1"}],"replies":[{"embeddable":true,"href":"https:\/\/willizblog.de\/index.php?rest_route=%2Fwp%2Fv2%2Fcomments&post=10353"}],"version-history":[{"count":0,"href":"https:\/\/willizblog.de\/index.php?rest_route=\/wp\/v2\/posts\/10353\/revisions"}],"wp:attachment":[{"href":"https:\/\/willizblog.de\/index.php?rest_route=%2Fwp%2Fv2%2Fmedia&parent=10353"}],"wp:term":[{"taxonomy":"category","embeddable":true,"href":"https:\/\/willizblog.de\/index.php?rest_route=%2Fwp%2Fv2%2Fcategories&post=10353"},{"taxonomy":"post_tag","embeddable":true,"href":"https:\/\/willizblog.de\/index.php?rest_route=%2Fwp%2Fv2%2Ftags&post=10353"}],"curies":[{"name":"wp","href":"https:\/\/api.w.org\/{rel}","templated":true}]}}