{"id":10365,"date":"2018-03-14T07:12:00","date_gmt":"2018-03-14T07:12:00","guid":{"rendered":"https:\/\/willizblog.de\/?p=10365"},"modified":"2018-03-14T07:12:23","modified_gmt":"2018-03-14T07:12:23","slug":"film-der-woche-tatort-1051-aus-bremen-im-toten-winkel-2018","status":"publish","type":"post","link":"https:\/\/willizblog.de\/?p=10365","title":{"rendered":"Film der Woche: Tatort (1051) aus Bremen: Im toten Winkel (2018)"},"content":{"rendered":"<p><em>Als der Rentner Horst Claasen seine demenzkranke Frau t\u00f6tet, sehen sich die Bremer Ermittler Inga L\u00fcrsen und Stedefreund mit einem gesellschaftlichen Tabuthema konfrontiert. Hat sich Horst Claasen die h\u00e4usliche Pflege tats\u00e4chlich nicht leisten k\u00f6nnen?<\/p>\n<p>Der Gutachter Carsten K\u00fchne f\u00fchrt die Ermittler Schicht um Schicht in den Alltag von Pflegenden ein, die sich aufopferungsvoll um ihre Angeh\u00f6rigen k\u00fcmmern. Die Kommissare geraten in einen toten Winkel des deutschen Pflegesystems, ihnen stockt angesichts der Ungerechtigkeit und der pers\u00f6nlichen Schicksale der Atem.<\/em><\/p>\n<p><em>Der \u201eTatort \u2013 Im toten Winkel\u201c (RB \/ X Filme) setzt weniger auf die \u00fcblichen Spannungs-Elemente eines Krimis, er portr\u00e4tiert eher n\u00fcchtern, fast dokumentarisch Menschen, die bei der h\u00e4uslichen Pflege von Angeh\u00f6rigen an ihre psychischen, physischen und \u00f6konomischen Grenzen sto\u00dfen. Katrin B\u00fchlig hat das Buch geschrieben, Philip Koch f\u00fchrte Regie \u2013 ohne stilistische \u00dcberh\u00f6hungen, ruhig und genau, ist stets nah an den Figuren und den Situationen, die einen \u201eaufregen\u201c k\u00f6nnen und die niemanden kalt lassen werden . Ein ungew\u00f6hnlicher \u201eTatort\u201c aus Bremen, mehr Drama als Krimi. Ein Film zwischen Wut &#038; Hilflosigkeit.<\/em> (Quelle: <a href=\"http:\/\/www.tittelbach.tv\/programm\/reihe\/artikel-4903.html\" rel=\"noopener\" target=\"_blank\">tittelbach.tv<\/a>)<\/p>\n<ul><img src=\"https:\/\/www.willizblog.de\/images\/video.png\" alt=\"Film der Woche: willizblog.de guckt TV\" title=\"Film der Woche: willizblog.de guckt TV\" \/><\/ul>\n<p>Wer wie ich so langsam in die Jahre kommt &#8211; der Renteneintritt ist nicht mehr so lange hin -, dem wird dieser Tatort sicherlich zu denken geben. Aber im Grunde kann jeder zum Pflegefall werden, vor schweren Unf\u00e4llen ist niemand gefeit, eine ernste Erkrankung kann jeden treffen. Was ist also, wenn ich zum Pflegefall werde?<\/p>\n<p>In diesem Tatort geht es in erster Linie um die h\u00e4usliche Pflege, also wenn Angeh\u00f6rige die Pflege \u00fcbernehmen oder Pflegedienste ins Haus kommen. Der Film zeigt in manchmal krassen Bildern auf, welcher Belastung die pflegenden Angeh\u00f6rigen ausgesetzt sind. Und auf der anderen Seite: Mit welchen Mitteln einige Pflegedienste arbeiten, denen der materielle Gewinn vor dem Wohlergeben seiner Klientel geht. Gerade im Alter haben viele Menschen zum Leben zu wenig \u2013 und das auch zum Sterben.<\/p>\n<p>Ich war erst skeptisch, als ich las, um was es in diesem Tatort geht. Aber den Bremern ist ein eindrucksvoller Film gelungen, der dem Thema voll und ganz gerecht wird und sicherlich zum Nachdenken anregt. <\/p>\n<p><embed src=\"https:\/\/www.willizblog.de\/gddflvplayer.swf\" flashvars=\"?&#038;autoplay=false&#038;sound=70&#038;buffer=2&#038;clickTAG=https:\/\/www.daserste.de\/unterhaltung\/krimi\/tatort\/sendung\/im-toten-winkel-100.html&#038;mylogo=&#038;splashscreen=https:\/\/www.willizblog.de\/images\/video_splash2.jpg&#038;vdo=https:\/\/pdvideosdaserste-a.akamaihd.net\/int\/2018\/03\/08\/15d05fd4-7866-453f-920e-fa33799353f5\/1280-1.mp4\" width=\"560\" height=\"315\" allowFullScreen=\"true\" quality=\"best\" wmode=\"transparent\" allowScriptAccess=\"always\"  pluginspage=\"https:\/\/get.adobe.com\/de\/flashplayer\/\" type=\"application\/x-shockwave-flash\"><br \/>\nFilm der Woche: <a href=\"https:\/\/www.daserste.de\/unterhaltung\/krimi\/tatort\/sendung\/im-toten-winkel-100.html\" rel=\"noopener\" target=\"_blank\">Tatort (1051) aus Bremen: Im toten Winkel (2018)<\/a> \u2013 Link auf Webseite \u2013 direkter Link auf das Video (<a href=\"https:\/\/pdvideosdaserste-a.akamaihd.net\/int\/2018\/03\/08\/15d05fd4-7866-453f-920e-fa33799353f5\/1280-1.mp4\" rel=\"noopener\" target=\"_blank\">Download<\/a>) &#8211; Video verf\u00fcgbar bis 10.04.2018<\/p>\n<p><em>(Wiederholter) technischer Hinweis: Ich getraue und bediene mich der Mediatheken \u00d6ffentlich-rechtlicher Rundfunkanstalten (zusammen mit dem direkten Link auf den Film zum Herunterladen). Zudem bediene ich mich eines Videoplayers, der das <a href=\"https:\/\/get.adobe.com\/de\/flashplayer\/\" rel=\"noopener\" target=\"_blank\">Plugin Adobe Flash<\/a> ben\u00f6tigt. Solltet Ihr damit Probleme haben, so findet Ihr hier auch immer den direkten Link auf die Webseite mit dem Video der entsprechenden Sendeanstalt.<\/em><\/p>\n","protected":false},"excerpt":{"rendered":"<p>Als der Rentner Horst Claasen seine demenzkranke Frau t\u00f6tet, sehen sich die Bremer Ermittler Inga L\u00fcrsen und Stedefreund mit einem gesellschaftlichen Tabuthema konfrontiert. Hat sich Horst Claasen die h\u00e4usliche Pflege tats\u00e4chlich nicht leisten k\u00f6nnen? Der Gutachter Carsten K\u00fchne f\u00fchrt die Ermittler Schicht um Schicht in den Alltag von Pflegenden ein, die sich aufopferungsvoll um ihre &hellip; <a href=\"https:\/\/willizblog.de\/?p=10365\" class=\"more-link\"><span class=\"screen-reader-text\">Film der Woche: Tatort (1051) aus Bremen: Im toten Winkel (2018)<\/span> weiterlesen <span class=\"meta-nav\">&rarr;<\/span><\/a><\/p>\n","protected":false},"author":1,"featured_media":0,"comment_status":"open","ping_status":"open","sticky":false,"template":"","format":"standard","meta":[],"categories":[441,2],"tags":[],"_links":{"self":[{"href":"https:\/\/willizblog.de\/index.php?rest_route=\/wp\/v2\/posts\/10365"}],"collection":[{"href":"https:\/\/willizblog.de\/index.php?rest_route=\/wp\/v2\/posts"}],"about":[{"href":"https:\/\/willizblog.de\/index.php?rest_route=\/wp\/v2\/types\/post"}],"author":[{"embeddable":true,"href":"https:\/\/willizblog.de\/index.php?rest_route=\/wp\/v2\/users\/1"}],"replies":[{"embeddable":true,"href":"https:\/\/willizblog.de\/index.php?rest_route=%2Fwp%2Fv2%2Fcomments&post=10365"}],"version-history":[{"count":0,"href":"https:\/\/willizblog.de\/index.php?rest_route=\/wp\/v2\/posts\/10365\/revisions"}],"wp:attachment":[{"href":"https:\/\/willizblog.de\/index.php?rest_route=%2Fwp%2Fv2%2Fmedia&parent=10365"}],"wp:term":[{"taxonomy":"category","embeddable":true,"href":"https:\/\/willizblog.de\/index.php?rest_route=%2Fwp%2Fv2%2Fcategories&post=10365"},{"taxonomy":"post_tag","embeddable":true,"href":"https:\/\/willizblog.de\/index.php?rest_route=%2Fwp%2Fv2%2Ftags&post=10365"}],"curies":[{"name":"wp","href":"https:\/\/api.w.org\/{rel}","templated":true}]}}