{"id":10376,"date":"2018-03-19T09:01:01","date_gmt":"2018-03-19T09:01:01","guid":{"rendered":"https:\/\/willizblog.de\/?p=10376"},"modified":"2018-03-19T09:01:01","modified_gmt":"2018-03-19T09:01:01","slug":"jetzt-sollte-nichts-mehr-schief-gehen","status":"publish","type":"post","link":"https:\/\/willizblog.de\/?p=10376","title":{"rendered":"Jetzt sollte nichts mehr schief gehen \u2026"},"content":{"rendered":"<p>Schon aufgefallen? Werder Bremen ist wieder die Nummer eins im Norden! Durch den 3:1-Sieg in Augsburg ist das Team von Trainer Florian Kohfeldt auf Platz zw\u00f6lf der Bundesliga-Tabelle geklettert &#8211; und hat nach dem HSV und dem VfL Wolfsburg nun auch Hannover 96 hinter sich gelassen. Jetzt sollte eigentlich nichts mehr schief gehen, was den Klassenerhalt betrifft.<\/p>\n<p>Schon gleich zu Anfang zeigte sich Werder als das deutlich dominantere Team, dann am Ende konterstark. Ohne \u00dcberraschungen in der Startelf geht es Florian Kohfeldt offenbar nicht: Kapit\u00e4n Zlatko Junuzovic rutschte trotz seiner beiden Vorlagen beim 3:1-Sieg gegen K\u00f6ln schon wieder aus der Startelf. Ein \u00e4hnliches Schicksal ereilte Milot Rashica, der am Montag sein erstes Tor f\u00fcr Werder erzielt hatte. F\u00fcr sie durften Philipp Bargfrede (nach \u00fcberstandenen Magen-Darm-Problemen) und Ishak Belfodil von Beginn an ran. In der Abwehr ersetzte erwartungsgem\u00e4\u00df Sebastian Langkamp den verletzten Milos Veljkovic.<\/p>\n<p>Und die Entscheidung f\u00fcr Ishak Belfodil wurde belohnt. Nicht nur, dass der Algerier in Bremens Diensten zwei Tore scho\u00df, er gab auch die Vorlage zum 3. Werder-Tor durch Max Kruse.<\/p>\n<p>Die Hereinnahme des Angreifers in die Startelf war aber nicht Kohfeldts einzige Ma\u00dfnahme, die voll griff. Dazu z\u00e4hlte auch die Manndeckung von Michael Gregoritsch. Philipp Bargfrede k\u00fcmmerte sich um den Torj\u00e4ger der Augsburger und machte bei Ballbesitz der Gastgeber aus der Bremer Vierer- eine F\u00fcnferkette. Damit kamen Gregoritsch und Co. \u00fcberhaupt nicht zurecht, ihnen gelang fast nichts.<\/p>\n<p><iframe loading=\"lazy\" width=\"560\" height=\"315\" src=\"https:\/\/www.youtube.com\/embed\/dyzA0B4XBr0\" frameborder=\"0\" allow=\"autoplay; encrypted-media\" allowfullscreen><\/iframe><br \/>\nFu\u00dfball-Bundesliga 2017\/2018 (27. Spieltag): FC Augsburg &#8211; Werder Bremen 1:3<\/p>\n<p>Obwohl Werder mit zehn Punkten aus den letzten vier Spielen einen enormen Zwischenspurt hingelegt hat, obwohl der Vorsprung auf den Relegationsplatz mittlerweile acht Z\u00e4hler betr\u00e4gt und obwohl die Mannschaft in Augsburg eine erste Halbzeit hingelegt hatte, die mit das Beste war, was Werder in den letzten Jahren gezeigt hat, besteht die maximale Zuversicht aus S\u00e4tzen wie diesem: \u201eWir haben einen wichtigen Schritt gemacht \u2013 mehr nicht.\u201c Florian Kohfeldt bringt es auf den Punkt: \u201eWir sind noch lange nicht durch. Jetzt k\u00f6nnen wir erstmal durchatmen. Aber dann werde ich die Jungs auch wieder daran erinnern.\u201c<\/p>\n<p>Und der HSV? Der Bundesliga-Dino taumelt unaufhaltsam der 2. Liga entgegen. Nach der 1:2-Niederlage zu Hause gegen Hertha BSC \u00fcbernahmen die Hamburger das Schlusslicht vom 1. FC K\u00f6ln. Einigen der HSV-Fans schmeckt das nat\u00fcrlich \u00fcberhaupt nicht: Nach Droh-Plakaten und Grabkreuzen auf dem Trainingsplatz folgte mit dem Spiel gegen Berlin die n\u00e4chste Krawall-Stufe. Diesmal blieb es nicht bei Drohungen. Die Chaoten wollten direkt auf die Spieler los, versuchten die Kabine zu st\u00fcrmen. Es gab neun Verletzte.<\/p>\n","protected":false},"excerpt":{"rendered":"<p>Schon aufgefallen? Werder Bremen ist wieder die Nummer eins im Norden! Durch den 3:1-Sieg in Augsburg ist das Team von Trainer Florian Kohfeldt auf Platz zw\u00f6lf der Bundesliga-Tabelle geklettert &#8211; und hat nach dem HSV und dem VfL Wolfsburg nun auch Hannover 96 hinter sich gelassen. Jetzt sollte eigentlich nichts mehr schief gehen, was den &hellip; <a href=\"https:\/\/willizblog.de\/?p=10376\" class=\"more-link\"><span class=\"screen-reader-text\">Jetzt sollte nichts mehr schief gehen \u2026<\/span> weiterlesen <span class=\"meta-nav\">&rarr;<\/span><\/a><\/p>\n","protected":false},"author":1,"featured_media":0,"comment_status":"open","ping_status":"open","sticky":false,"template":"","format":"standard","meta":[],"categories":[27],"tags":[],"_links":{"self":[{"href":"https:\/\/willizblog.de\/index.php?rest_route=\/wp\/v2\/posts\/10376"}],"collection":[{"href":"https:\/\/willizblog.de\/index.php?rest_route=\/wp\/v2\/posts"}],"about":[{"href":"https:\/\/willizblog.de\/index.php?rest_route=\/wp\/v2\/types\/post"}],"author":[{"embeddable":true,"href":"https:\/\/willizblog.de\/index.php?rest_route=\/wp\/v2\/users\/1"}],"replies":[{"embeddable":true,"href":"https:\/\/willizblog.de\/index.php?rest_route=%2Fwp%2Fv2%2Fcomments&post=10376"}],"version-history":[{"count":0,"href":"https:\/\/willizblog.de\/index.php?rest_route=\/wp\/v2\/posts\/10376\/revisions"}],"wp:attachment":[{"href":"https:\/\/willizblog.de\/index.php?rest_route=%2Fwp%2Fv2%2Fmedia&parent=10376"}],"wp:term":[{"taxonomy":"category","embeddable":true,"href":"https:\/\/willizblog.de\/index.php?rest_route=%2Fwp%2Fv2%2Fcategories&post=10376"},{"taxonomy":"post_tag","embeddable":true,"href":"https:\/\/willizblog.de\/index.php?rest_route=%2Fwp%2Fv2%2Ftags&post=10376"}],"curies":[{"name":"wp","href":"https:\/\/api.w.org\/{rel}","templated":true}]}}