{"id":1038,"date":"2007-12-14T00:02:20","date_gmt":"2007-12-13T22:02:20","guid":{"rendered":"http:\/\/www.albinz.de\/blog\/?p=1038"},"modified":"2007-12-14T00:02:20","modified_gmt":"2007-12-13T22:02:20","slug":"gabriel-faure-pavane","status":"publish","type":"post","link":"https:\/\/willizblog.de\/?p=1038","title":{"rendered":"Gabriel Faur\u00e9: Pavane"},"content":{"rendered":"<p>Wer die Beitr\u00e4ge der letzten Tage meines Weblogs liest, k\u00f6nnte meinen, ich bef\u00e4nde mich auf einem Weihnachtstripp. Dem ist nat\u00fcrlich nicht (ganz) so, zu sehr bin ich (auf der Arbeit) noch mit anderen Dingen besch\u00e4ftigt, als dass mich eine Art von Weihnachtsstimmung \u00fcberkommen k\u00f6nnte. Aber wer auf den Kalender schaut, sieht, dass die Tage gez\u00e4hlt sind, die uns vom Weihnachtsfest trennen. Musik hilft sicherlich, mich in eine entsprechende Stimmung zu bringen. Hoffe ich nur noch, dass das Wetter langsam winterlich-weihnachtlich wird (k\u00e4lter werden soll es ja).<\/p>\n<p>Ich bin jetzt wieder auf einen Musiktitel gesto\u00dfen, den u.a. auch Jethro Tull auf ihrem &#8222;Christmas Album&#8220; ver\u00f6ffentlicht hat: Pavane von <a href=\"https:\/\/de.wikipedia.org\/wiki\/Gabriel_Faur%C3%A9\" target=\"_blank\">Gabriel Faur\u00e9<\/a>. Zun\u00e4chst sollte man wissen, dass dieses St\u00fcck eigentlich nichts mit Weihnachten zu tun hat. <a href=\"https:\/\/de.wikipedia.org\/wiki\/Pavane\" target=\"_blank\">Pavane<\/a> ist ein alter Streittanz des 16. und 17. Jahrhunderts. Der Name leitet sich wahrscheinlich von der italienischen Stadt Padua ab. Der Franzose Faur\u00e9 komponierte sein St\u00fcck 1887 f\u00fcr Orchester (optional f\u00fcr einen Chor) in Fis-Moll (Opus 50). Aber es passt sehr gut in die Weihnachtszeit (der Meinung war wohl auch Herr Anderson, sonst h\u00e4tte er es nicht f\u00fcr das Christmas Album von Jethro Tull eingespielt). Und: Vielleicht sollte man gerade in der Weihnachtszeit \u00f6fter das Tanzbein schwingen, damit fette Weihnachtsgans und hochprozentiger Punsch besser verdaut werden.<\/p>\n<p>Von Jethro Tull bzw. Ian Anderson gibt es zwei mir bekannte Mitschnitte des St\u00fccks. Zum einen spielte die Gruppe es 2003 beim <a href=\"https:\/\/www.albinz.net\/jethrotull\/jt_montreux.html\" target=\"_blank\">Jazzfestival in Montreux<\/a>. Dann war Ian Anderson Ende 2004 mit dem Orchester der Neuen Philharmonie Frankfurt in Deutschland unterwegs. Das Konzert am 08.12.2004 wurde im <a href=\"https:\/\/www.willizblog.de\/?p=182\" target=\"_blank\">Rosengarten Mannheim<\/a> aufgezeichnet und ist als DVD erh\u00e4ltlich. Hierbei wurde auch Pavane aufgef\u00fchrt. Neben Ian Anderson und dem Orchester spielten u.a. Ians Sohn James Duncan (Drums and Percussion), John O\u2019Hara (Keyboards and Accordion &#8211; er dirigierte auch das Orchester), David Goodier (Bass Guitar and Glockenspiel) und der damals 21-j\u00e4hrige Rosenheimer\/M\u00fcnchner Florian Opahle (Acoustic and Electric Guitar):<\/p>\n<p><object width=\"425\" height=\"350\"><param name=\"movie\" value=\"https:\/\/www.youtube.com\/v\/-xGWP_emfzM\"><\/param><embed src=\"https:\/\/www.youtube.com\/v\/-xGWP_emfzM\" type=\"application\/x-shockwave-flash\" width=\"425\" height=\"350\"><\/embed><\/object><br \/>\nIan Anderson &#038; Orchestra: Pavane of Gabriel Faur\u00e9<\/p>\n<p>Nun bei youtube gibt es nat\u00fcrlich noch weitere Interpretation von Faur\u00e9s Pavane. Ganz interessant ist sicherlich die gesangliche Darbietung durch <a href=\"http:\/\/de.youtube.com\/watch?v=zzM_BHf0y70\" target=\"_blank\">Barbra Streisand &#8211; Pavane<\/a> und die <a href=\"http:\/\/de.youtube.com\/watch?v=BGMxqijblwQ\" target=\"_blank\">Fassung f\u00fcr Klavier<\/a>, gespielt von dem Japaner Hiromi Okada.<\/p>\n<p>Zum Einstimmen und Entspannen doch ganz gut &#8230;?!<\/p>\n","protected":false},"excerpt":{"rendered":"<p>Wer die Beitr\u00e4ge der letzten Tage meines Weblogs liest, k\u00f6nnte meinen, ich bef\u00e4nde mich auf einem Weihnachtstripp. Dem ist nat\u00fcrlich nicht (ganz) so, zu sehr bin ich (auf der Arbeit) noch mit anderen Dingen besch\u00e4ftigt, als dass mich eine Art von Weihnachtsstimmung \u00fcberkommen k\u00f6nnte. Aber wer auf den Kalender schaut, sieht, dass die Tage gez\u00e4hlt &hellip; <a href=\"https:\/\/willizblog.de\/?p=1038\" class=\"more-link\"><span class=\"screen-reader-text\">Gabriel Faur\u00e9: Pavane<\/span> weiterlesen <span class=\"meta-nav\">&rarr;<\/span><\/a><\/p>\n","protected":false},"author":1,"featured_media":0,"comment_status":"open","ping_status":"closed","sticky":false,"template":"","format":"standard","meta":[],"categories":[9,33],"tags":[],"_links":{"self":[{"href":"https:\/\/willizblog.de\/index.php?rest_route=\/wp\/v2\/posts\/1038"}],"collection":[{"href":"https:\/\/willizblog.de\/index.php?rest_route=\/wp\/v2\/posts"}],"about":[{"href":"https:\/\/willizblog.de\/index.php?rest_route=\/wp\/v2\/types\/post"}],"author":[{"embeddable":true,"href":"https:\/\/willizblog.de\/index.php?rest_route=\/wp\/v2\/users\/1"}],"replies":[{"embeddable":true,"href":"https:\/\/willizblog.de\/index.php?rest_route=%2Fwp%2Fv2%2Fcomments&post=1038"}],"version-history":[{"count":0,"href":"https:\/\/willizblog.de\/index.php?rest_route=\/wp\/v2\/posts\/1038\/revisions"}],"wp:attachment":[{"href":"https:\/\/willizblog.de\/index.php?rest_route=%2Fwp%2Fv2%2Fmedia&parent=1038"}],"wp:term":[{"taxonomy":"category","embeddable":true,"href":"https:\/\/willizblog.de\/index.php?rest_route=%2Fwp%2Fv2%2Fcategories&post=1038"},{"taxonomy":"post_tag","embeddable":true,"href":"https:\/\/willizblog.de\/index.php?rest_route=%2Fwp%2Fv2%2Ftags&post=1038"}],"curies":[{"name":"wp","href":"https:\/\/api.w.org\/{rel}","templated":true}]}}