{"id":10389,"date":"2018-06-21T15:16:08","date_gmt":"2018-06-21T15:16:08","guid":{"rendered":"https:\/\/willizblog.de\/?p=10389"},"modified":"2018-06-21T15:21:02","modified_gmt":"2018-06-21T15:21:02","slug":"halldor-laxness-die-gluecklichen-krieger","status":"publish","type":"post","link":"https:\/\/willizblog.de\/?p=10389","title":{"rendered":"Halld\u00f3r Laxness: Die gl\u00fccklichen Krieger"},"content":{"rendered":"<p><em>Schon als Halbw\u00fcchsiger begeistert sich Thorgeir<\/em> (isl\u00e4ndisch: <em>\u00deorgeirr<\/em>) <em>Havarsson f\u00fcr Waffen. Und Thormod<\/em> (isl\u00e4ndisch: <em>\u00deorm\u00f3\u00f0r) Bessason hat seit jeder eine Leidenschaft f\u00fcr die Poesie. Die beiden schw\u00f6ren Blutsbr\u00fcgerschaft, denn ohne Heldentaten keine Dichtung, und ohne Dichtung kein Heldenruhm. Thorgeir verl\u00e4s\u00df Island und folgt einem Wikingerheer nach England und Frankreich. Er begegnet der Grausamkeit einer Soldateska, die keine R\u00fccksicht kennt.<\/p>\n<p>Dichter Thormod hat inzwischen geheiratet und ist se\u00dfhaft geworden. Doch eines Tages macht er einen grausamen Fund: Jemand hat den Kopf seines Freundes ans Hoftor genagelt. Thormod macht sich auf und durchstreift die Welt, um den M\u00f6rder zu finden. Dieser Roman \u00fcber den Krieg verarbeitet die Erfahrungen des gewaltsamen zwanzigsten Jahrhunderts.<\/em><br \/>\n(aus dem Klappentext)<\/p>\n<ul><img src=\"https:\/\/images-na.ssl-images-amazon.com\/images\/I\/517LW1x3rUL._SX317_BO1,204,203,200_.jpg\" alt=\"Halld\u00f3r Laxness: Die gl\u00fccklichen Krieger\" title=\"Halld\u00f3r Laxness: Die gl\u00fccklichen Krieger\" \/><br \/>\nHalld\u00f3r Laxness: Die gl\u00fccklichen Krieger<\/ul>\n<p><a href=\"https:\/\/de.wikipedia.org\/wiki\/Gerpla\" rel=\"noopener\" target=\"_blank\">Gerpla<\/a> ist ein Roman des isl\u00e4ndischen Schriftstellers <a href=\"https:\/\/de.wikipedia.org\/wiki\/Halld%C3%B3r_Laxness\" rel=\"noopener\" target=\"_blank\">Halld\u00f3r Laxness<\/a>. Die deutsche \u00dcbersetzung tr\u00e4gt den Titel <a target=\"_blank\" href=\"https:\/\/www.amazon.de\/gp\/product\/3869304030\/ref=as_li_tl?ie=UTF8&#038;camp=1638&#038;creative=6742&#038;creativeASIN=3869304030&#038;linkCode=as2&#038;tag=familiealbin-21&#038;linkId=941caa86e508d96885dbad6b43ffa0a2\"><strong>Die gl\u00fccklichen Krieger<\/strong><\/a><img loading=\"lazy\" src=\"\/\/ir-de.amazon-adsystem.com\/e\/ir?t=familiealbin-21&#038;l=am2&#038;o=3&#038;a=3869304030\" width=\"1\" height=\"1\" border=\"0\" alt=\"\" style=\"border:none !important; margin:0px !important;\" \/>. Das Buch ist eine Nachahmung einer <a href=\"https:\/\/de.wikipedia.org\/wiki\/Isl%C3%A4ndersagas\" rel=\"noopener\" target=\"_blank\">isl\u00e4ndischen Saga<\/a> und nach <a href=\"https:\/\/www.willizblog.de\/?p=4076\" rel=\"noopener\" target=\"_blank\">Die Islandglocke<\/a> der zweite historische Roman Laxness&#8216;; er erschien 1952, drei Jahre bevor er den Literatur-Nobelpreis erhielt.<\/p>\n<p>Der Stil Halld\u00f3r Laxness&#8216; orientiert sich an dem der mittelalterlichen Sagas. Bereits der Titel Gerpla ist eine Neusch\u00f6pfung und eigentlich un\u00fcbersetzbar. Er orientiert sich an die Tradition der Kurztitel altisl\u00e4ndischer Sagas wie Grettla f\u00fcr Grettis saga oder Egla f\u00fcr Egils saga. Das Ausgangswort des Titels ist garpur, der Held. Gerpla bedeutet also in etwa: Heldenbuch, Heldengeschichte bzw. Heldenlied. Scheinbare Authentizit\u00e4t gewinnt der Erz\u00e4hler durch die Verwendung altisl\u00e4ndischer Sprachformen aus dem 11. Jahrhundert, die in Island auch heute noch unmittelbar verstanden werden (im Gegensatz zu althochdeutschen Texten des Mittelalters, die wir Deutsche kaum noch entziffern k\u00f6nnen). Allerdings erlaubt sich Laxness einige witzige Ausnahmen. So sehr sich der Roman formal an den mittelalterlichen Werken orientiert, verkehrt Laxness die Heldensagen inhaltlich in eine Anti-Saga, deren Heldentum sich in blutr\u00fcnstiger Mord- und Raublust sowie hemmungsloser Gier nach Geld und Macht ersch\u00f6pft.<\/p>\n<p>W\u00e4hrend das Original den Isl\u00e4ndersagas nachempfunden ist, orientiert sich die deutsche \u00dcbersetzung an den \u00e4lteren deutschen \u00dcbersetzungen der Isl\u00e4ndersagas. So entsteht auch im Deutschen der Eindruck, es handle sich um einen altert\u00fcmlichen Test. Noch einmal zur isl\u00e4ndischen Sprache: &#8222;In Island ist wegen der Isolation des Landes, der starken Stellung der altisl\u00e4ndischen Literatur und der nationalistischen Sprachpolitik eine einmalige Kontinuit\u00e4t der Sprache gegeben, die es ge\u00fcbten Lesern noch heute erm\u00f6glicht, die Sagas im Original zu lesen.&#8220; (Halld\u00f3r Gudmundsson: <a target=\"_blank\" href=\"https:\/\/www.amazon.de\/gp\/product\/3869302356\/ref=as_li_tl?ie=UTF8&#038;camp=1638&#038;creative=6742&#038;creativeASIN=3869302356&#038;linkCode=as2&#038;tag=familiealbin-21&#038;linkId=80bc4345cd4c7aff5c59db5c5c4ba49f\">Halld\u00f3r Laxness &#8212; Sein Leben<\/a><img loading=\"lazy\" src=\"\/\/ir-de.amazon-adsystem.com\/e\/ir?t=familiealbin-21&#038;l=am2&#038;o=3&#038;a=3869302356\" width=\"1\" height=\"1\" border=\"0\" alt=\"\" style=\"border:none !important; margin:0px !important;\" \/>, S. 177)<\/p>\n<p>F\u00fcr empfindliche Leser ist dieser Roman in der Beschreibung der Grausamkeiten sicherlich ziemlich brutal. Das ist Absicht. Krieg mit Mord und Totschlag hat mit Heldentum am Ende wenig zu tun. Alles wird ungesch\u00f6n, wenn auch meist sehr lapidar, also knapp und schn\u00f6rkellos beschrieben. Laxness gew\u00e4hrt uns dabei einen ungew\u00f6hnlichen Einblick in das alte Island, das vom allt\u00e4glichen \u00dcberlebenskampf gepr\u00e4gt ist. Und es ist ein Blick in die Geschichte Anfang des 11. Jahrhunderts. So findet der Leser historische Personen als Protagonisten wieder wie <a href=\"https:\/\/de.wikipedia.org\/wiki\/Olav_II._Haraldsson\" rel=\"noopener\" target=\"_blank\">Olaf der Dicke<\/a>, norwegischer K\u00f6nig von 1015 bis 1028, der sp\u00e4ter Olaf der Heilige genannt werden wird, oder den englischen K\u00f6nig <a href=\"https:\/\/de.wikipedia.org\/wiki\/%C3%86thelred_(England)\" rel=\"noopener\" target=\"_blank\">\u00c6thelred<\/a> (im Buch Adalrad).<\/p>\n<p>Wer Halld\u00f3r Laxness gelesen hat, kennt seinen oft mit ironischem Unterton besetzten Stil. In diesem Roman kann man diesen Ton nur als bei\u00dfenden Spott deuten, denn das angebliche Heldenepos entlarvt sich als zynische L\u00fcge.<\/p>\n","protected":false},"excerpt":{"rendered":"<p>Schon als Halbw\u00fcchsiger begeistert sich Thorgeir (isl\u00e4ndisch: \u00deorgeirr) Havarsson f\u00fcr Waffen. Und Thormod (isl\u00e4ndisch: \u00deorm\u00f3\u00f0r) Bessason hat seit jeder eine Leidenschaft f\u00fcr die Poesie. Die beiden schw\u00f6ren Blutsbr\u00fcgerschaft, denn ohne Heldentaten keine Dichtung, und ohne Dichtung kein Heldenruhm. Thorgeir verl\u00e4s\u00df Island und folgt einem Wikingerheer nach England und Frankreich. Er begegnet der Grausamkeit einer Soldateska, &hellip; <a href=\"https:\/\/willizblog.de\/?p=10389\" class=\"more-link\"><span class=\"screen-reader-text\">Halld\u00f3r Laxness: Die gl\u00fccklichen Krieger<\/span> weiterlesen <span class=\"meta-nav\">&rarr;<\/span><\/a><\/p>\n","protected":false},"author":1,"featured_media":0,"comment_status":"open","ping_status":"open","sticky":false,"template":"","format":"standard","meta":[],"categories":[3],"tags":[],"_links":{"self":[{"href":"https:\/\/willizblog.de\/index.php?rest_route=\/wp\/v2\/posts\/10389"}],"collection":[{"href":"https:\/\/willizblog.de\/index.php?rest_route=\/wp\/v2\/posts"}],"about":[{"href":"https:\/\/willizblog.de\/index.php?rest_route=\/wp\/v2\/types\/post"}],"author":[{"embeddable":true,"href":"https:\/\/willizblog.de\/index.php?rest_route=\/wp\/v2\/users\/1"}],"replies":[{"embeddable":true,"href":"https:\/\/willizblog.de\/index.php?rest_route=%2Fwp%2Fv2%2Fcomments&post=10389"}],"version-history":[{"count":0,"href":"https:\/\/willizblog.de\/index.php?rest_route=\/wp\/v2\/posts\/10389\/revisions"}],"wp:attachment":[{"href":"https:\/\/willizblog.de\/index.php?rest_route=%2Fwp%2Fv2%2Fmedia&parent=10389"}],"wp:term":[{"taxonomy":"category","embeddable":true,"href":"https:\/\/willizblog.de\/index.php?rest_route=%2Fwp%2Fv2%2Fcategories&post=10389"},{"taxonomy":"post_tag","embeddable":true,"href":"https:\/\/willizblog.de\/index.php?rest_route=%2Fwp%2Fv2%2Ftags&post=10389"}],"curies":[{"name":"wp","href":"https:\/\/api.w.org\/{rel}","templated":true}]}}