{"id":1039,"date":"2007-12-15T00:16:46","date_gmt":"2007-12-14T22:16:46","guid":{"rendered":"http:\/\/www.albinz.de\/blog\/?p=1039"},"modified":"2007-12-14T14:46:28","modified_gmt":"2007-12-14T12:46:28","slug":"meine-liebsten-bucher","status":"publish","type":"post","link":"https:\/\/willizblog.de\/?p=1039","title":{"rendered":"Meine liebsten B\u00fccher"},"content":{"rendered":"<p>Weihnachten steht vor der T\u00fcre. Das Fest der Liebe und &#8230; der Geschenke wohl auch. Das sollten nach meiner Meinung nicht nur Musik-CDs und Video-DVDs sein, ein gutes Buch ist auch nicht schlecht.<\/p>\n<p>Ich bin zwar kein Literaturkritiker, noch weniger ein Wissenschaftler, der sich mit Literatur besch\u00e4ftigt. Wenn ich mich hingesetzt habe, um die mir liebsten B\u00fccher aufzulisten, so ist die Auswahl eine rein subjektive. Schon allein eine solche Liste zu erstellen bereitete mir einige Kopfschmerzen. Solche Listen bereiten immer Kopfschmerzen. So habe ich mir auch eine Top Ten erspart und auch eine entsprechende Reihenfolge. Was ich hier ausgelistet habe, ist allein vom Alphabet bestimmt (und nat\u00fcrlich von einer gewissen literarischen Qualit\u00e4t).<\/p>\n<p>So komme ich auf 15 B\u00fccher, die in irgendeiner Weise auch mein Leben beeinflusst haben. Von fast allen den Autoren habe ich weit mehr als nur ein Buch gelesen, sodass bereits die Wahl, welches ist denn das jeweils beste, schwer gefallen ist. Und ich wei\u00df es: Es sind alles M\u00e4nner. Die Liste ist in vielerlei Hinsicht auch nur repr\u00e4sentativ zu sehen. Und vollst\u00e4ndig ist sie sowieso nicht. Okay, eine Frau will ich nun doch nennen, nicht nur als Alibi (wirklich nicht) und weil sie in diesem Jahr den Litaraturnobelpreis erhalten hat:<\/p>\n<p><a href=\"https:\/\/de.wikipedia.org\/wiki\/Doris_Lessing\" target=\"_blank\">Doris Lessing<\/a> und ihr Roman: <a href=\"http:\/\/www.hoffmann-und-campe.de\/go\/295e9ea0-3ff9-83e1-86668996f32ece32\" target=\"_blank\">Das goldene Notizbuch<\/a>, das ich auch gelesen habe.<\/p>\n<p><img src=\"https:\/\/www.willizblog.de\/albpics\/literaten.gif\" alt=\"WilliZ liebste Literaten\" \/><\/p>\n<p>Viele der Autoren sind jeder Kritik erhaben. Sie z\u00e4hlen schlicht und einfach zur Weltliteratur. Aber bei einigen werden manche mit den Ohren schlackern (besser: mit den Augen blinzeln). Da w\u00e4re z.B. Bruce Chatwin, dessen Australien-Buch heftige Kritik einstreichen musste. Sicherlich zu recht, denn wenn es in seinem Buch zum gro\u00dfen Teil um die Kultur der Ureinwohner, den Aborigines, geht, so muss er diese auch zu Wort kommen lassen. Trotzdem habe ich mich f\u00fcr dieses Buch entschieden, weil es mich von seiner Thematik her interessierte. Ich habe es aufgelistet, weil ich es als einen Vertreter einer ganz bestimmten Art von Buch ansehe, der Ethnographie (beschreibende V\u00f6lkerkunde). Auch Umberto Eco, so sehr mir sein Roman gef\u00e4llt, kam in erster Linie als ein Vertreter einer ganzen Gattung auf diese Liste, einer romanhaften, also fiktiven Historiographie (und als Kriminalroman der besseren Art). Dann h\u00e4tte ich die Erz\u00e4hlung von Hermann Hesse streichen k\u00f6nnen, denn auch hier geht es um das Mittelalter. Aber sein Werk hat einen ganz anderen Hintergrund: Es geht hier um zwei gegens\u00e4tzliche Charaktere, die ich mit den Begriffen Sinn, also Vernunft, und Sinnlichkeit (K\u00fcnstlertum) beschreiben m\u00f6chte. <a href=\"https:\/\/www.willizblog.de\/?p=38\" target=\"_blank\">Erich Fromms Kunst des Liebens<\/a> ist f\u00fcr mich ein grunds\u00e4tzliches Buch.<\/p>\n<p>Mir ist auch bewusst, dass die Literatur S\u00fcdamerikas mit gleich drei Vertretern (Borges, Garc\u00eda M\u00e1rquez und Vargas Llosa) ziemlich \u00fcberpr\u00e4sentiert ist. Aber ich habe mich eine l\u00e4ngere Zeit sehr stark mit dieser Literatur besch\u00e4ftigt. Und Borges sehe ich hier nicht als einen Vertreter S\u00fcdamerikas, sondern eher als einen der phantastischen Belletristik. Da ich mich u.a. mit Zen-Buddhismus besch\u00e4ftigt habe, sind mir auch Werke aus Asien bekannt. Und Afrikas Literatur (schwarz wie wei\u00df) kenne ich auch zum Teil. Den Schwerpunkt bildet nat\u00fcrlich die europ\u00e4ische, speziell deutschsprachige Literatur.<\/p>\n<table border=\"0\" cellspacing=\"0\" width=\"90%\" cellpadding=\"3\">\n<tr>\n<td width=\"50%\"><a href=\"https:\/\/de.wikipedia.org\/wiki\/Jorge_Luis_Borges\" target=\"_blank\"><font face=\"Lucida Grande, Lucida Sans Unicode, Verdana, sans-serif\" size=\"2\">Jorge Luis Borges<\/font><\/a><\/td>\n<td width=\"50%\"><a href=\"https:\/\/de.wikipedia.org\/wiki\/Die_Bibliothek_von_Babel\" target=\"_blank\"><font face=\"Lucida Grande, Lucida Sans Unicode, Verdana, sans-serif\" size=\"2\">Die Biliothek von Babel<\/font><\/a><\/td>\n<\/tr>\n<tr>\n<td width=\"50%\"><a href=\"https:\/\/de.wikipedia.org\/wiki\/Albert_Camus\" target=\"_blank\"><font face=\"Lucida Grande, Lucida Sans Unicode, Verdana, sans-serif\" size=\"2\">Albert Camus<\/font><\/a><\/td>\n<td width=\"50%\"><a href=\"https:\/\/de.wikipedia.org\/wiki\/Die_Pest\" target=\"_blank\"><font face=\"Lucida Grande, Lucida Sans Unicode, Verdana, sans-serif\" size=\"2\">Die Pest<\/font><\/a><\/td>\n<\/tr>\n<tr>\n<td width=\"50%\"><a href=\"https:\/\/de.wikipedia.org\/wiki\/Bruce_Chatwin\" target=\"_blank\"><font face=\"Lucida Grande, Lucida Sans Unicode, Verdana, sans-serif\" size=\"2\">Bruce Chatwin<\/font><\/a><\/td>\n<td width=\"50%\"><a href=\"https:\/\/de.wikipedia.org\/wiki\/Traumpfade\" target=\"_blank\"><font face=\"Lucida Grande, Lucida Sans Unicode, Verdana, sans-serif\" size=\"2\">Traumpfade<\/font><\/a><\/td>\n<\/tr>\n<tr>\n<td width=\"50%\"><a href=\"https:\/\/de.wikipedia.org\/wiki\/Umberto_Eco\" target=\"_blank\"><font face=\"Lucida Grande, Lucida Sans Unicode, Verdana, sans-serif\" size=\"2\">Umberto Eco<\/font><\/a><\/td>\n<td width=\"50%\"><a href=\"https:\/\/de.wikipedia.org\/wiki\/Der_Name_der_Rose\" target=\"_blank\"><font face=\"Lucida Grande, Lucida Sans Unicode, Verdana, sans-serif\" size=\"2\">Der Name der Rose<\/font><\/a><\/td>\n<\/tr>\n<tr>\n<td width=\"50%\"><a href=\"https:\/\/de.wikipedia.org\/wiki\/Max_Frisch\" target=\"_blank\"><font face=\"Lucida Grande, Lucida Sans Unicode, Verdana, sans-serif\" size=\"2\">Max Frisch<\/font><\/a><\/td>\n<td width=\"50%\"><a href=\"https:\/\/de.wikipedia.org\/wiki\/Stiller_(Max_Frisch)\" target=\"_blank\"><font face=\"Lucida Grande, Lucida Sans Unicode, Verdana, sans-serif\" size=\"2\">Stiller<\/font><\/a><\/td>\n<\/tr>\n<tr>\n<td width=\"50%\"><a href=\"https:\/\/de.wikipedia.org\/wiki\/Erich_Fromm\" target=\"_blank\"><font face=\"Lucida Grande, Lucida Sans Unicode, Verdana, sans-serif\" size=\"2\">Erich Fromm<\/font><\/a><\/td>\n<td width=\"50%\"><a href=\"https:\/\/de.wikipedia.org\/wiki\/Die_Kunst_des_Liebens\" target=\"_blank\"><font face=\"Lucida Grande, Lucida Sans Unicode, Verdana, sans-serif\" size=\"2\">Die Kunst des Liebens<\/font><\/a><\/td>\n<\/tr>\n<tr>\n<td width=\"50%\"><a href=\"https:\/\/de.wikipedia.org\/wiki\/Gabriel_Garcia_Marquez\" target=\"_blank\"><font face=\"Lucida Grande, Lucida Sans Unicode, Verdana, sans-serif\" size=\"2\">Gabriel Garc\u00eda M\u00e1rquez<\/font><\/a><\/td>\n<td width=\"50%\"><a href=\"https:\/\/de.wikipedia.org\/wiki\/Hundert_Jahre_Einsamkeit\" target=\"_blank\"><font face=\"Lucida Grande, Lucida Sans Unicode, Verdana, sans-serif\" size=\"2\">Hundert Jahre Einsamkeit<\/font><\/a><\/td>\n<\/tr>\n<tr>\n<td width=\"50%\"><a href=\"https:\/\/de.wikipedia.org\/wiki\/G%C3%BCnter_Grass\" target=\"_blank\"><font face=\"Lucida Grande, Lucida Sans Unicode, Verdana, sans-serif\" size=\"2\">G\u00fcnter Grass<\/font><\/a><\/td>\n<td width=\"50%\"><a href=\"https:\/\/de.wikipedia.org\/wiki\/Die_Blechtrommel\" target=\"_blank\"><font face=\"Lucida Grande, Lucida Sans Unicode, Verdana, sans-serif\" size=\"2\">Die Blechtrommel<\/font><\/a><\/td>\n<\/tr>\n<tr>\n<td width=\"50%\"><a href=\"https:\/\/de.wikipedia.org\/wiki\/Hermann_Hesse\" target=\"_blank\"><font face=\"Lucida Grande, Lucida Sans Unicode, Verdana, sans-serif\" size=\"2\">Hermann Hesse<\/font><\/a><\/td>\n<td width=\"50%\"><a href=\"https:\/\/de.wikipedia.org\/wiki\/Narzi%C3%9F_und_Goldmund\" target=\"_blank\"><font face=\"Lucida Grande, Lucida Sans Unicode, Verdana, sans-serif\" size=\"2\">Narzi\u00df und Goldmund<\/font><\/a><\/td>\n<\/tr>\n<tr>\n<td width=\"50%\"><a href=\"https:\/\/de.wikipedia.org\/wiki\/John_Irving\" target=\"_blank\"><font face=\"Lucida Grande, Lucida Sans Unicode, Verdana, sans-serif\" size=\"2\">John Irving<\/font><\/a><\/td>\n<td width=\"50%\"><a href=\"https:\/\/de.wikipedia.org\/wiki\/Garp_%E2%80%93_und_wie_er_die_Welt_sah\" target=\"_blank\"><font face=\"Lucida Grande, Lucida Sans Unicode, Verdana, sans-serif\" size=\"2\">Garp \u2013 und wie er die Welt sah<\/font><\/a><\/td>\n<\/tr>\n<tr>\n<td width=\"50%\"><a href=\"https:\/\/de.wikipedia.org\/wiki\/Franz_Kafka\" target=\"_blank\"><font face=\"Lucida Grande, Lucida Sans Unicode, Verdana, sans-serif\" size=\"2\">Franz Kafka<\/font><\/a><\/td>\n<td width=\"50%\"><a href=\"https:\/\/de.wikipedia.org\/wiki\/Der_Process\" target=\"_blank\"><font face=\"Lucida Grande, Lucida Sans Unicode, Verdana, sans-serif\" size=\"2\">Der Prozess<\/font><\/a><\/td>\n<\/tr>\n<tr>\n<td width=\"50%\"><a href=\"https:\/\/de.wikipedia.org\/wiki\/Thomas_Mann\" target=\"_blank\"><font face=\"Lucida Grande, Lucida Sans Unicode, Verdana, sans-serif\" size=\"2\">Thomas Mann<\/font><\/a><\/td>\n<td width=\"50%\"><a href=\"https:\/\/de.wikipedia.org\/wiki\/Der_Zauberberg\" target=\"_blank\"><font face=\"Lucida Grande, Lucida Sans Unicode, Verdana, sans-serif\" size=\"2\">Der Zauberberg<\/font><\/a><\/td>\n<\/tr>\n<tr>\n<td width=\"50%\"><a href=\"https:\/\/de.wikipedia.org\/wiki\/Mario_Vargas_Llosa\" target=\"_blank\"><font face=\"Lucida Grande, Lucida Sans Unicode, Verdana, sans-serif\" size=\"2\">Mario Vargas Llosa<\/font><\/a><\/td>\n<td width=\"50%\"><a href=\"http:\/\/www.paschen.de\/e37\/e2933\/e3112\/index_ger.html\" target=\"_blank\"><font face=\"Lucida Grande, Lucida Sans Unicode, Verdana, sans-serif\" size=\"2\">Das gr\u00fcne Haus<\/font><\/a><\/td>\n<\/tr>\n<tr>\n<td width=\"50%\"><a href=\"https:\/\/de.wikipedia.org\/wiki\/Martin_Walser\" target=\"_blank\"><font face=\"Lucida Grande, Lucida Sans Unicode, Verdana, sans-serif\" size=\"2\">Martin Walser<\/font><\/a><\/td>\n<td width=\"50%\"><a href=\"http:\/\/www.chronikderwende.de\/_\/lexikon\/buecherfilme\/buecherfilme_jsp\/key=verteidigung_walser.html\" target=\"_blank\"><font face=\"Lucida Grande, Lucida Sans Unicode, Verdana, sans-serif\" size=\"2\">Die Verteidigung der Kindheit<\/font><\/a><\/td>\n<\/tr>\n<tr>\n<td width=\"50%\"><a href=\"https:\/\/de.wikipedia.org\/wiki\/Robert_Walser\" target=\"_blank\"><font face=\"Lucida Grande, Lucida Sans Unicode, Verdana, sans-serif\" size=\"2\">Robert Walser<\/font><\/a><\/td>\n<td width=\"50%\"><a href=\"https:\/\/de.wikipedia.org\/wiki\/Der_Geh%C3%BClfe\" target=\"_blank\"><font face=\"Lucida Grande, Lucida Sans Unicode, Verdana, sans-serif\" size=\"2\">Der Geh\u00fclfe<\/font><\/a><\/td>\n<\/tr>\n<\/table>\n","protected":false},"excerpt":{"rendered":"<p>Weihnachten steht vor der T\u00fcre. Das Fest der Liebe und &#8230; der Geschenke wohl auch. Das sollten nach meiner Meinung nicht nur Musik-CDs und Video-DVDs sein, ein gutes Buch ist auch nicht schlecht. Ich bin zwar kein Literaturkritiker, noch weniger ein Wissenschaftler, der sich mit Literatur besch\u00e4ftigt. Wenn ich mich hingesetzt habe, um die mir &hellip; <a href=\"https:\/\/willizblog.de\/?p=1039\" class=\"more-link\"><span class=\"screen-reader-text\">Meine liebsten B\u00fccher<\/span> weiterlesen <span class=\"meta-nav\">&rarr;<\/span><\/a><\/p>\n","protected":false},"author":1,"featured_media":0,"comment_status":"open","ping_status":"closed","sticky":false,"template":"","format":"standard","meta":[],"categories":[3],"tags":[],"_links":{"self":[{"href":"https:\/\/willizblog.de\/index.php?rest_route=\/wp\/v2\/posts\/1039"}],"collection":[{"href":"https:\/\/willizblog.de\/index.php?rest_route=\/wp\/v2\/posts"}],"about":[{"href":"https:\/\/willizblog.de\/index.php?rest_route=\/wp\/v2\/types\/post"}],"author":[{"embeddable":true,"href":"https:\/\/willizblog.de\/index.php?rest_route=\/wp\/v2\/users\/1"}],"replies":[{"embeddable":true,"href":"https:\/\/willizblog.de\/index.php?rest_route=%2Fwp%2Fv2%2Fcomments&post=1039"}],"version-history":[{"count":0,"href":"https:\/\/willizblog.de\/index.php?rest_route=\/wp\/v2\/posts\/1039\/revisions"}],"wp:attachment":[{"href":"https:\/\/willizblog.de\/index.php?rest_route=%2Fwp%2Fv2%2Fmedia&parent=1039"}],"wp:term":[{"taxonomy":"category","embeddable":true,"href":"https:\/\/willizblog.de\/index.php?rest_route=%2Fwp%2Fv2%2Fcategories&post=1039"},{"taxonomy":"post_tag","embeddable":true,"href":"https:\/\/willizblog.de\/index.php?rest_route=%2Fwp%2Fv2%2Ftags&post=1039"}],"curies":[{"name":"wp","href":"https:\/\/api.w.org\/{rel}","templated":true}]}}