{"id":1040,"date":"2007-12-16T17:05:12","date_gmt":"2007-12-16T15:05:12","guid":{"rendered":"http:\/\/www.albinz.de\/blog\/?p=1040"},"modified":"2008-05-19T11:47:02","modified_gmt":"2008-05-19T09:47:02","slug":"versohnlicher-abschluss","status":"publish","type":"post","link":"https:\/\/willizblog.de\/?p=1040","title":{"rendered":"Vers\u00f6hnlicher Abschluss"},"content":{"rendered":"<p>F\u00fcr ein Weiterkommen in der Champions League hat es nicht gereicht. Immerhin war der Sieg gegen die <a href=\"https:\/\/www.willizblog.de\/?p=1022\" target=\"_blank\">&#8218;K\u00f6niglichen&#8216;<\/a> nicht ganz umsonst; der dadurch erreichte 3. Platz l\u00e4sst Werder Bremen im UEFA-Cup weitermachen. Aber zufrieden konnte nach der Niederlage in Hannover und bei Pir\u00e4us keiner sein. So kommt im letzten Pflichtspiel des Jahres der 5:2-Sieg gegen Bayer Leverkusen gerade recht und sorgt f\u00fcr ein auch f\u00fcr die Fans vers\u00f6hnliches Ende. Besonders erw\u00e4hnenswert die beiden Tore durch <a href=\"https:\/\/www.willizblog.de\/?p=997\" target=\"_blank\">Ivan Klasnic<\/a>, der sich damit voll und ganz in der Mannschaft zur\u00fcckgemeldet hat.<\/p>\n<p><img src=\"https:\/\/www.willizblog.de\/albpics\/werder0708_st17.jpg\" alt=\"Ivan Klasnic: 2 Tore gegen Leverkusen\" \/><\/p>\n<p>Erstaunlich dabei: Werder Bremen zieht in der Fu\u00dfball-Bundeliga nach Punkten mit den Bayern aus M\u00fcnchen gleich und ist gewisserma\u00dfen der Co-Herbstmeister. Wenn auch noch lange nicht alles bei den Werderanern glatt l\u00e4uft, mit Querelen wie bei den Bayern blieb der Verein bisher verschont: Die P\u00f6beleien eines Ulli Hoene\u00df gegen die eigenen Fans, das unkameradschaftliche Verhalten von Keeper Oliver Kahn, \u00fcberhaupt die ganze nerv\u00f6se Unruhe im Verein zeigen nur, mit Geld allein sind keine Meisterschaften zu gewinnen. Ist auch gut so!<\/p>\n","protected":false},"excerpt":{"rendered":"<p>F\u00fcr ein Weiterkommen in der Champions League hat es nicht gereicht. Immerhin war der Sieg gegen die &#8218;K\u00f6niglichen&#8216; nicht ganz umsonst; der dadurch erreichte 3. Platz l\u00e4sst Werder Bremen im UEFA-Cup weitermachen. Aber zufrieden konnte nach der Niederlage in Hannover und bei Pir\u00e4us keiner sein. So kommt im letzten Pflichtspiel des Jahres der 5:2-Sieg gegen &hellip; <a href=\"https:\/\/willizblog.de\/?p=1040\" class=\"more-link\"><span class=\"screen-reader-text\">Vers\u00f6hnlicher Abschluss<\/span> weiterlesen <span class=\"meta-nav\">&rarr;<\/span><\/a><\/p>\n","protected":false},"author":1,"featured_media":0,"comment_status":"open","ping_status":"closed","sticky":false,"template":"","format":"standard","meta":[],"categories":[27],"tags":[],"_links":{"self":[{"href":"https:\/\/willizblog.de\/index.php?rest_route=\/wp\/v2\/posts\/1040"}],"collection":[{"href":"https:\/\/willizblog.de\/index.php?rest_route=\/wp\/v2\/posts"}],"about":[{"href":"https:\/\/willizblog.de\/index.php?rest_route=\/wp\/v2\/types\/post"}],"author":[{"embeddable":true,"href":"https:\/\/willizblog.de\/index.php?rest_route=\/wp\/v2\/users\/1"}],"replies":[{"embeddable":true,"href":"https:\/\/willizblog.de\/index.php?rest_route=%2Fwp%2Fv2%2Fcomments&post=1040"}],"version-history":[{"count":0,"href":"https:\/\/willizblog.de\/index.php?rest_route=\/wp\/v2\/posts\/1040\/revisions"}],"wp:attachment":[{"href":"https:\/\/willizblog.de\/index.php?rest_route=%2Fwp%2Fv2%2Fmedia&parent=1040"}],"wp:term":[{"taxonomy":"category","embeddable":true,"href":"https:\/\/willizblog.de\/index.php?rest_route=%2Fwp%2Fv2%2Fcategories&post=1040"},{"taxonomy":"post_tag","embeddable":true,"href":"https:\/\/willizblog.de\/index.php?rest_route=%2Fwp%2Fv2%2Ftags&post=1040"}],"curies":[{"name":"wp","href":"https:\/\/api.w.org\/{rel}","templated":true}]}}