{"id":1041,"date":"2007-12-17T00:06:34","date_gmt":"2007-12-16T22:06:34","guid":{"rendered":"http:\/\/www.albinz.de\/blog\/?p=1041"},"modified":"2007-12-17T00:06:34","modified_gmt":"2007-12-16T22:06:34","slug":"mindestlohn-und-minijobs","status":"publish","type":"post","link":"https:\/\/willizblog.de\/?p=1041","title":{"rendered":"Mindestlohn und Minijobs"},"content":{"rendered":"<p>Es ist geradezu moralisch verwerflich, wenn f\u00fcr vollzeitig geleistete Arbeit kein zum Auskommen angemessener Lohn gezahlt wird. Wer also in Vollzeit (rund 40 Stunden die Woche) einen Job aus\u00fcbt, sollte mit dem Lohn daf\u00fcr auch sein Leben bestreiten k\u00f6nnen. Ist der Lohn zu niedrig hierf\u00fcr, dann stimmt hier etwas nicht. Das gilt sowohl f\u00fcr die Mindestlohndebatte wie auch f\u00fcr die Erkenntnis, dass immer mehr Deutsche neben ihren 40-Stunden-Fulltime-Job auch noch einen Zweitjob brauchen, um \u00fcberhaupt halbwegs \u00fcber die Runden zu kommen, wie die Zunahme an Minijobs im laufenden Jahr zeigt.<\/p>\n<p>In welch erb\u00e4rmlichem Gesellschafts- und Wirtschaftssystem leben wir eigentlich heute? Vielleicht ist es wirklich an der Zeit, dass hohe Funktion\u00e4re und das Firmenmanagement ihre Einkommen offenlegen: Damit jeder sehen kann, was heute unter Angemessenheit des Einkommens zu verstehen ist.<\/p>\n<p>siehe u.a. zdf.de: <a href=\"http:\/\/www.heute.de\/ZDFheute\/inhalt\/24\/0,3672,7133752,00.html\" target=\"_blank\">Offenbar brauchen immer mehr Deutsche einen Zweitjob<\/a><\/p>\n","protected":false},"excerpt":{"rendered":"<p>Es ist geradezu moralisch verwerflich, wenn f\u00fcr vollzeitig geleistete Arbeit kein zum Auskommen angemessener Lohn gezahlt wird. Wer also in Vollzeit (rund 40 Stunden die Woche) einen Job aus\u00fcbt, sollte mit dem Lohn daf\u00fcr auch sein Leben bestreiten k\u00f6nnen. Ist der Lohn zu niedrig hierf\u00fcr, dann stimmt hier etwas nicht. Das gilt sowohl f\u00fcr die &hellip; <a href=\"https:\/\/willizblog.de\/?p=1041\" class=\"more-link\"><span class=\"screen-reader-text\">Mindestlohn und Minijobs<\/span> weiterlesen <span class=\"meta-nav\">&rarr;<\/span><\/a><\/p>\n","protected":false},"author":1,"featured_media":0,"comment_status":"open","ping_status":"closed","sticky":false,"template":"","format":"standard","meta":[],"categories":[2],"tags":[],"_links":{"self":[{"href":"https:\/\/willizblog.de\/index.php?rest_route=\/wp\/v2\/posts\/1041"}],"collection":[{"href":"https:\/\/willizblog.de\/index.php?rest_route=\/wp\/v2\/posts"}],"about":[{"href":"https:\/\/willizblog.de\/index.php?rest_route=\/wp\/v2\/types\/post"}],"author":[{"embeddable":true,"href":"https:\/\/willizblog.de\/index.php?rest_route=\/wp\/v2\/users\/1"}],"replies":[{"embeddable":true,"href":"https:\/\/willizblog.de\/index.php?rest_route=%2Fwp%2Fv2%2Fcomments&post=1041"}],"version-history":[{"count":0,"href":"https:\/\/willizblog.de\/index.php?rest_route=\/wp\/v2\/posts\/1041\/revisions"}],"wp:attachment":[{"href":"https:\/\/willizblog.de\/index.php?rest_route=%2Fwp%2Fv2%2Fmedia&parent=1041"}],"wp:term":[{"taxonomy":"category","embeddable":true,"href":"https:\/\/willizblog.de\/index.php?rest_route=%2Fwp%2Fv2%2Fcategories&post=1041"},{"taxonomy":"post_tag","embeddable":true,"href":"https:\/\/willizblog.de\/index.php?rest_route=%2Fwp%2Fv2%2Ftags&post=1041"}],"curies":[{"name":"wp","href":"https:\/\/api.w.org\/{rel}","templated":true}]}}