{"id":10411,"date":"2018-12-03T12:28:39","date_gmt":"2018-12-03T12:28:39","guid":{"rendered":"https:\/\/willizblog.de\/?p=10411"},"modified":"2018-12-03T12:30:40","modified_gmt":"2018-12-03T12:30:40","slug":"nach-hinten-durchgereicht","status":"publish","type":"post","link":"https:\/\/willizblog.de\/?p=10411","title":{"rendered":"Nach hinten durchgereicht?"},"content":{"rendered":"<p>Es hat sich viel getan, seitdem ich hier <a href=\"https:\/\/www.willizblog.de\/?p=10376\" rel=\"noopener\" target=\"_blank\">meinen letzten Beitrag<\/a> in Sachen Fu\u00dfballbundesliga, insbesondere in Sachen des SV Werder Bremen geschrieben habe. Inzwischen krebst der Hamburger Sportverein (HSV) in der 2. Liga herum. Der Unabsteigbare ist also tats\u00e4chlich abgestiegen und macht sich daran, das hohe Haus der 1. Liga zur\u00fcckzuerobern. Nat\u00fcrlich sieht das zz. ganz gut aus, wenn die Leistungen allerdings alles andere als bundesligatauglich zu nennen sind. Aber lasse ich den HSV HSV sein.<\/p>\n<p>Anders Werder Bremen. Schon lange nicht mehr sind die Bremer derma\u00dfen gut gestartet. Zeitweise waren sie sogar auf einem Champions League-Platz \u2013 vor den Bayern. Bei manchem Punktgewinn spielte sicherlich auch das Gl\u00fcck eine gewisse Rolle. Dieses Gl\u00fcck ist aber sp\u00e4testens mit dem 9. Spieltag aufgebraucht. In den letzten f\u00fcnf Spielen reichte es nur noch zu einem k\u00fcmmerlichen Punkt. Und schauen wir auf den weiteren Spielplan der Hinrunde, dann warten bis auf Fortuna D\u00fcsseldorf nur noch Schwergewichte auf die Mannen von der Weser. Ich f\u00fcrchte, die Bremer werden nach und nach hinten durchgereicht werden.<\/p>\n<p>Es ist nicht schlecht, was die Bremer abliefern. Aber sie Abwehr leistet sich zu viele Fehler. Im Angriff sind die St\u00fcrmer nicht entschlossen genug (oder zu ungenau). Es fehlt der letzte entscheidende Biss. Nie waren die Bayern so anf\u00e4llig wie in diesem Jahr. Aber die Bremer schafften es nicht, endlich einmal wieder gegen die M\u00fcnchner zu punkten. <\/p>\n<p><iframe loading=\"lazy\" width=\"560\" height=\"315\" src=\"https:\/\/www.youtube.com\/embed\/sMlor-fkREI\" frameborder=\"0\" allow=\"accelerometer; autoplay; encrypted-media; gyroscope; picture-in-picture\" allowfullscreen><\/iframe><br \/>\nBundesliga 2018\/2019 \u2013 13. Spieltag Werder Bremen &#8211; Bayern M\u00fcnchen 1:2 <\/p>\n<p>Europa ade? Ich f\u00fcrchte: Ja! Immerhin sieht es so aus, als h\u00e4tte der SV Werder einmal nichts mit dem Abstieg zu tun. Das ist nach all dem Ach und Krach der letzten Jahre doch auch schon etwas. Und dass Claudio Pizarro trotz seiner 40 Lenze immer noch einen wichtigen Beitrag zum Spiel der Bremer abliefert, freut wohl jeden Werder-Fan.<\/p>\n<p><img src=\"https:\/\/www.willizblog.de\/pics\/werder1819_st13_bayern_pizarro.jpg\" alt=\"Claudio Pizarro im Spiel gegen die Bayern (13. Spieltag 2018\/2019)\" title=\"Claudio Pizarro im Spiel gegen die Bayern (13. Spieltag 2018\/2019)\" \/><br \/>\nClaudio Pizarro im Spiel gegen die Bayern (13. Spieltag 2018\/2019)<\/p>\n","protected":false},"excerpt":{"rendered":"<p>Es hat sich viel getan, seitdem ich hier meinen letzten Beitrag in Sachen Fu\u00dfballbundesliga, insbesondere in Sachen des SV Werder Bremen geschrieben habe. Inzwischen krebst der Hamburger Sportverein (HSV) in der 2. Liga herum. Der Unabsteigbare ist also tats\u00e4chlich abgestiegen und macht sich daran, das hohe Haus der 1. Liga zur\u00fcckzuerobern. Nat\u00fcrlich sieht das zz. &hellip; <a href=\"https:\/\/willizblog.de\/?p=10411\" class=\"more-link\"><span class=\"screen-reader-text\">Nach hinten durchgereicht?<\/span> weiterlesen <span class=\"meta-nav\">&rarr;<\/span><\/a><\/p>\n","protected":false},"author":1,"featured_media":0,"comment_status":"open","ping_status":"open","sticky":false,"template":"","format":"standard","meta":[],"categories":[27],"tags":[],"_links":{"self":[{"href":"https:\/\/willizblog.de\/index.php?rest_route=\/wp\/v2\/posts\/10411"}],"collection":[{"href":"https:\/\/willizblog.de\/index.php?rest_route=\/wp\/v2\/posts"}],"about":[{"href":"https:\/\/willizblog.de\/index.php?rest_route=\/wp\/v2\/types\/post"}],"author":[{"embeddable":true,"href":"https:\/\/willizblog.de\/index.php?rest_route=\/wp\/v2\/users\/1"}],"replies":[{"embeddable":true,"href":"https:\/\/willizblog.de\/index.php?rest_route=%2Fwp%2Fv2%2Fcomments&post=10411"}],"version-history":[{"count":0,"href":"https:\/\/willizblog.de\/index.php?rest_route=\/wp\/v2\/posts\/10411\/revisions"}],"wp:attachment":[{"href":"https:\/\/willizblog.de\/index.php?rest_route=%2Fwp%2Fv2%2Fmedia&parent=10411"}],"wp:term":[{"taxonomy":"category","embeddable":true,"href":"https:\/\/willizblog.de\/index.php?rest_route=%2Fwp%2Fv2%2Fcategories&post=10411"},{"taxonomy":"post_tag","embeddable":true,"href":"https:\/\/willizblog.de\/index.php?rest_route=%2Fwp%2Fv2%2Ftags&post=10411"}],"curies":[{"name":"wp","href":"https:\/\/api.w.org\/{rel}","templated":true}]}}