{"id":10414,"date":"2018-12-10T10:39:50","date_gmt":"2018-12-10T10:39:50","guid":{"rendered":"https:\/\/willizblog.de\/?p=10414"},"modified":"2018-12-11T11:13:34","modified_gmt":"2018-12-11T11:13:34","slug":"die-pofalla-wende","status":"publish","type":"post","link":"https:\/\/willizblog.de\/?p=10414","title":{"rendered":"Die Pofalla-Wende"},"content":{"rendered":"<p>Ach, wie freue ich mich wieder, werkt\u00e4glich mit Bahn, U-Bahn und Bus unterwegs zu sein. Ja, die Arbeit hat mich vorerst einmal wieder, auch wenn ich zuerst vier und dann sechs Stunden (bis zum Jahresende) t\u00e4tig sein werde. Nach einer Knie-OP (eigentlich wollte ich dazu schon l\u00e4ngst etwas geschrieben habe, aber sicherlich sp\u00e4ter mehr) werde ich auf Krankenkassenkosten in das Erwerbsleben wieder eingegliedert.<\/p>\n<p>Und da w\u00e4hrend meines Krankseins meine Firma aus dem Umfeld der <a href=\"https:\/\/www.hamburg.de\/sternschanze\/\" rel=\"noopener\" target=\"_blank\">Sternschanze<\/a> in Hamburg gewisserma\u00dfen in die \u201aWalachei\u2018 Hamburgs, in den Ortsteil <a href=\"https:\/\/de.wikipedia.org\/wiki\/Meiendorf\" rel=\"noopener\" target=\"_blank\">Meiendorf<\/a>, umgezogen ist, verdoppelt sich meine Fahrzeit mit den \u00d6ffentlichen Verkehrsmittel geradezu. Statt einer sind es jetzt im Schnitt zwei Stunden Fahrzeit (in eine Richtung), also vier Stunden, ein halber Arbeitstag, super!<\/p>\n<p>Heute kam mir noch der Streik der <em>Deutschen Bahn AG (DB)<\/em> in die Quere, obwohl ich eigentlich mit dem <a href=\"https:\/\/www.der-metronom.de\/\" rel=\"noopener\" target=\"_blank\">Metronom<\/a> fahre. Aber da die Schienentrecke von der DB \u201averwaltet\u2018 wird, also auch die Stellwerke, so meinte man wohl, auch andere Z\u00fcge in den Streik miteinbinden zu d\u00fcrfen. Und da die Regionalbahnstrecke Richtung Bargteheide und weiter bis 9 Uhr nicht bedient wurde, wichen viele Pendler auf die U1 aus, was zu Versp\u00e4tungen und brechend vollen U-Bahnen f\u00fchrte.<\/p>\n<p>Ja, irgendwie habe ich dieses Chaos vermisst. Und so werden schnell aus zwei Stunden Fahrzeit drei oder noch mehr.<\/p>\n<p>Vorletzte Woche hatte sich die <a href=\"https:\/\/www.zdf.de\/comedy\/heute-show\/what-the-fakt-deutsche-bahn-probleme-verspaetung-102.html\" rel=\"noopener\" target=\"_blank\">Heute-Show<\/a> des ZDF satirisch den Problemen der Bahn angenommen:<\/p>\n<p><em>Die <a href=\"https:\/\/www.wiwo.de\/unternehmen\/dienstleister\/um-puenktlicher-zu-werden-deutsche-bahn-spielt-fahrgaeste-gegeneinander-aus\/23672036.html\" rel=\"noopener\" target=\"_blank\">Wirtschaftswoche<\/a> berichtet von einer besonderen Idee, um endlich wieder p\u00fcnktlicher zu werden. Die \u201ePofalla-Wende\u201c \u2013 die der ehemalige Chef des Kanzleramtes und heutige Bahninfrastrukturvorstand Ronald Pofalla vorgeschlagen hat \u2013 besagt: Ein versp\u00e4teter ICE dreht fr\u00fcher um, damit er auf dem R\u00fcckweg wieder in den Fahrplan kommt. Damit einhergeht allerdings, dass f\u00fcr viele Reisende ihre Halte entfallen, sie m\u00fcssen in einen Nahverkehrszug umsteigen und kommen versp\u00e4tet deswegen an. Ob das die L\u00f6sung ist?<\/em><\/p>\n<p><img src=\"https:\/\/www.willizblog.de\/pics\/pofalla_wende2018.jpg\" alt=\"Heute-Show vom 30.11.2018: Pofalla-Wende \u00a9 ZDF\" title=\"Heute-Show vom 30.11.2018: Pofalla-Wende \u00a9 ZDF\" \/><br \/>\nHeute-Show vom 30.11.2018: Pofalla-Wende \u00a9 ZDF<\/p>\n<p>Nun, Herr Pofallas Idee ist alles andere als neu. So kommt es oft genug vor, dass Z\u00fcge des Metronom nicht am Hamburger Hauptbahnhof enden, sondern schon in Hamburg-Harburg, wenn es darum geht, Versp\u00e4tungen dadurch aufzufangen, indem die Z\u00fcge fr\u00fcher umkehren. So musste ich viele Male mit der \u00fcberf\u00fcllten S-Bahn bis Harburg fahren, um dort meinen \u201aplanm\u00e4\u00dfigen\u2018 Zug zu bekommen. Also eigentlich sollte es <em>Metronom-Wende<\/em> hei\u00dfen.<\/p>\n<p>Apropos Streik: Was f\u00fcr die Deutsche Bahn die Eisenbahn- und Verkehrsgewerkschaft (EVG) ist, das ist f\u00fcr den Metronom die <a href=\"https:\/\/willizblog.de\/?s=gdl\" rel=\"noopener\" target=\"_blank\">Gewerkschaft Deutscher Lokomotivf\u00fchrer (GDL)<\/a> &#8211; d.h. dass auch der Metronom in n\u00e4chster Zukunft bestreikt werden d\u00fcrfte.<\/p>\n","protected":false},"excerpt":{"rendered":"<p>Ach, wie freue ich mich wieder, werkt\u00e4glich mit Bahn, U-Bahn und Bus unterwegs zu sein. Ja, die Arbeit hat mich vorerst einmal wieder, auch wenn ich zuerst vier und dann sechs Stunden (bis zum Jahresende) t\u00e4tig sein werde. Nach einer Knie-OP (eigentlich wollte ich dazu schon l\u00e4ngst etwas geschrieben habe, aber sicherlich sp\u00e4ter mehr) werde &hellip; <a href=\"https:\/\/willizblog.de\/?p=10414\" class=\"more-link\"><span class=\"screen-reader-text\">Die Pofalla-Wende<\/span> weiterlesen <span class=\"meta-nav\">&rarr;<\/span><\/a><\/p>\n","protected":false},"author":1,"featured_media":0,"comment_status":"open","ping_status":"open","sticky":false,"template":"","format":"standard","meta":[],"categories":[22],"tags":[],"_links":{"self":[{"href":"https:\/\/willizblog.de\/index.php?rest_route=\/wp\/v2\/posts\/10414"}],"collection":[{"href":"https:\/\/willizblog.de\/index.php?rest_route=\/wp\/v2\/posts"}],"about":[{"href":"https:\/\/willizblog.de\/index.php?rest_route=\/wp\/v2\/types\/post"}],"author":[{"embeddable":true,"href":"https:\/\/willizblog.de\/index.php?rest_route=\/wp\/v2\/users\/1"}],"replies":[{"embeddable":true,"href":"https:\/\/willizblog.de\/index.php?rest_route=%2Fwp%2Fv2%2Fcomments&post=10414"}],"version-history":[{"count":0,"href":"https:\/\/willizblog.de\/index.php?rest_route=\/wp\/v2\/posts\/10414\/revisions"}],"wp:attachment":[{"href":"https:\/\/willizblog.de\/index.php?rest_route=%2Fwp%2Fv2%2Fmedia&parent=10414"}],"wp:term":[{"taxonomy":"category","embeddable":true,"href":"https:\/\/willizblog.de\/index.php?rest_route=%2Fwp%2Fv2%2Fcategories&post=10414"},{"taxonomy":"post_tag","embeddable":true,"href":"https:\/\/willizblog.de\/index.php?rest_route=%2Fwp%2Fv2%2Ftags&post=10414"}],"curies":[{"name":"wp","href":"https:\/\/api.w.org\/{rel}","templated":true}]}}