{"id":10425,"date":"2019-01-07T08:41:19","date_gmt":"2019-01-07T08:41:19","guid":{"rendered":"https:\/\/willizblog.de\/?p=10425"},"modified":"2019-01-08T11:01:43","modified_gmt":"2019-01-08T11:01:43","slug":"willis-knie-teil-1-diagnose-und-op","status":"publish","type":"post","link":"https:\/\/willizblog.de\/?p=10425","title":{"rendered":"Willis Knie \u2013 Teil 1: Diagnose und OP"},"content":{"rendered":"<ul><em>\u201e\u2026 und \u00fcber eine Zeit sahen sie einen, der stand da auf einem Bein und hatte das andere abgeschnallt und neben sich gelegt. Da sprach der Herr: \u201aDu hast dir&#8217;s ja bequem gemacht zum Ausruhen.\u2018 \u2013 \u201aIch bin ein L\u00e4ufer,\u2018 antwortete er, \u201aund damit ich nicht gar zu schnell springe, habe ich mir das eine Bein abgeschnallt, wenn ich mit zwei Beinen laufe, so geht&#8217;s geschwinder, als ein Vogel fliegt.\u2018\u201c<\/em><\/ul>\n<ul><a href=\"https:\/\/www.grimmstories.com\/de\/grimm_maerchen\/sechse_kommen_durch_die_ganze_welt\" rel=\"noopener\" target=\"_blank\">Sechse kommen durch die ganze Welt<\/a> &#8211; ein M\u00e4rchen der Br\u00fcder Grimm<\/ul>\n<p>Nun, zum Abschnallen gab es nichts bei mir, auch wenn ich das mir manchmal gew\u00fcnscht habe. Es war das Knie, das rechte, das mir zusehends Probleme bereitete und mir fortschreitende, der Arzt nennt es progrediente Schmerzen im rechten Kniegelenk verursachte. Erst knirschte es im Geb\u00e4lk, zun\u00e4chst sanft, dann fast schon h\u00f6rbar. Und nach und nach pikste und dann brannte und stach es \u2013 bis die Schmerzen einen Grad erreichten, der mich veranlasste, erst einmal aufs Joggen zu verzichten und endlich einen Orthop\u00e4den zu konsultieren.<\/p>\n<p>Nein, mit \u201aWillis Knie\u2018 geht es nicht um erotische Anspielungen, nicht um ein zwanghaftes Verlangen, ein Knie, z.B. <a href=\"https:\/\/de.wikipedia.org\/wiki\/Claires_Knie\" rel=\"noopener\" target=\"_blank\">Claires Knie<\/a>, zu ber\u00fchren. Wir bewegen uns hier eher <a href=\"https:\/\/de.wikipedia.org\/wiki\/Das_Tal_der_Tr%C3%A4nen_(Nikolai_Leskow)\" rel=\"noopener\" target=\"_blank\">im Tal der Tr\u00e4nen<\/a> \u2026<\/p>\n<p>Des Orthop\u00e4den erste Vermutung, ich h\u00e4tte mir einen Meniskusschaden zugelegt, erwiesen sich nur als halbe Wahrheit. Eine <a href=\"https:\/\/de.wikipedia.org\/wiki\/Magnetresonanztomographie\" rel=\"noopener\" target=\"_blank\">Magnetresonanztomographie<\/a> (kurz MRT) zeigte es auf: Die Menisken hatten sich geradezu deformiert und zudem kam ein Knorpelschaden hinzu. Das war jetzt vor gut anderthalb Jahren. Die <a href=\"https:\/\/de.wikipedia.org\/wiki\/Arthrose\" rel=\"noopener\" target=\"_blank\">Arthrose<\/a> des Kniegelenks, Gonarthrose genannt, geh\u00f6rt zu den h\u00e4ufigsten Abnutzungserscheinungen der Gelenke. Der fortschreitende Gelenkverschlei\u00df f\u00fchrte dazu, dass der Knorpel im Kniegelenk zerst\u00f6rt wird.<\/p>\n<p><img src=\"https:\/\/www.willizblog.de\/pics\/knie_rechts_2017_07_28_kernspin.jpg\" alt=\"MRT des rechten Kniegelenks\" title=\"MRT des rechten Kniegelenks\" \/><br \/>\nMRT des rechten Kniegelenks<\/p>\n<p>Die Schmerzen hielten sich noch in ertr\u00e4glichen Grenzen. Und je sp\u00e4ter operiert wird, denn eine Operation war unerl\u00e4sslich, je l\u00e4nger h\u00e4lt dann das \u201aneue\u2018 Knie. Anfang des letzten Jahres entschloss ich mich dann aber doch zu einer Voruntersuchung im <a href=\"https:\/\/www.krankenhaus-buchholz.de\/\" rel=\"noopener\" target=\"_blank\">Krankenhaus Buchholz<\/a>. Eigentlich sollte das Knie in Hamburg operiert werden, aber Buchholz liegt f\u00fcr mich gewisserma\u00dfen gleich \u201aum die Ecke\u2018. Und zumindest vom noch ziemlich neuen Chefarzt des Buchholzer Krankenhauses hatte ich viel Gute geh\u00f6rt. Am Freitag, den 13. April 2018 war es dann soweit: Mir wurde eine <strong>zementiertes Triathlon-Knie-TEP<\/strong> (<a href=\"https:\/\/de.wikipedia.org\/wiki\/Knieprothese\" rel=\"noopener\" target=\"_blank\">Totalendoprothese<\/a>) implantiert \u2013 also ein k\u00fcnstliches Kniegelenk eingesetzt. Dabei wurden bei mir alle Gelenkanteile \u00fcberkront. Die wichtigsten B\u00e4nder des Kniegelenkes blieben erhalten und gew\u00e4hrleisten so das korrekte Gelenkspiel. Diese moderne Prothese erlaubt besonders viel Beugung bei gr\u00f6\u00dftm\u00f6glichem Knochenerhalt. Der Knochenverlust ist durch die \u00dcberkronung der Gelenkfl\u00e4chen minimiert. Die Operation verlief ohne Komplikationen und wurde vom besagten Chefarzt der <a href=\"https:\/\/www.krankenhaus-buchholz.de\/medizinisches-angebot\/fachabteilungen\/orthopaedie-und-unfallchirurgie\/knie\/\" rel=\"noopener\" target=\"_blank\">Abteilung Orthop\u00e4die und Unfallchirurgie<\/a>, Herrn Prof. Dr. C.H. Flamme, h\u00f6chst pers\u00f6nlich durchgef\u00fchrt. Bei der Chefarztvisite brachte mir der Doktor dann auch gleich ein Bildchen meines neuen Knies mit: <\/p>\n<p><img src=\"https:\/\/www.willizblog.de\/pics\/knie-rechts_2018_04_13_op.jpg\" alt=\"Willis neues Kniegelenk (rechts)\" title=\"Willis neues Kniegelenk (rechts)\" \/><br \/>\nWillis neues Kniegelenk (rechts)<\/p>\n<p>Noch w\u00e4hrend des Krankenhausaufenthaltes wurde ich einzeln und in der Gruppe physiotherapeutisch betreut (u.a. auch durch Wassergymnastik). Weniger appetitlich sah dann die \u00fcber 15 cm lange Wunde aus, die <a href=\"https:\/\/de.wikipedia.org\/wiki\/Klammer_(Chirurgie)\" rel=\"noopener\" target=\"_blank\">mit Klammern<\/a> zusammengef\u00fcgt wurde.<\/p>\n<p><img src=\"https:\/\/www.willizblog.de\/pics\/knie-rechts_2018_04_15_op.jpg\" alt=\"geklammerte Wunde nach Knie-OP\" title=\"geklammerte Wunde nach Knie-OP\" \/><br \/>\ngeklammerte Wunde nach Knie-OP<\/p>\n<p>Bereits nach einer Woche wurde ich aus dem Krankenhaus entlassen und war dank Unterarmgehst\u00fctzen schon sehr gut mobil. Kurze Strecken (z.B. im Haus) konnte ich auch ohne Gehhilfen bew\u00e4ltigen. Zur Linderung der nat\u00fcrlich noch vorhandenen Schmerzen wurde nur <a href=\"https:\/\/de.wikipedia.org\/wiki\/Tramadol\" rel=\"noopener\" target=\"_blank\">Tramadol<\/a> 100 mg und <a href=\"https:\/\/de.wikipedia.org\/wiki\/Metamizol\" rel=\"noopener\" target=\"_blank\">Novaminsulfon<\/a> 500 mg verordnet.<\/p>\n<p><img src=\"https:\/\/www.willizblog.de\/pics\/knie-rechts_2018_04_19_prot.jpg\" alt=\"Willis neues Kniegelenk (rechts) \u2013 die Wundklammern sind gut sichtbar\" title=\"Willis neues Kniegelenk (rechts) \u2013 die Wundklammern sind gut sichtbar\" \/><br \/>\nWillis neues Kniegelenk (rechts) \u2013 die Wundklammern sind gut sichtbar<\/p>\n<p>Weiter mit: <a href=\"https:\/\/willizblog.de\/?p=10428\" rel=\"noopener\" target=\"_blank\">Willis Knie \u2013 Teil 2: Reha und weitere Entwicklung<\/a><\/p>\n","protected":false},"excerpt":{"rendered":"<p>\u201e\u2026 und \u00fcber eine Zeit sahen sie einen, der stand da auf einem Bein und hatte das andere abgeschnallt und neben sich gelegt. Da sprach der Herr: \u201aDu hast dir&#8217;s ja bequem gemacht zum Ausruhen.\u2018 \u2013 \u201aIch bin ein L\u00e4ufer,\u2018 antwortete er, \u201aund damit ich nicht gar zu schnell springe, habe ich mir das eine &hellip; <a href=\"https:\/\/willizblog.de\/?p=10425\" class=\"more-link\"><span class=\"screen-reader-text\">Willis Knie \u2013 Teil 1: Diagnose und OP<\/span> weiterlesen <span class=\"meta-nav\">&rarr;<\/span><\/a><\/p>\n","protected":false},"author":1,"featured_media":0,"comment_status":"open","ping_status":"open","sticky":false,"template":"","format":"standard","meta":[],"categories":[20],"tags":[],"_links":{"self":[{"href":"https:\/\/willizblog.de\/index.php?rest_route=\/wp\/v2\/posts\/10425"}],"collection":[{"href":"https:\/\/willizblog.de\/index.php?rest_route=\/wp\/v2\/posts"}],"about":[{"href":"https:\/\/willizblog.de\/index.php?rest_route=\/wp\/v2\/types\/post"}],"author":[{"embeddable":true,"href":"https:\/\/willizblog.de\/index.php?rest_route=\/wp\/v2\/users\/1"}],"replies":[{"embeddable":true,"href":"https:\/\/willizblog.de\/index.php?rest_route=%2Fwp%2Fv2%2Fcomments&post=10425"}],"version-history":[{"count":0,"href":"https:\/\/willizblog.de\/index.php?rest_route=\/wp\/v2\/posts\/10425\/revisions"}],"wp:attachment":[{"href":"https:\/\/willizblog.de\/index.php?rest_route=%2Fwp%2Fv2%2Fmedia&parent=10425"}],"wp:term":[{"taxonomy":"category","embeddable":true,"href":"https:\/\/willizblog.de\/index.php?rest_route=%2Fwp%2Fv2%2Fcategories&post=10425"},{"taxonomy":"post_tag","embeddable":true,"href":"https:\/\/willizblog.de\/index.php?rest_route=%2Fwp%2Fv2%2Ftags&post=10425"}],"curies":[{"name":"wp","href":"https:\/\/api.w.org\/{rel}","templated":true}]}}