{"id":10428,"date":"2019-01-08T11:03:46","date_gmt":"2019-01-08T11:03:46","guid":{"rendered":"https:\/\/willizblog.de\/?p=10428"},"modified":"2019-01-08T11:03:46","modified_gmt":"2019-01-08T11:03:46","slug":"willis-knie-teil-2-reha-und-weitere-entwicklung","status":"publish","type":"post","link":"https:\/\/willizblog.de\/?p=10428","title":{"rendered":"Willis Knie \u2013 Teil 2: Reha und weitere Entwicklung"},"content":{"rendered":"<p>Fortsetzung von: <a href=\"https:\/\/willizblog.de\/?p=10425\" rel=\"noopener\" target=\"_blank\">Willis Knie \u2013 Teil 1: Diagnose und OP<\/a><\/p>\n<p><a href=\"https:\/\/www.willizblog.de\/pics\/knie_rechts_2018_04_19_bein_ganz10.jpg\" target=\"_blank\"><img loading=\"lazy\" border=\"0\" src=\"https:\/\/www.willizblog.de\/pics\/knie_rechts_2018_04_19_bein_ganz_quer.jpg\" alt=\"Willis rechtes Bein \u2013 wo sind die Weichteile?\" title=\"Willis rechtes Bein \u2013 wo sind die Weichteile?\" width=\"560\" height=\"109\"><\/a><\/p>\n<p>Am Freitag aus dem Krankenhaus entlassen, so wurde ich am darauf folgenden Montag bereits in der <a href=\"https:\/\/www.waldklinik-jesteburg.de\/\" rel=\"noopener\" target=\"_blank\">Waldklinik Jesteburg<\/a> \u2013 dem <em>Zentrum f\u00fcr Rehabilitation<\/em> aufgenommen. Im Vorfeld hatte ich mich f\u00fcr eine ambulante <a href=\"https:\/\/de.wikipedia.org\/wiki\/Rehabilitation\" rel=\"noopener\" target=\"_blank\">Reha<\/a> entschieden. Morgens gegen 8 Uhr wurde ich durch einen Fahrdienst der Klinik abgeholt und nachmittags von diesem wieder nach Hause gebracht. So konnte ich den Abend in den eigenen vier W\u00e4nden verbringen und in meinem eigenen Bett schlafen. Das Mittagessen nahm ich in der Klinik ein. F\u00fcr die Ruhepausen steht ein Ruheraum zur Verf\u00fcgung. Bei dem sch\u00f6nen Wetter Ende April\/Anfang Mai 2018 verbrachte ich viel Zeit drau\u00dfen an der frischen Luft. Mit der Gehhilfe kein Problem. Und bei dem w\u00e4ldlichen Umfeld der Klinik geradezu ein Muss!<\/p>\n<p><img src=\"https:\/\/www.willizblog.de\/pics\/knie-rechts_2018_04_24_reha.jpg\" alt=\"Waldklinik Jesteburg \u2013 Zentrum f\u00fcr Rehabilitation\" title=\"Waldklinik Jesteburg \u2013 Zentrum f\u00fcr Rehabilitation\" \/><br \/>\nWaldklinik Jesteburg \u2013 Zentrum f\u00fcr Rehabilitation<\/p>\n<p>Die Reha dauerte gut drei Wochen und beinhaltete neben der \u00fcblichen Krankengymnastik (einzeln und in kleinen Gruppen) und dem \u201aWasserballett\u2018 (Krankengymnastik im Bewegungsbad), Training auf dem <a href=\"https:\/\/de.wikipedia.org\/wiki\/Fahrradergometer\" rel=\"noopener\" target=\"_blank\">Ergometer<\/a>, <a href=\"https:\/\/de.wikipedia.org\/wiki\/Manuelle_Lymphdrainage\" rel=\"noopener\" target=\"_blank\">Lymphdrainage<\/a> und auch belehrende Vortr\u00e4ge zur gesundheitsbewussten Lebensgestaltung (!). Ich best\u00e4tige gern, dass ich die Zeit in der Reha durchaus genossen habe und die Waldklinik gern weiterempfehlen kann.<\/p>\n<p><img src=\"https:\/\/www.willizblog.de\/pics\/knie-rechts_2018_04_23_reha.jpg\" alt=\"Willi ruht im Ruheraum der Waldklinik\" title=\"Willi ruht im Ruheraum der Waldklinik\" \/><br \/>\nWilli ruht im Ruheraum der Waldklinik<\/p>\n<p>So wurde es Mitte Mai. Zu diesem Zeitpunkt hatte ich nicht angenommen, dass ich noch weitere sechs Monate \u201akrankfeiern\u2018 w\u00fcrde, obwohl der Chefarzt der Waldklinik in seinem Entlassungsbericht schrieb, dass \u201ewir \u2026 von einem weiteren ambulanten Therapiebedarf von drei bis sechs Monaten aus[gehen].\u201c <\/p>\n<p>Apropos Entlassungsbericht! Ich fand es schon etwas komisch, wie hier unter Punkt 3.2 auch ein allgemeiner psychischer Befund zu meiner Person erstellt wurde. Demnach <em>\u201e[ist] Herr A. \u2026 dem Untersucher gegen\u00fcber freundlich zugewandt und macht ad\u00e4quate Angaben. Aus dem Beschwerdebild ergeben sich keine Beeintr\u00e4chtigungen der verbalen Kommunikation. Keine Orientierungsst\u00f6rung. Keine Anzeichen einer depressiven Verstimmung oder weiterer psychiatrischer Erkrankungen. Keine Einschr\u00e4nkung bei der Bew\u00e4ltigung von Stress- und Krisensituationen.<br \/>\nEs bestehen keine Einschr\u00e4nkungen beim Lernen, der Anwendung des Erlernten, der Aufgabenl\u00f6sung sowie der Kommunikation.<br \/>\nHerr A. zeigt sich zum Krankheitsverlauf ausreichend orientiert. Aus der Befragung ergeben sich keine Hinweise auf das Vorliegen psycho-sozialer Konfliktsituationen.\u201c<\/em> \u2013 Nun denn, Herr Doktor!<\/p>\n<p>Nach der Reha ging ich (zun\u00e4chst noch auf Kr\u00fccken) zweimal die Woche zur Krankengymnastik und wurde in der <a href=\"http:\/\/www.physiotherapie-ruth-brandt.de\/\" rel=\"noopener\" target=\"_blank\">Praxis von Frau Ruth Brandt<\/a> in Tostedt von Herrn <a href=\"http:\/\/www.physiotherapie-ruth-brandt.de\/index.php\/ruth-brandt-team.html\" rel=\"noopener\" target=\"_blank\">Torsten Schulz<\/a> bestens betreut. Sp\u00e4terhin nahm ich beim <a href=\"https:\/\/www.todtgluesinger-sv.de\/\" rel=\"noopener\" target=\"_blank\">Todtgl\u00fcsinger SV<\/a> in der Fitnesshalle zweimal die Woche am <a href=\"https:\/\/www.todtgluesinger-sv.de\/reha-funktionssport-ho\/rehasport\" rel=\"noopener\" target=\"_blank\">Rehasport<\/a> teil. Ich m\u00f6chte mich hier bei <em>Simone Barghusen, Karin Pinto da Silva<\/em> und auch bei <em>Tatjana Oshana-John<\/em> f\u00fcr ihre Unterst\u00fctzung bedanken. Ohne Zweifel haben mich Krankengymnastik und Rehasport (der \u00fcbrigens von meinem Rententr\u00e4ger bezahlt wurde) ein gro\u00dfes St\u00fcck weiter gebracht.<\/p>\n<p>Es dauerte lange, bis ich mein Knie wieder einigerma\u00dfen strecken und beugen konnte. In der Beugung schaffte ich lange Zeit gerade einmal einen Winkel von maximal 95 \u00b0 (etwas mehr als ein rechter Winkel). Zum Fahrradfahren werden mindestens 110\u00b0  ben\u00f6tigt. Vom Orthop\u00e4den wurde so schon angedacht, eine <a href=\"http:\/\/www.lexikon-orthopaedie.com\/pdx.pl?dv=0&#038;id=01132\" rel=\"noopener\" target=\"_blank\">Narkosemobilisation<\/a> durchzuf\u00fchren. Ich hatte so sechs Wochen bis zum n\u00e4chsten Arzttermin Zeit, um die Beugung zu verbessern. Dank Heimtrainer, spezieller Dehn\u00fcbungen (bis zur Schmerzgrenze) und dann auch durch den Erwerb eines <em>E-Bikes<\/em> (genauer: <a href=\"https:\/\/de.wikipedia.org\/wiki\/Pedelec\" rel=\"noopener\" target=\"_blank\">Pedelecs<\/a>) der Firma <a href=\"https:\/\/www.lehmkuhl.de\/Fahrraeder\/Pedelec-E-Bikes\/\" rel=\"noopener\" target=\"_blank\">Lehmkuhl<\/a> (<a href=\"https:\/\/www.lehmkuhl.de\/Fahrraeder\/Pedelec-E-Bikes\/P2-Classic-7-Gang-998.html\" rel=\"noopener\" target=\"_blank\">Serie P2 Classic 7-Gang<\/a>) schaffte ich es dann: Der Orthop\u00e4de war zufrieden. Eine weitere Behandlung nicht mehr notwendig.<\/p>\n<p><script type=\"text\/javascript\">amzn_assoc_ad_type =\"responsive_search_widget\"; amzn_assoc_tracking_id =\"familiealbin-21\"; amzn_assoc_marketplace =\"amazon\"; amzn_assoc_region =\"DE\"; amzn_assoc_placement =\"\"; amzn_assoc_search_type = \"search_widget\";amzn_assoc_width =\"auto\"; amzn_assoc_height =\"auto\"; amzn_assoc_default_search_category =\"\"; amzn_assoc_default_search_key =\"Pedelec\";amzn_assoc_theme =\"light\"; amzn_assoc_bg_color =\"FFFFFF\"; <\/script><script src=\"\/\/z-eu.amazon-adsystem.com\/widgets\/q?ServiceVersion=20070822&#038;Operation=GetScript&#038;ID=OneJS&#038;WS=1&#038;Marketplace=DE\"><\/script><\/p>\n<p>Und so arbeite ich seit dem 26. November 2018 wieder \u2013 zun\u00e4chst je zwei Wochen a vier, dann sechs Stunden in einer Wiedereingliederung in das Erwerbsleben (l\u00e4uft noch unter Krankmeldung und wird von der Krankenkasse bezahlt). Mit dem neuen Jahr arbeite ich wieder voll.<\/p>\n<p>Was macht mein Knie heute? Es ist schon komisch, welche Antworten ich auf meine oft gestellte Frage bekam, wie lange es dauern wird, bis ich wieder beschwerdefrei laufen (sic!) kann. Zun\u00e4chst war die Rede von drei, dann vier Monaten. Dann wurden es schon sechs Monate \u2013 bis zu einem Jahr. Von einem Bekannten h\u00f6rte ich nun, dass er fast zweieinhalb Jahre brauchte, bis er wieder so gehen (sic!) konnte, wie er es sich w\u00fcnschte. Heute nach fast neun Monaten seit der OP habe ich immer noch Beschwerden, leichte Schmerzen zwar nur, besonders in der Nacht beim Schlafen, beim Treppenhinabgehen oder beim Anziehen (Socken, Hose), aber immer noch zieht und ziept es. Im Grunde sollen durch ein neues Kniegelenk lediglich die Aktivit\u00e4ten des t\u00e4glichen Lebens wieder schmerzfrei erm\u00f6glicht werden. Wer mehr m\u00f6chte, der muss selbst zusehen, wie er klarkommt. Ein menschliches Kniegelenk beinhaltet sehr komplexe Bewegungsabl\u00e4ufe, die durch eine Gelenkprothese nicht vollst\u00e4ndig nachgebildet werden k\u00f6nnen. Bei einer H\u00fcftprothese ist die \u00e4rztliche Kunst schon einen Schritt weiter. Sch\u00f6n, wenn man solches, wenn auch versp\u00e4tet, doch noch erf\u00e4hrt.<\/p>\n<p>Nun, ich will nicht klagen. In sp\u00e4testens zehn Monaten gehe ich in Rente. Und bis dahin habe ich noch einige Zeit, um noch ein wenig mehr fit zu werden. Allerdings hat sich durch die Verlagerung des Firmensitzes mein Arbeitsweg fast verdoppelt. Morgens wie abends bin ich so bis zu zwei Stunden unterwegs, muss \u00f6fter umsteigen und dabei oft genug wegen Versp\u00e4tungen hinter Bahn oder Bus hinterhersputen, was mit einem immer noch nicht ganz funktionsbereiten Knie nicht gerade ratsam ist.<\/p>\n<p>Mein Rat f\u00fcr Leidensgenossen\/-innen: Geht m\u00f6glichst fr\u00fch zum Orthop\u00e4den (wenn\u2019s im Knie zu knirschen beginnt). Ist die Implantierung einer Totalendoprothese unumg\u00e4nglich, dann kann damit gewartet werden, solange die Schmerzen nicht zu gro\u00df sind. Aber das muss jeder f\u00fcr sich (mit \u00e4rztlichem Rat) selbst entscheiden.<\/p>\n","protected":false},"excerpt":{"rendered":"<p>Fortsetzung von: Willis Knie \u2013 Teil 1: Diagnose und OP Am Freitag aus dem Krankenhaus entlassen, so wurde ich am darauf folgenden Montag bereits in der Waldklinik Jesteburg \u2013 dem Zentrum f\u00fcr Rehabilitation aufgenommen. Im Vorfeld hatte ich mich f\u00fcr eine ambulante Reha entschieden. Morgens gegen 8 Uhr wurde ich durch einen Fahrdienst der Klinik &hellip; <a href=\"https:\/\/willizblog.de\/?p=10428\" class=\"more-link\"><span class=\"screen-reader-text\">Willis Knie \u2013 Teil 2: Reha und weitere Entwicklung<\/span> weiterlesen <span class=\"meta-nav\">&rarr;<\/span><\/a><\/p>\n","protected":false},"author":1,"featured_media":0,"comment_status":"open","ping_status":"open","sticky":false,"template":"","format":"standard","meta":[],"categories":[20],"tags":[],"_links":{"self":[{"href":"https:\/\/willizblog.de\/index.php?rest_route=\/wp\/v2\/posts\/10428"}],"collection":[{"href":"https:\/\/willizblog.de\/index.php?rest_route=\/wp\/v2\/posts"}],"about":[{"href":"https:\/\/willizblog.de\/index.php?rest_route=\/wp\/v2\/types\/post"}],"author":[{"embeddable":true,"href":"https:\/\/willizblog.de\/index.php?rest_route=\/wp\/v2\/users\/1"}],"replies":[{"embeddable":true,"href":"https:\/\/willizblog.de\/index.php?rest_route=%2Fwp%2Fv2%2Fcomments&post=10428"}],"version-history":[{"count":0,"href":"https:\/\/willizblog.de\/index.php?rest_route=\/wp\/v2\/posts\/10428\/revisions"}],"wp:attachment":[{"href":"https:\/\/willizblog.de\/index.php?rest_route=%2Fwp%2Fv2%2Fmedia&parent=10428"}],"wp:term":[{"taxonomy":"category","embeddable":true,"href":"https:\/\/willizblog.de\/index.php?rest_route=%2Fwp%2Fv2%2Fcategories&post=10428"},{"taxonomy":"post_tag","embeddable":true,"href":"https:\/\/willizblog.de\/index.php?rest_route=%2Fwp%2Fv2%2Ftags&post=10428"}],"curies":[{"name":"wp","href":"https:\/\/api.w.org\/{rel}","templated":true}]}}