{"id":10432,"date":"2019-01-09T08:46:43","date_gmt":"2019-01-09T08:46:43","guid":{"rendered":"https:\/\/willizblog.de\/?p=10432"},"modified":"2019-01-09T08:47:46","modified_gmt":"2019-01-09T08:47:46","slug":"die-sinnkrise-des-konservatismus","status":"publish","type":"post","link":"https:\/\/willizblog.de\/?p=10432","title":{"rendered":"Die Sinnkrise des Konservatismus"},"content":{"rendered":"<p>Vor geraumer Zeit las ich den folgenden Zeitungsartikel. Dieser konstatiert eine Krise des Konservatismus, die jedem Betrachter mit halbwegs gesundem Menschenverstand l\u00e4ngst aufgefallen ist. Sogenannte Konservative \u00fcbernehmen angesichts der Fl\u00fcchtlingsdebatte rechte Positionen. Rechte geben sich als Konservative aus. Dabei, so der Tenor des Artikels, wollen Rechte nichts bewahren, nichts \u201akonservieren\u2018, sie wollen die Abschaffung der Demokratie, die nat\u00fcrlich l\u00e4ngst zur Debatte steht, sie wollen die Macht. Hier Ausz\u00fcge aus dem Artikel der <a href=\"https:\/\/www.berliner-zeitung.de\/kultur\/literatur\/tellkamp-debatte-der-konservatismus-steckt-in-einer-gefaehrlichen-sinnkrise-29912178\" rel=\"noopener\" target=\"_blank\">Berliner Zeitung<\/a> von <a href=\"https:\/\/www.berliner-zeitung.de\/autor-4127674\" rel=\"noopener\" target=\"_blank\">Dirk Pilz<\/a>:<\/p>\n<p>[\u2026]<\/p>\n<p><em>Der \u201eVertrauensvorschuss\u201c, den jede Debatte braucht, wird hintergangen, wenn man mit falschen Fakten hantiert. \u201eMeinung muss auf Fakten gegr\u00fcndet sein\u201c, hat Hannah Arendt einst angemerkt, andernfalls sei Meinung eine Farce. Das ist noch immer richtig, denn im Rahmen einer Farce kann es keinen sinnvollen Streit geben. Wenn mein Partner von mir Respekt einfordert, ich ihn aber anl\u00fcge, ist die Antwort \u201eIch respektiere, dass du mich anl\u00fcgst\u201c ein sinnloser Satz, sinnlos, weil er keine zukunftsstiftende, vertrauensf\u00f6rdernde Perspektive er\u00f6ffnet.<\/em><\/p>\n<p><img src=\"https:\/\/www.willizblog.de\/pics\/konservatismus.gif\" alt=\"Sinnkrise des Konservatismus\" title=\"Sinnkrise des Konservatismus\" \/><\/p>\n<p><em>Deshalb wird in dieser Debatte so viel von Angst gesprochen. Die Angst davor, einer politischen Richtung zugeordnet zu werden, vor allem aber die Angst vor der Leere der eigenen Position. Sie scheint auf der konservativen Seite st\u00e4rker ausgepr\u00e4gt zu sein, vielleicht auch, weil man sich ihrer hier bewusster ist. Der Konservatismus hat immer von der \u00dcberzeugung gelebt, dass das Neue unter Begr\u00fcndungsdruck steht, nicht das Bew\u00e4hrte. Man kann es auf die Formel bringen, die Martin Mosebach mit Blick auf die Katholische Kirche gepr\u00e4gt hat: \u201eIhr schieres Alter spricht f\u00fcr sie.\u201c<\/p>\n<p>Was sich aber bew\u00e4hrt hat, l\u00e4sst sich in unserer zersplitterten Gegenwart immer schwerer bestimmen. Die Geschichte hinterl\u00e4sst ohnehin keine eindeutigen Botschaften. Je genauer man hinschaut, desto deutlicher treten die Ambivalenzen in Erscheinung. Man kann Goethe nicht loben, ohne auf sein merkw\u00fcrdiges Frauenbild einzugehen. Man kann Luther nicht preisen, ohne an seine antisemitischen Schriften zu denken, Marx nicht, ohne an dessen Entehrung durch den Stalinismus.<\/em><\/p>\n<p><em>Es gibt kein Christentum ohne die Kreuzz\u00fcge, es gibt auch keinen Islam ohne den Missbrauch durch Terroristen. Es gibt generell keine reine Vergangenheit, nichts, das sich ohne Abstriche feiern lie\u00dfe. Das stete Anrufen der Vergangenheit wird damit zur Beschw\u00f6rung einer Leerstelle. Die Krise des Konservatismus ist eine Sinnkrise, sie kreist um die Frage, was es zu bewahren gilt, was nicht. Jede formelhafte Antwort darauf weicht dieser Frage aus. Ein lebendiger Konservatismus pr\u00fcft dagegen den Kanon des zu Bewahrenden, mit offenem Ausgang.<\/em><\/p>\n<p>[\u2026]<\/p>\n<p><em>Im Grunde m\u00fcssten gerade die Konservativen entschiedene Gegner aller rechtsradikalen Tendenzen sein. Dass es so nicht ist, verdeutlicht das Elend des Konservatismus: Er begeistert sich nur f\u00fcr die Erhaltung des Bewahrungsw\u00fcrdigen und nicht f\u00fcr das Bewahrungsw\u00fcrdige selbst, er verteidigt das Verteidigen als solches.<\/em><\/p>\n<p><em>Gef\u00e4hrlich ist diese Entwicklung vor allem deshalb, weil l\u00e4ngst auch die Demokratie zur Debatte steht \u2013 die rechtsradikale Auslegung des Konservatismus stellt die Grundlage jeder Debatte und jeder Vergangenheitsverst\u00e4ndigung in Frage. Rechtsradikale wollen nichts bewahren, kein Gespr\u00e4ch, kein Aushandeln, sie wollen die Macht.<\/em> [\u2026]<\/p>\n","protected":false},"excerpt":{"rendered":"<p>Vor geraumer Zeit las ich den folgenden Zeitungsartikel. Dieser konstatiert eine Krise des Konservatismus, die jedem Betrachter mit halbwegs gesundem Menschenverstand l\u00e4ngst aufgefallen ist. Sogenannte Konservative \u00fcbernehmen angesichts der Fl\u00fcchtlingsdebatte rechte Positionen. Rechte geben sich als Konservative aus. Dabei, so der Tenor des Artikels, wollen Rechte nichts bewahren, nichts \u201akonservieren\u2018, sie wollen die Abschaffung der &hellip; <a href=\"https:\/\/willizblog.de\/?p=10432\" class=\"more-link\"><span class=\"screen-reader-text\">Die Sinnkrise des Konservatismus<\/span> weiterlesen <span class=\"meta-nav\">&rarr;<\/span><\/a><\/p>\n","protected":false},"author":1,"featured_media":0,"comment_status":"open","ping_status":"open","sticky":false,"template":"","format":"standard","meta":[],"categories":[2],"tags":[],"_links":{"self":[{"href":"https:\/\/willizblog.de\/index.php?rest_route=\/wp\/v2\/posts\/10432"}],"collection":[{"href":"https:\/\/willizblog.de\/index.php?rest_route=\/wp\/v2\/posts"}],"about":[{"href":"https:\/\/willizblog.de\/index.php?rest_route=\/wp\/v2\/types\/post"}],"author":[{"embeddable":true,"href":"https:\/\/willizblog.de\/index.php?rest_route=\/wp\/v2\/users\/1"}],"replies":[{"embeddable":true,"href":"https:\/\/willizblog.de\/index.php?rest_route=%2Fwp%2Fv2%2Fcomments&post=10432"}],"version-history":[{"count":0,"href":"https:\/\/willizblog.de\/index.php?rest_route=\/wp\/v2\/posts\/10432\/revisions"}],"wp:attachment":[{"href":"https:\/\/willizblog.de\/index.php?rest_route=%2Fwp%2Fv2%2Fmedia&parent=10432"}],"wp:term":[{"taxonomy":"category","embeddable":true,"href":"https:\/\/willizblog.de\/index.php?rest_route=%2Fwp%2Fv2%2Fcategories&post=10432"},{"taxonomy":"post_tag","embeddable":true,"href":"https:\/\/willizblog.de\/index.php?rest_route=%2Fwp%2Fv2%2Ftags&post=10432"}],"curies":[{"name":"wp","href":"https:\/\/api.w.org\/{rel}","templated":true}]}}