{"id":10436,"date":"2019-01-11T04:51:46","date_gmt":"2019-01-11T04:51:46","guid":{"rendered":"https:\/\/willizblog.de\/?p=10436"},"modified":"2019-12-13T18:02:30","modified_gmt":"2019-12-13T18:02:30","slug":"bauplanung-am-bahnhof-9-9a-in-tostedt-8-neuer-bebauungsplan-und-erdarbeiten","status":"publish","type":"post","link":"https:\/\/willizblog.de\/?p=10436","title":{"rendered":"Bauplanung \u201aAm Bahnhof 9\/9a\u2018 in Tostedt (8): Neuer Bebauungsplan und Erdarbeiten"},"content":{"rendered":"<p>Es ist schon eine Zeit her, dass ich mich hier zu dem Bauvorhaben \u201aAm Bahnhof 9\/9a\u2018 in Tostedt ge\u00e4u\u00dfert habe. Zuletzt ging es im Fr\u00fchjahr 2017 um die <a href=\"https:\/\/www.willizblog.de\/?p=9940\" rel=\"noopener noreferrer\" target=\"_blank\">\u00d6ffentliche Auslegung zum \u201eEntwurf der 2. \u00c4nderung zum Bebauungsplan Nr. 22 sowie der Entwurf der Begr\u00fcndung mit Anlagen\u201c<\/a> im Rathaus der Samtgemeinde Tostedt. Und inzwischen hat nicht nur der Planungs- und Umweltausschuss der Gemeinde Tostedt getagt und \u00fcber die Stellungnahmen der B\u00fcrger beraten. In der Ratssitzung am 13. Juni 2017 wurde \u00fcber die \u00c4nderung des Bebauungsplanes endg\u00fcltig beschlossen. Planzeichnung und Begr\u00fcndung zu dieser <a href=\"https:\/\/www.landkreis-harburg.de\/portal\/aseiten\/b-plan-suche-1000141-20100.html?selectedKommune=20240&#038;selectedOrt=20247&#038;plan=900001781\" rel=\"noopener noreferrer\" target=\"_blank\">2. \u00c4nderung des B-Plans 22 (Karlstra\u00dfe, Tostedt)<\/a> sind im Internet einsehbar bzw. als PDF abrufbar.<\/p>\n<p><img src=\"https:\/\/www.willizblog.de\/pics\/tostedt2018_am_bahnhof_bplan22_aend2.jpg\" alt=\"2. \u00c4nderung zum Bebauungsplan Nr. 22 Karlstra\u00dfe, Tostedt\" title=\"2. \u00c4nderung zum Bebauungsplan Nr. 22 Karlstra\u00dfe, Tostedt\" \/><br \/>\n2. \u00c4nderung zum Bebauungsplan Nr. 22 Karlstra\u00dfe, Tostedt<\/p>\n<p>Anschlie\u00dfend hat sich im Jahr 2017 erst einmal so gut wie nichts getan (Es tat sich zumindest auf dem Grundst\u00fcck nichts). Nach meinem Wissen sind auch die eigentlichen Bauantr\u00e4ge von der Bauherrengemeinschaft Tostedt GbR bei den zust\u00e4ndigen Stellen bis Ende 2018 nicht eingegangen.<\/p>\n<p>Entgegen der Vorank\u00fcndigung versp\u00e4tet gab es dann im Mai wieder Arbeiten auf dem Grundst\u00fcck, u.a. wurden die noch vorhandenen Baumstumpen entfernt. Mitte Oktober gab es dann weitere Arbeiten am Baumbestand. Und ab 1. November 2018 montags bis samstags p\u00fcnktlich ab 7 Uhr wurden f\u00fcr mehrere Wochen (bis vor Weihnachten) Erdarbeiten durchgef\u00fchrt. Dabei wurde ein Gro\u00dfteil der Muttererde, der in der Bauphase nur st\u00f6ren w\u00fcrde, kurz vor dem Gr\u00fcnstreifen zu den H\u00e4usern in der Morlaasstra\u00dfe Ost (also auch zu uns) mehrere Meter hoch aufgesch\u00fcttet. Die vorgesehene Anpflanzung an den angrenzenden Grundst\u00fccken der Morlaasstra\u00dfe Ost, die eigentlich in der Pflanzperiode November 2017 bis April 2018 erfolgen sollte und in Absprache mit dem Fachbereich \u201eBauen und Planung\u201c um ein Jahr verschoben wurde, wird so mit Sicherheit wieder nicht ausgef\u00fchrt werden.<\/p>\n<p><img src=\"https:\/\/www.willizblog.de\/pics\/tostedt2018_am_bahnhof_rodelberg.jpg\" alt=\"Muttererdeanh\u00e4ufung \u2013 darf hier gerodelt werden?\" title=\"Muttererdeanh\u00e4ufung \u2013 darf hier gerodelt werden?\" \/><br \/>\nMuttererdeanh\u00e4ufung \u2013 darf hier gerodelt werden?<\/p>\n<p>Bei diesen Erdarbeiten wurden auch die f\u00fcr die Bebauung vorgesehenen Fl\u00e4chen ausgehoben und mit Sand gef\u00fcllt, also f\u00fcr den sp\u00e4teren Bau der H\u00e4user \u201apr\u00e4pariert\u2018. Seitdem liegt das Grundst\u00fcck im Winterschlaf. Immerhin steht auf dem Grundst\u00fcck schon ein Baukran, der auf baldigen Baubeginn der geplanten H\u00e4user hindeutet.<\/p>\n<p>Und <a href=\"https:\/\/www.willizblog.de\/?p=2508\" rel=\"noopener noreferrer\" target=\"_blank\">zwischen den Jahren<\/a> hat sich noch etwas getan: An \u00fcbereinander gestapelten Container flattert bis zum Bahnhof gut sichtbar eine Leinwand: Ene meine muh \u2013 und rein kommst du. \u2013 steht dort geschrieben. Wer Interesse an einer Mietwohnung hat, kann sich Info-Material einholen: \u201eDie Bauma\u00dfnahmen f\u00fcr das Bauprojekt <a href=\"https:\/\/to-huus-tostedt.de\/\" rel=\"noopener noreferrer\" target=\"_blank\">\u201eTO HUUS in 21255 Tostedt\u201c<\/a> haben bereits begonnen. Die Fertigstellung ist im Laufe des Jahres 2020 geplant.\u201c Mehr dazu demn\u00e4chst.<\/p>\n","protected":false},"excerpt":{"rendered":"<p>Es ist schon eine Zeit her, dass ich mich hier zu dem Bauvorhaben \u201aAm Bahnhof 9\/9a\u2018 in Tostedt ge\u00e4u\u00dfert habe. Zuletzt ging es im Fr\u00fchjahr 2017 um die \u00d6ffentliche Auslegung zum \u201eEntwurf der 2. \u00c4nderung zum Bebauungsplan Nr. 22 sowie der Entwurf der Begr\u00fcndung mit Anlagen\u201c im Rathaus der Samtgemeinde Tostedt. Und inzwischen hat nicht &hellip; <a href=\"https:\/\/willizblog.de\/?p=10436\" class=\"more-link\"><span class=\"screen-reader-text\">Bauplanung \u201aAm Bahnhof 9\/9a\u2018 in Tostedt (8): Neuer Bebauungsplan und Erdarbeiten<\/span> weiterlesen <span class=\"meta-nav\">&rarr;<\/span><\/a><\/p>\n","protected":false},"author":1,"featured_media":0,"comment_status":"open","ping_status":"open","sticky":false,"template":"","format":"standard","meta":[],"categories":[11],"tags":[],"_links":{"self":[{"href":"https:\/\/willizblog.de\/index.php?rest_route=\/wp\/v2\/posts\/10436"}],"collection":[{"href":"https:\/\/willizblog.de\/index.php?rest_route=\/wp\/v2\/posts"}],"about":[{"href":"https:\/\/willizblog.de\/index.php?rest_route=\/wp\/v2\/types\/post"}],"author":[{"embeddable":true,"href":"https:\/\/willizblog.de\/index.php?rest_route=\/wp\/v2\/users\/1"}],"replies":[{"embeddable":true,"href":"https:\/\/willizblog.de\/index.php?rest_route=%2Fwp%2Fv2%2Fcomments&post=10436"}],"version-history":[{"count":0,"href":"https:\/\/willizblog.de\/index.php?rest_route=\/wp\/v2\/posts\/10436\/revisions"}],"wp:attachment":[{"href":"https:\/\/willizblog.de\/index.php?rest_route=%2Fwp%2Fv2%2Fmedia&parent=10436"}],"wp:term":[{"taxonomy":"category","embeddable":true,"href":"https:\/\/willizblog.de\/index.php?rest_route=%2Fwp%2Fv2%2Fcategories&post=10436"},{"taxonomy":"post_tag","embeddable":true,"href":"https:\/\/willizblog.de\/index.php?rest_route=%2Fwp%2Fv2%2Ftags&post=10436"}],"curies":[{"name":"wp","href":"https:\/\/api.w.org\/{rel}","templated":true}]}}