{"id":10458,"date":"2019-01-16T10:06:34","date_gmt":"2019-01-16T10:06:34","guid":{"rendered":"https:\/\/willizblog.de\/?p=10458"},"modified":"2019-01-22T08:47:18","modified_gmt":"2019-01-22T08:47:18","slug":"genutzte-zeit-zum-lesen","status":"publish","type":"post","link":"https:\/\/willizblog.de\/?p=10458","title":{"rendered":"Genutzte Zeit zum Lesen"},"content":{"rendered":"<p>So einmal gut sieben Monate ohne die werkt\u00e4gliche Arbeit zu tun oder gar tun zu m\u00fcssen, nicht morgens viel zu fr\u00fch aufzustehen, nicht in vollen Bahnen zu fahren und abends eher ersch\u00f6pft nach Hause zu kommen \u2013 ich habe mich daran gew\u00f6hnt. Die Zeit nach der <a href=\"https:\/\/www.willizblog.de\/?p=10425\" rel=\"noopener\" target=\"_blank\">Knie-OP<\/a> und der <a href=\"https:\/\/www.willizblog.de\/?p=10428\" rel=\"noopener\" target=\"_blank\">Rehabilitation<\/a> hat mir viel freie Zeit beschert, die ich genutzt habe: Endlich bin ich wieder einmal zum Lesen gekommen, habe mir auch den einen oder anderen guten Film angeguckt, war<a href=\"https:\/\/www.willizblog.de\/?p=10385\" rel=\"noopener\" target=\"_blank\"> wieder f\u00fcr Wochen da<\/a>, wohin ich gern wollte. Und wo ich am Ende des Jahres wieder sein werde.<\/p>\n<p><img src=\"https:\/\/www.willizblog.de\/pics\/willi_2018_06_09_bremen.jpg\" alt=\"Willi l\u00e4sst sich treiben\" title=\"Willi l\u00e4sst sich treiben\" \/><br \/>\nWilli l\u00e4sst sich treiben<\/p>\n<p>Liegengeblieben waren die letzten Werke von <a href=\"https:\/\/willizblog.de\/?s=martin+walser\" rel=\"noopener\" target=\"_blank\">Martin Walser<\/a>, der ja 2017 inzwischen <a href=\"https:\/\/www.willizblog.de\/?p=9964\" rel=\"noopener\" target=\"_blank\">seinen 90. Geburtstag<\/a> feierte. Zun\u00e4chst ein Gespr\u00e4ch zwischen Walser und seinem Sohn Jakob Augstein: <a target=\"_blank\" href=\"https:\/\/www.amazon.de\/gp\/product\/3498006800\/ref=as_li_tl?ie=UTF8&#038;camp=1638&#038;creative=6742&#038;creativeASIN=3498006800&#038;linkCode=as2&#038;tag=familiealbin-21&#038;linkId=f7410feff1297fa01d0e5f89840c4867\">Das Leben wortw\u00f6rtlich<\/a><img loading=\"lazy\" src=\"\/\/ir-de.amazon-adsystem.com\/e\/ir?t=familiealbin-21&#038;l=am2&#038;o=3&#038;a=3498006800\" width=\"1\" height=\"1\" border=\"0\" alt=\"\" style=\"border:none !important; margin:0px !important;\" \/><\/p>\n<p>Dann drei Romane von Martin Walser:<br \/>\n<a href=\"https:\/\/willizblog.de\/?p=10463\" rel=\"noopener\" target=\"_blank\"><em>Statt etwas oder Der letzte Rank <\/em><\/a>(2017)<br \/>\n<em>Gar alles oder Briefe an eine unbekannte Geliebte<\/em> (2018)<br \/>\n<em>Ehen in Philippsburg (sein erster Roman aus dem Jahre<\/em> 1957)<\/p>\n<p>Von <a href=\"https:\/\/willizblog.de\/?s=laxness\" rel=\"noopener\" target=\"_blank\">Halld\u00f3r Laxness<\/a> hatte ich mir vor geraumer Zeit einmal ein ganzes B\u00fcndel Taschenb\u00fccher zum Sonderpreis zugelegt. Viele seiner Romane habe ich inzwischen gelesen \u2013 es verblieben trotzdem noch vier Romane und ein Band mit Erz\u00e4hlungen, die ich in der freien Zeit gelesen habe. Hinzu kommt noch eine Biografie <a target=\"_blank\" href=\"https:\/\/www.amazon.de\/gp\/product\/344275142X\/ref=as_li_tl?ie=UTF8&#038;camp=1638&#038;creative=6742&#038;creativeASIN=344275142X&#038;linkCode=as2&#038;tag=familiealbin-21&#038;linkId=f3f57285453cee530003213449f39b14\">Halld\u00f3r Laxness<\/a><img loading=\"lazy\" src=\"\/\/ir-de.amazon-adsystem.com\/e\/ir?t=familiealbin-21&#038;l=am2&#038;o=3&#038;a=344275142X\" width=\"1\" height=\"1\" border=\"0\" alt=\"\" style=\"border:none !important; margin:0px !important;\" \/> &#8211; Sein Leben von Halld\u00f3r Gudmundsson.<\/p>\n<p><em>Die gl\u00fccklichen Krieger<\/em> (<a href=\"https:\/\/www.willizblog.de\/?p=10389\" rel=\"noopener\" target=\"_blank\">hier bereits besprochen<\/a>)<br \/>\n<em>Atomstation<\/em><br \/>\n<em>Die Litanei von den Gottesgaben<\/em><br \/>\n<em>Das wiedergefundene Paradies<\/em><br \/>\n<em>Ein Spiegelbild im Wasser<\/em> \u2013 Erz\u00e4hlungen<\/p>\n<p>Verbleibt f\u00fcr mich nur noch ein Roman von Laxness, der bisher leider nicht verf\u00fcgbar war, nun aber Ende Februar neu aufgelegt wird: <a target=\"_blank\" href=\"https:\/\/www.amazon.de\/gp\/product\/3958295843\/ref=as_li_tl?ie=UTF8&#038;camp=1638&#038;creative=6742&#038;creativeASIN=3958295843&#038;linkCode=as2&#038;tag=familiealbin-21&#038;linkId=3b8668ba1f15865e50f7d7c4f2cc3fbb\">Das Fischkonzert<\/a><img loading=\"lazy\" src=\"\/\/ir-de.amazon-adsystem.com\/e\/ir?t=familiealbin-21&#038;l=am2&#038;o=3&#038;a=3958295843\" width=\"1\" height=\"1\" border=\"0\" alt=\"\" style=\"border:none !important; margin:0px !important;\" \/><\/p>\n<p>\u00dcber <a href=\"https:\/\/willizblog.de\/?s=suzanne+vega\" rel=\"noopener\" target=\"_blank\">Suzanne Vega<\/a>s Album <a target=\"_blank\" href=\"https:\/\/www.amazon.de\/gp\/product\/B01I0RI308\/ref=as_li_tl?ie=UTF8&#038;camp=1638&#038;creative=6742&#038;creativeASIN=B01I0RI308&#038;linkCode=as2&#038;tag=familiealbin-21&#038;linkId=1d7442e9f5e596ba253e56f6e7087a87\">Lover, Beloved: Songs from An Evening With Carson<\/a><img loading=\"lazy\" src=\"\/\/ir-de.amazon-adsystem.com\/e\/ir?t=familiealbin-21&#038;l=am2&#038;o=3&#038;a=B01I0RI308\" width=\"1\" height=\"1\" border=\"0\" alt=\"\" style=\"border:none !important; margin:0px !important;\" \/>aus dem Jahr 2016 bin ich auf dem Roman <a target=\"_blank\" href=\"https:\/\/www.amazon.de\/gp\/product\/3257242247\/ref=as_li_tl?ie=UTF8&#038;camp=1638&#038;creative=6742&#038;creativeASIN=3257242247&#038;linkCode=as2&#038;tag=familiealbin-21&#038;linkId=28c06774686f0e888f0b7310f8b08903\">Das Herz ist ein einsamer J\u00e4ger<\/a><img loading=\"lazy\" src=\"\/\/ir-de.amazon-adsystem.com\/e\/ir?t=familiealbin-21&#038;l=am2&#038;o=3&#038;a=3257242247\" width=\"1\" height=\"1\" border=\"0\" alt=\"\" style=\"border:none !important; margin:0px !important;\" \/> von <a href=\"https:\/\/de.wikipedia.org\/wiki\/Carson_McCullers\" rel=\"noopener\" target=\"_blank\">Carson McCullers<\/a> gekommen.<\/p>\n<p>Im letzten Jahr war es f\u00fcnfzig Jahre her, dass der Roman <a target=\"_blank\" href=\"https:\/\/www.amazon.de\/gp\/product\/3455000479\/ref=as_li_tl?ie=UTF8&#038;camp=1638&#038;creative=6742&#038;creativeASIN=3455000479&#038;linkCode=as2&#038;tag=familiealbin-21&#038;linkId=2bd3c75c76eed1f1e58d58922ffd90f9\">Deutschstunde<\/a><img loading=\"lazy\" src=\"\/\/ir-de.amazon-adsystem.com\/e\/ir?t=familiealbin-21&#038;l=am2&#038;o=3&#038;a=3455000479\" width=\"1\" height=\"1\" border=\"0\" alt=\"\" style=\"border:none !important; margin:0px !important;\" \/> von <a href=\"https:\/\/de.wikipedia.org\/wiki\/Siegfried_Lenz\" rel=\"noopener\" target=\"_blank\">Siegfried Lenz<\/a> erschien. Den <a href=\"https:\/\/de.wikipedia.org\/wiki\/Deutschstunde_(Film)\" rel=\"noopener\" target=\"_blank\">Fernsehfilm dazu aus dem Jahre 1971<\/a> kannte ich. So wurde es Zeit, jetzt auch den Roman zu lesen. Inzwischen ist der <a href=\"https:\/\/www.crew-united.com\/de\/Deutschstunde__233817.html\" rel=\"noopener\" target=\"_blank\">Roman erneut verfilmt<\/a> worden und wird ab 03.10.2019 in den Kinos gezeigt.<\/p>\n<p>Au\u00dferdem hatte ich das letzte Werk von <a href=\"https:\/\/willizblog.de\/?s=g%C3%BCnter+grass\" rel=\"noopener\" target=\"_blank\">G\u00fcnter Grass<\/a> <a target=\"_blank\" href=\"https:\/\/www.amazon.de\/gp\/product\/3423145625\/ref=as_li_tl?ie=UTF8&#038;camp=1638&#038;creative=6742&#038;creativeASIN=3423145625&#038;linkCode=as2&#038;tag=familiealbin-21&#038;linkId=83d8aed302b37a137b0d6c3a7bc7ab4d\">Vonne Endlichkait<\/a><img loading=\"lazy\" src=\"\/\/ir-de.amazon-adsystem.com\/e\/ir?t=familiealbin-21&#038;l=am2&#038;o=3&#038;a=3423145625\" width=\"1\" height=\"1\" border=\"0\" alt=\"\" style=\"border:none !important; margin:0px !important;\" \/> einige Zeit liegen \u2013 und w\u00e4hrend meiner \u201aFreizeit\u2018 endlich gelesen.<\/p>\n<p>Ich bin ein Freund der kleinen B\u00fccher des <a href=\"https:\/\/de.wikipedia.org\/wiki\/Insel_Verlag\" rel=\"noopener\" target=\"_blank\">Insel-Verlags<\/a>. Diese muten etwas altmodisch an. Aber genau das mag ich an ihnen. <a href=\"https:\/\/willizblog.de\/?s=hermann+hesse\" rel=\"noopener\" target=\"_blank\">Hermann Hesse<\/a>s Aufzeichnungen <a target=\"_blank\" href=\"https:\/\/www.amazon.de\/gp\/product\/3458194037\/ref=as_li_tl?ie=UTF8&#038;camp=1638&#038;creative=6742&#038;creativeASIN=3458194037&#038;linkCode=as2&#038;tag=familiealbin-21&#038;linkId=7e8b726f1264b8ebc535fadb46a723f4\">Wanderung<\/a><img loading=\"lazy\" src=\"\/\/ir-de.amazon-adsystem.com\/e\/ir?t=familiealbin-21&#038;l=am2&#038;o=3&#038;a=3458194037\" width=\"1\" height=\"1\" border=\"0\" alt=\"\" style=\"border:none !important; margin:0px !important;\" \/> mit Zeichnungen des Autors sind poetische Protokolle einer Wanderung und Wandlung und passen sehr gut in diese Reihe. <\/p>\n<p>David Zane Mairowitz war es, der sich speziell <a href=\"https:\/\/willizblog.de\/?s=kafka\" rel=\"noopener\" target=\"_blank\">Kafka<\/a>s Roman <a href=\"https:\/\/willizblog.de\/?p=5432\" rel=\"noopener\" target=\"_blank\">Der Prozess<\/a> annahm und daraus mit der franz\u00f6sischen Comiczeichnerin Chantal Montellier eine Graphic Novel zauberte: <a href=\"https:\/\/willizblog.de\/?p=7656\" rel=\"noopener\" target=\"_blank\">Der Process<\/a> \u2013 endlich habe ich das Buch zur Hand genommen.<\/p>\n<p>Und wenn ich schon bei Kafka bin: Von <a href=\"https:\/\/de.wikipedia.org\/wiki\/Peter_Weiss\" rel=\"noopener\" target=\"_blank\">Peter Weiss<\/a> habe ich dessen Theaterst\u00fcck <a href=\"https:\/\/www.suhrkamp.de\/theater_medien\/der_neue_prozess-peter_weiss_100809.html\" rel=\"noopener\" target=\"_blank\">Der neue Prozess<\/a>, das am 12. M\u00e4rz 1982 in Stockholm uraufgef\u00fchrt wurde, erneut gelesen<\/p>\n<p>1997 war es ein Bestseller, der Roman <a target=\"_blank\" href=\"https:\/\/www.amazon.de\/gp\/product\/3442723078\/ref=as_li_tl?ie=UTF8&#038;camp=1638&#038;creative=6742&#038;creativeASIN=3442723078&#038;linkCode=as2&#038;tag=familiealbin-21&#038;linkId=a1ce591b4154164bd4b4e08a01a51ee2\">Die Asche meiner Mutter <\/a><img loading=\"lazy\" src=\"\/\/ir-de.amazon-adsystem.com\/e\/ir?t=familiealbin-21&#038;l=am2&#038;o=3&#038;a=3442723078\" width=\"1\" height=\"1\" border=\"0\" alt=\"\" style=\"border:none !important; margin:0px !important;\" \/> von <a href=\"https:\/\/de.wikipedia.org\/wiki\/Frank_McCourt\" rel=\"noopener\" target=\"_blank\">Frank McCourt<\/a>, in dem er seine Kindheitserinnerungen in Irland ver\u00f6ffentlichte. Einer meiner Schwager hatte das Buch ausgesondert, so habe ich es zu mir genommen \u2013 und im letzten Jahr gelesen.<\/p>\n<p><a href=\"https:\/\/willizblog.de\/?s=Boyle\" rel=\"noopener\" target=\"_blank\">Tom Coraghessan Boyle<\/a> ist ein ziemlich schr\u00e4ger Vogel \u2013 und ein hervorragender Schriftsteller, der in Amerika dem historischen Roman zu neuem Ansehen verholfen hat. In seinem Roman <a href=\"https:\/\/de.wikipedia.org\/wiki\/Wassermusik_(Roman)\" rel=\"noopener\" target=\"_blank\">Wassermusik<\/a> erz\u00e4hlt er die Geschichte des (historischen) schottischen Afrikaforschers Mungo Park, der gegen Ende des 18. Jahrhunderts zwei Entdeckungsreisen ins Innere Afrikas unternimmt. Er ist besessen von dem Wunsch, den Niger zu entdecken, was ihm nach allerlei M\u00fchen auch gelingt.<\/p>\n<p>Ich habe eine gewisse Vorliebe f\u00fcr Krimis (allerdings eher in Form von Filmen, lese aber ab und zu auch einmal einen Kriminalroman). So habe ich von <a href=\"https:\/\/de.wikipedia.org\/wiki\/Martha_Grimes\" rel=\"noopener\" target=\"_blank\">Martha Grimes<\/a> aus der Inspektor Jury-Reihe, von der bisher <a href=\"https:\/\/www.fernsehserien.de\/inspektor-jury\" rel=\"noopener\" target=\"_blank\">vier Folgen verfilmt<\/a> wurden, den Roman <a target=\"_blank\" href=\"https:\/\/www.amazon.de\/gp\/product\/B01B1H4XLM\/ref=as_li_tl?ie=UTF8&#038;camp=1638&#038;creative=6742&#038;creativeASIN=B01B1H4XLM&#038;linkCode=as2&#038;tag=familiealbin-21&#038;linkId=c2999ef8e621aadf37a1550e21ccd300\">Inspektor Jury geht \u00fcbers Moor<\/a><img loading=\"lazy\" src=\"\/\/ir-de.amazon-adsystem.com\/e\/ir?t=familiealbin-21&#038;l=am2&#038;o=3&#038;a=B01B1H4XLM\" width=\"1\" height=\"1\" border=\"0\" alt=\"\" style=\"border:none !important; margin:0px !important;\" \/> gelesen. Den Kriminalroman <a target=\"_blank\" href=\"https:\/\/www.amazon.de\/gp\/product\/3442457572\/ref=as_li_tl?ie=UTF8&#038;camp=1638&#038;creative=6742&#038;creativeASIN=3442457572&#038;linkCode=as2&#038;tag=familiealbin-21&#038;linkId=5f2a7a557c34066e3407cb21be337cfc\">Eismond<\/a><img loading=\"lazy\" src=\"\/\/ir-de.amazon-adsystem.com\/e\/ir?t=familiealbin-21&#038;l=am2&#038;o=3&#038;a=3442457572\" width=\"1\" height=\"1\" border=\"0\" alt=\"\" style=\"border:none !important; margin:0px !important;\" \/> von <a href=\"https:\/\/de.wikipedia.org\/wiki\/Jan_Costin_Wagner\" rel=\"noopener\" target=\"_blank\">Jan Costin Wagner<\/a> habe ich erneut gelesen. Er begr\u00fcndete ebenfalls eine Krimi-Reihe, hier um den finnischen Kommissar Kimmo Joentaa.<\/p>\n<p>Es las w\u00e4hrend meiner (unfreiwilligen) Freizeit noch das eine und andere Buch. Den hier erw\u00e4hnten B\u00fccher werde ich sicherlich noch etwas Aufmerksamkeit zukommen lassen, um diese zumindest in gewisser K\u00fcrze zu besprechen.<\/p>\n","protected":false},"excerpt":{"rendered":"<p>So einmal gut sieben Monate ohne die werkt\u00e4gliche Arbeit zu tun oder gar tun zu m\u00fcssen, nicht morgens viel zu fr\u00fch aufzustehen, nicht in vollen Bahnen zu fahren und abends eher ersch\u00f6pft nach Hause zu kommen \u2013 ich habe mich daran gew\u00f6hnt. Die Zeit nach der Knie-OP und der Rehabilitation hat mir viel freie Zeit &hellip; <a href=\"https:\/\/willizblog.de\/?p=10458\" class=\"more-link\"><span class=\"screen-reader-text\">Genutzte Zeit zum Lesen<\/span> weiterlesen <span class=\"meta-nav\">&rarr;<\/span><\/a><\/p>\n","protected":false},"author":1,"featured_media":0,"comment_status":"open","ping_status":"open","sticky":false,"template":"","format":"standard","meta":[],"categories":[3],"tags":[],"_links":{"self":[{"href":"https:\/\/willizblog.de\/index.php?rest_route=\/wp\/v2\/posts\/10458"}],"collection":[{"href":"https:\/\/willizblog.de\/index.php?rest_route=\/wp\/v2\/posts"}],"about":[{"href":"https:\/\/willizblog.de\/index.php?rest_route=\/wp\/v2\/types\/post"}],"author":[{"embeddable":true,"href":"https:\/\/willizblog.de\/index.php?rest_route=\/wp\/v2\/users\/1"}],"replies":[{"embeddable":true,"href":"https:\/\/willizblog.de\/index.php?rest_route=%2Fwp%2Fv2%2Fcomments&post=10458"}],"version-history":[{"count":0,"href":"https:\/\/willizblog.de\/index.php?rest_route=\/wp\/v2\/posts\/10458\/revisions"}],"wp:attachment":[{"href":"https:\/\/willizblog.de\/index.php?rest_route=%2Fwp%2Fv2%2Fmedia&parent=10458"}],"wp:term":[{"taxonomy":"category","embeddable":true,"href":"https:\/\/willizblog.de\/index.php?rest_route=%2Fwp%2Fv2%2Fcategories&post=10458"},{"taxonomy":"post_tag","embeddable":true,"href":"https:\/\/willizblog.de\/index.php?rest_route=%2Fwp%2Fv2%2Ftags&post=10458"}],"curies":[{"name":"wp","href":"https:\/\/api.w.org\/{rel}","templated":true}]}}