{"id":10460,"date":"2019-01-18T09:56:10","date_gmt":"2019-01-18T09:56:10","guid":{"rendered":"https:\/\/willizblog.de\/?p=10460"},"modified":"2019-01-18T09:56:10","modified_gmt":"2019-01-18T09:56:10","slug":"worte-zum-wochenende-3-kw-2019-wochenend-und-sonnenschein","status":"publish","type":"post","link":"https:\/\/willizblog.de\/?p=10460","title":{"rendered":"Worte zum Wochenende (3. KW 2019): Wochenend\u2018 und Sonnenschein"},"content":{"rendered":"<p>F\u00fcr den, der im Berufsleben steht, gibt es kaum sch\u00f6nere Begriffe als <a href=\"https:\/\/willizblog.de\/?s=urlaub\" rel=\"noopener\" target=\"_blank\">Urlaub<\/a> und <a href=\"https:\/\/willizblog.de\/?s=wochenend\" rel=\"noopener\" target=\"_blank\">Wochenende<\/a>. Zum ersteren <a href=\"https:\/\/www.sueddeutsche.de\/kultur\/heinz-erhardt-zum-geburtstag-von-der-pampelmuse-gekuesst-1.476490-4\" rel=\"noopener\" target=\"_blank\">dichtete schon Heinz Erhardt<\/a>: &#8222;Ich geh&#8216; im Urwald f\u00fcr mich hin&#8230; Wie sch\u00f6n, da\u00df ich im Urwald bin: man kann hier noch so lange wandern, ein Urbaum steht neben dem andern. Und an den B\u00e4umen, Blatt f\u00fcr Blatt, h\u00e4ngt Urlaub. Sch\u00f6n, da\u00df man ihn hat!&#8220;<\/p>\n<p><img src=\"http:\/\/www.willizblog.de\/images\/willizblog_worte_zum_wochenende.jpg\" alt=\"Worte zum Wochenende (3. KW 2019 \u2013 WilliZBlog)\" title=\"Worte zum Wochenende (3. KW 2019 \u2013 WilliZBlog)\" \/><\/p>\n<p>Und vom letzteren sangen bereits Ende der 1920er, Anfang der 1930er Jahre die <a href=\"https:\/\/de.wikipedia.org\/wiki\/Comedian_Harmonists\" rel=\"noopener\" target=\"_blank\">Comedian Harmonists<\/a> und verbanden es mit dem von jedem von uns so geliebten Sonnenschein.<\/p>\n<p><iframe loading=\"lazy\" width=\"560\" height=\"420\" src=\"https:\/\/www.youtube.com\/embed\/-ey9wYTOgew\" frameborder=\"0\" allow=\"accelerometer; autoplay; encrypted-media; gyroscope; picture-in-picture\" allowfullscreen><\/iframe><\/p>\n<p>Nach trostlosen Tagen, nasskalt und verregnet (ich nenne es Totensonntagswetter), ist es endlich bei uns hier im Norden soweit: die Sonne l\u00e4sst sich wieder blicken. Und das auch noch gerade recht zum Wochenende. Da packen wir unsere Alltagsdepression in den Koffer, verschlie\u00dfen diesen und verstauen ihn auf dem Dachboden (wenn wir einen haben, sonst im Keller).<\/p>\n<p><strong>Allen ein sch\u00f6nes, sonniges Wochenende!<\/strong><\/p>\n","protected":false},"excerpt":{"rendered":"<p>F\u00fcr den, der im Berufsleben steht, gibt es kaum sch\u00f6nere Begriffe als Urlaub und Wochenende. Zum ersteren dichtete schon Heinz Erhardt: &#8222;Ich geh&#8216; im Urwald f\u00fcr mich hin&#8230; Wie sch\u00f6n, da\u00df ich im Urwald bin: man kann hier noch so lange wandern, ein Urbaum steht neben dem andern. Und an den B\u00e4umen, Blatt f\u00fcr Blatt, &hellip; <a href=\"https:\/\/willizblog.de\/?p=10460\" class=\"more-link\"><span class=\"screen-reader-text\">Worte zum Wochenende (3. KW 2019): Wochenend\u2018 und Sonnenschein<\/span> weiterlesen <span class=\"meta-nav\">&rarr;<\/span><\/a><\/p>\n","protected":false},"author":1,"featured_media":0,"comment_status":"open","ping_status":"open","sticky":false,"template":"","format":"standard","meta":[],"categories":[30],"tags":[],"_links":{"self":[{"href":"https:\/\/willizblog.de\/index.php?rest_route=\/wp\/v2\/posts\/10460"}],"collection":[{"href":"https:\/\/willizblog.de\/index.php?rest_route=\/wp\/v2\/posts"}],"about":[{"href":"https:\/\/willizblog.de\/index.php?rest_route=\/wp\/v2\/types\/post"}],"author":[{"embeddable":true,"href":"https:\/\/willizblog.de\/index.php?rest_route=\/wp\/v2\/users\/1"}],"replies":[{"embeddable":true,"href":"https:\/\/willizblog.de\/index.php?rest_route=%2Fwp%2Fv2%2Fcomments&post=10460"}],"version-history":[{"count":0,"href":"https:\/\/willizblog.de\/index.php?rest_route=\/wp\/v2\/posts\/10460\/revisions"}],"wp:attachment":[{"href":"https:\/\/willizblog.de\/index.php?rest_route=%2Fwp%2Fv2%2Fmedia&parent=10460"}],"wp:term":[{"taxonomy":"category","embeddable":true,"href":"https:\/\/willizblog.de\/index.php?rest_route=%2Fwp%2Fv2%2Fcategories&post=10460"},{"taxonomy":"post_tag","embeddable":true,"href":"https:\/\/willizblog.de\/index.php?rest_route=%2Fwp%2Fv2%2Ftags&post=10460"}],"curies":[{"name":"wp","href":"https:\/\/api.w.org\/{rel}","templated":true}]}}