{"id":10494,"date":"2019-02-27T09:58:03","date_gmt":"2019-02-27T09:58:03","guid":{"rendered":"https:\/\/willizblog.de\/?p=10494"},"modified":"2019-02-27T09:58:03","modified_gmt":"2019-02-27T09:58:03","slug":"ab-in-die-botanik","status":"publish","type":"post","link":"https:\/\/willizblog.de\/?p=10494","title":{"rendered":"Ab in die Botanik"},"content":{"rendered":"<p>Der Februar in diesem Jahr beschert uns bereits fr\u00fchlingshaftes Wetter. Was liegt da n\u00e4her, als die Sonnenstunden im Freien zu verbringen: Ab in die Botanik! So besuchten meine Frau und ich Mitte des Monats den <a href=\"https:\/\/www.bghamburg.de\/\" rel=\"noopener\" target=\"_blank\">Botanischen Garten der Universit\u00e4t Hamburg<\/a> (seit 2012 \u201eLoki-Schmidt-Garten\u201d), der sich in zwei  Standorten gliedert: die Tropengew\u00e4chsh\u00e4user am Bahnhof Dammtor (\u00d6ffentliche Gr\u00fcnanlage <em>\u201ePlanten un Blomen\u201d<\/em>) oder das Freigel\u00e4nde in <em>Klein-Flottbek<\/em>. Der Eintritt ist f\u00fcr beide Standorte frei. Wir besuchten das Freigel\u00e4nde.<\/p>\n<p>Erstaunlich, was bereits zu dieser fr\u00fchen Jahreszeit alles bl\u00fchte: Neben <em>Schneegl\u00f6ckchen<\/em> die <em>Krokusse<\/em>, aber auch schon B\u00fcsche wie <a href=\"https:\/\/de.wikipedia.org\/wiki\/Gemeine_Hasel\" rel=\"noopener\" target=\"_blank\">Hasel-<\/a> und <a href=\"https:\/\/de.wikipedia.org\/wiki\/Zaubernuss\" rel=\"noopener\" target=\"_blank\">Wundernuss<\/a>.<\/p>\n<p><img src=\"https:\/\/www.willizblog.de\/pics\/hamburg_botanischer_garten2019_02.jpg\" alt=\"Haselnussstrauch in Bl\u00fcte (Botanischer Garten Hamburg 17.02.2019)\" title=\"Haselnussstrauch in Bl\u00fcte (Botanischer Garten Hamburg 17.02.2019)\" \/><br \/>\nHaselnussstrauch in Bl\u00fcte (Botanischer Garten Hamburg 17.02.2019)<\/p>\n<p><img src=\"https:\/\/www.willizblog.de\/pics\/hamburg_botanischer_garten2019_04.jpg\" alt=\"Zaubernussstrauch in Bl\u00fcte (Botanischer Garten Hamburg 17.02.2019)\" title=\"Zaubernussstrauch in Bl\u00fcte (Botanischer Garten Hamburg 17.02.2019)\" \/><br \/>\nZaubernussstrauch in Bl\u00fcte (Botanischer Garten Hamburg 17.02.2019)<\/p>\n<p>Sch\u00f6n anzusehen war auch der <a href=\"https:\/\/de.wikipedia.org\/wiki\/Japanischer_Garten\" rel=\"noopener\" target=\"_blank\">japanische Garten<\/a> nach <a href=\"https:\/\/de.wikipedia.org\/wiki\/Kare-san-sui\" rel=\"noopener\" target=\"_blank\">Kare-san-sui<\/a>-Art. Sowohl das Rechen dieser Felseng\u00e4rten durch Zen-M\u00f6nche als auch die Betrachtung der Kare-san-sui gilt als Teil der Meditation. Dank der Sonne bildeten sich unsere Schattenrisse auf der wellenf\u00f6rmigen Kiesfl\u00e4che ab, ich mit Kamera, meine Frau als \u201aEngel\u2018.<\/p>\n<p><img src=\"https:\/\/www.willizblog.de\/pics\/hamburg_botanischer_garten2019_01.jpg\" alt=\"Kare-san-sui (Zen-Garten) mit Schattenriss (Botanischer Garten Hamburg 17.02.2019)\" title=\"Kare-san-sui (Zen-Garten) mit Schattenriss (Botanischer Garten Hamburg 17.02.2019)\" \/><br \/>\nKare-san-sui (Zen-Garten) mit Schattenriss (Botanischer Garten Hamburg 17.02.2019)<\/p>\n<p>Mehrere kleine <a href=\"https:\/\/de.wikipedia.org\/wiki\/Bambus\" rel=\"noopener\" target=\"_blank\">Bambus<\/a>haine, durch die es zu streifen lohnt, sind auch zu bewundern. Es gibt hier im Botanischen Garten gleich mehrere Gattungen in unterschiedlichen Farben. Im sp\u00e4ten Sonnenlicht leuchten die Halm\u00e4ste auf besondere Weise.<\/p>\n<p><img src=\"https:\/\/www.willizblog.de\/pics\/hamburg_botanischer_garten2019_03.jpg\" alt=\"Wanderung durch den Bambushain (Botanischer Garten Hamburg 17.02.2019)\" title=\"Wanderung durch den Bambushain (Botanischer Garten Hamburg 17.02.2019)\" \/><br \/>\nWanderung durch den Bambushain (Botanischer Garten Hamburg 17.02.2019)<\/p>\n<p>Weitere Fotos siehe auf meinem Facebook-Album: <a href=\"https:\/\/www.facebook.com\/willizblog\/media_set?set=a.2591281394222294&#038;type=3\" rel=\"noopener\" target=\"_blank\"><strong>Botanischer Garten Hamburg 2019<\/strong><\/a><\/p>\n","protected":false},"excerpt":{"rendered":"<p>Der Februar in diesem Jahr beschert uns bereits fr\u00fchlingshaftes Wetter. Was liegt da n\u00e4her, als die Sonnenstunden im Freien zu verbringen: Ab in die Botanik! So besuchten meine Frau und ich Mitte des Monats den Botanischen Garten der Universit\u00e4t Hamburg (seit 2012 \u201eLoki-Schmidt-Garten\u201d), der sich in zwei Standorten gliedert: die Tropengew\u00e4chsh\u00e4user am Bahnhof Dammtor (\u00d6ffentliche &hellip; <a href=\"https:\/\/willizblog.de\/?p=10494\" class=\"more-link\"><span class=\"screen-reader-text\">Ab in die Botanik<\/span> weiterlesen <span class=\"meta-nav\">&rarr;<\/span><\/a><\/p>\n","protected":false},"author":1,"featured_media":0,"comment_status":"open","ping_status":"open","sticky":false,"template":"","format":"standard","meta":[],"categories":[16],"tags":[],"_links":{"self":[{"href":"https:\/\/willizblog.de\/index.php?rest_route=\/wp\/v2\/posts\/10494"}],"collection":[{"href":"https:\/\/willizblog.de\/index.php?rest_route=\/wp\/v2\/posts"}],"about":[{"href":"https:\/\/willizblog.de\/index.php?rest_route=\/wp\/v2\/types\/post"}],"author":[{"embeddable":true,"href":"https:\/\/willizblog.de\/index.php?rest_route=\/wp\/v2\/users\/1"}],"replies":[{"embeddable":true,"href":"https:\/\/willizblog.de\/index.php?rest_route=%2Fwp%2Fv2%2Fcomments&post=10494"}],"version-history":[{"count":0,"href":"https:\/\/willizblog.de\/index.php?rest_route=\/wp\/v2\/posts\/10494\/revisions"}],"wp:attachment":[{"href":"https:\/\/willizblog.de\/index.php?rest_route=%2Fwp%2Fv2%2Fmedia&parent=10494"}],"wp:term":[{"taxonomy":"category","embeddable":true,"href":"https:\/\/willizblog.de\/index.php?rest_route=%2Fwp%2Fv2%2Fcategories&post=10494"},{"taxonomy":"post_tag","embeddable":true,"href":"https:\/\/willizblog.de\/index.php?rest_route=%2Fwp%2Fv2%2Ftags&post=10494"}],"curies":[{"name":"wp","href":"https:\/\/api.w.org\/{rel}","templated":true}]}}