{"id":10503,"date":"2019-04-03T06:07:45","date_gmt":"2019-04-03T06:07:45","guid":{"rendered":"https:\/\/willizblog.de\/?p=10503"},"modified":"2019-04-03T06:11:24","modified_gmt":"2019-04-03T06:11:24","slug":"schlechtes-omen","status":"publish","type":"post","link":"https:\/\/willizblog.de\/?p=10503","title":{"rendered":"Schlechtes Omen?!"},"content":{"rendered":"<p>In der Februar-Ausgabe #207 aus diesem Jahr beleuchtete das Magazin f\u00fcr Fu\u00dfballkultur <a href=\"https:\/\/www.11freunde.de\/\" rel=\"noopener noreferrer\" target=\"_blank\">11 Freunde<\/a> den Neustart von <em>Borussia M\u00f6nchengladbach<\/em> und kl\u00e4rte, wie <em>Dieter Hecking<\/em> und <em>Max Eberl<\/em> aus einem Krisenklub einen Titelanw\u00e4rter gemacht haben. Seitdem geht es mit dem Verein so ziemlich bergab. Neueste Nachricht: Gladbach und Hecking trennen sich im Sommer! &#8211; Von daher traue ich mich nicht, in gleicher Weise \u00fcber den <a href=\"https:\/\/www.werder.de\/de\" rel=\"noopener noreferrer\" target=\"_blank\">SV Werder Bremen<\/a> zu berichten.<\/p>\n<ul><img src=\"https:\/\/www.willizblog.de\/pics\/11_freunde207_gladbachs_neustart2019.jpg\" alt=\"Ausgabe 11 Freunde #207 Februar 2019: Gladbachs Neustart\" title=\"Ausgabe 11 Freunde #207 Februar 2019: Gladbachs Neustart\" \/><\/ul>\n<p>Ausgabe 11 Freunde #207 Februar 2019: Gladbachs Neustart<\/p>\n<p>In diesem Jahr ist n\u00e4mlich die Mannschaft von der Weser noch ungeschlagen und hat in elf Pflichtspielen neben f\u00fcnf Unentschieden f\u00fcnf Siege in der Bundesliga und einen Sieg nach <a href=\"https:\/\/www.willizblog.de\/?p=10477\" rel=\"noopener noreferrer\" target=\"_blank\">Elfmeterschie\u00dfen gegen Borussia Dortmund im DBF-Achtelfinale<\/a> erzielt. Pl\u00f6tzlich stehen die Bremer auf Platz 6 der Bundesligatabelle und damit auf einen Platz, der f\u00fcr die Teilnahme an der Qualifikation zur Europa League berechtigt. Allerdings hat Werder die Mannschaften von Leverkusen, Wolfsburg und Hoffenheim im Nacken.<\/p>\n<p>Nein, ich bin \u2013 eigentlich \u2013 nicht abergl\u00e4ubisch. Aber der Fall \u201aGladbachs Neustart\u2018, die ganze Lobhudelei um Gladbachs Trainer und Sportdirektor, geben mir zu denken. Also kein Lob f\u00fcr Werder von meiner Seite, daf\u00fcr sorgen schon andere zur Gen\u00fcge. Das beginnt damit, dass Bremer Spieler in sch\u00f6ner Regelm\u00e4\u00dfigkeit in die Elf des jeweiligen Spieltages gew\u00e4hlt werden. Und zuletzt wurde Bremens Cheftrainer, <a href=\"https:\/\/de.wikipedia.org\/wiki\/Florian_Kohfeldt\" rel=\"noopener noreferrer\" target=\"_blank\">Florian Kohfeldt<\/a>, zum <a href=\"https:\/\/de.wikipedia.org\/wiki\/Trainerpreis_des_deutschen_Fu%C3%9Fballs\" rel=\"noopener noreferrer\" target=\"_blank\">Trainer des Jahres 2018<\/a> gew\u00e4hlt wurde.<\/p>\n<p>Nat\u00fcrlich \u00e4u\u00dferten sich auch die <a href=\"https:\/\/www.11freunde.de\/artikel\/werder-bremens-erfolgsgeheimnis\" rel=\"noopener noreferrer\" target=\"_blank\">11 Freunde zu den Bremern und nennen f\u00fcnf Gr\u00fcnde<\/a>, warum sie n\u00e4chstes Jahr in der Europa League spielen werden (Werders Konterfu\u00dfball \u2013 die Raute im Mittelfeld \u2013 Max Kruse \u2013 die unbesungenen Helden in Mittelfeld und Abwehr &#8211; Jiri Pavlenka, der Torwart). Ich kenne noch einen 6. Grund: <a href=\"https:\/\/de.wikipedia.org\/wiki\/Claudio_Pizarro\" rel=\"noopener noreferrer\" target=\"_blank\">Claudio Miguel Pizarro Bosio<\/a>, zz. leider verletzt, aber trotz seiner 40 Jahre immer noch ein Garant f\u00fcr Wahnsinnstore (zu Pizarro sp\u00e4ter mehr).<\/p>\n<p>An diesem Wochenende treffen nun die hier genannten Mannschaft (Gladbach und Werder) aufeinander. Werder kann bei einem Sieg in M\u00f6nchengladbach, die inzwischen auf Platz 5 abgerutscht sind, den Abstand bis auf zwei Z\u00e4hler verk\u00fcrzen. Es winkt also die direkte Teilnahme an der Europa League (ohne Qualifikation und gleich hinein in die Gruppenphase). Aber bis dahin ist es noch ein langer Weg, der \u00fcber Heimspiele gegen Freiburg, Dortmund und Leipzig und schweren Ausw\u00e4rtsspielen bei den Bayern, in D\u00fcsseldorf und Hoffenheim f\u00fchrt.<\/p>\n<p>Nat\u00fcrlich gibt es noch einen anderen Weg nach Europa: Heute spielt Werder auf Schalke im DFB-Pokal-Viertelfinale. Der Sieger des DFB-Pokals nimmt ebenfalls an der Europa League teil. Daf\u00fcr br\u00e4uchten die Bremer allerdings noch drei Siege.<\/p>\n<p>Aber alles sch\u00f6n nacheinander. Schauen wir heute erst einmal nach Gelsenkirchen. Und mag am Sonntag das angesprochenen \u201aschlechte Omen\u2018 weiterhin f\u00fcr Gladbach gelten.<\/p>\n<p>Sollte sich Werder nicht f\u00fcr Europa qualifizieren, dann droht das Auseinanderbrechen der Mannschaft; z.B. macht Max Kruse seinen Verbleib in Bremen von einer Teilnahme an einem europ\u00e4ischen Wettbewerb abh\u00e4ngig. Daran mag in Bremen heute keiner denken. Es hei\u00dft also: <strong>Daumen dr\u00fccken!<\/strong><\/p>\n","protected":false},"excerpt":{"rendered":"<p>In der Februar-Ausgabe #207 aus diesem Jahr beleuchtete das Magazin f\u00fcr Fu\u00dfballkultur 11 Freunde den Neustart von Borussia M\u00f6nchengladbach und kl\u00e4rte, wie Dieter Hecking und Max Eberl aus einem Krisenklub einen Titelanw\u00e4rter gemacht haben. Seitdem geht es mit dem Verein so ziemlich bergab. Neueste Nachricht: Gladbach und Hecking trennen sich im Sommer! &#8211; Von daher &hellip; <a href=\"https:\/\/willizblog.de\/?p=10503\" class=\"more-link\"><span class=\"screen-reader-text\">Schlechtes Omen?!<\/span> weiterlesen <span class=\"meta-nav\">&rarr;<\/span><\/a><\/p>\n","protected":false},"author":1,"featured_media":0,"comment_status":"open","ping_status":"open","sticky":false,"template":"","format":"standard","meta":[],"categories":[27],"tags":[],"_links":{"self":[{"href":"https:\/\/willizblog.de\/index.php?rest_route=\/wp\/v2\/posts\/10503"}],"collection":[{"href":"https:\/\/willizblog.de\/index.php?rest_route=\/wp\/v2\/posts"}],"about":[{"href":"https:\/\/willizblog.de\/index.php?rest_route=\/wp\/v2\/types\/post"}],"author":[{"embeddable":true,"href":"https:\/\/willizblog.de\/index.php?rest_route=\/wp\/v2\/users\/1"}],"replies":[{"embeddable":true,"href":"https:\/\/willizblog.de\/index.php?rest_route=%2Fwp%2Fv2%2Fcomments&post=10503"}],"version-history":[{"count":0,"href":"https:\/\/willizblog.de\/index.php?rest_route=\/wp\/v2\/posts\/10503\/revisions"}],"wp:attachment":[{"href":"https:\/\/willizblog.de\/index.php?rest_route=%2Fwp%2Fv2%2Fmedia&parent=10503"}],"wp:term":[{"taxonomy":"category","embeddable":true,"href":"https:\/\/willizblog.de\/index.php?rest_route=%2Fwp%2Fv2%2Fcategories&post=10503"},{"taxonomy":"post_tag","embeddable":true,"href":"https:\/\/willizblog.de\/index.php?rest_route=%2Fwp%2Fv2%2Ftags&post=10503"}],"curies":[{"name":"wp","href":"https:\/\/api.w.org\/{rel}","templated":true}]}}