{"id":10513,"date":"2019-04-23T09:04:31","date_gmt":"2019-04-23T09:04:31","guid":{"rendered":"https:\/\/willizblog.de\/?p=10513"},"modified":"2019-04-23T09:04:31","modified_gmt":"2019-04-23T09:04:31","slug":"empfehlung-zum-welttag-des-buches-2019","status":"publish","type":"post","link":"https:\/\/willizblog.de\/?p=10513","title":{"rendered":"Empfehlung \u2013 Zum Welttag des Buches 2019"},"content":{"rendered":"<p><em>Du bist nerv\u00f6s. Drum lies doch mal<br \/>\nDas Buch, das man dir anempfahl.<br \/>\nEs ist beinah wie eine Reise<br \/>\nIm alten wohlbekannten Gleise.<br \/>\nDer Weg ist grad und flach das Land,<br \/>\nRechts, links und unten nichts wie Sand.<br \/>\nKein R\u00e4derl\u00e4rm verbittert dich,<br \/>\nKein harter Sto\u00df ersch\u00fcttert dich,<br \/>\nUnd bald umf\u00e4ngt dich sanft und k\u00fchl<br \/>\nEin Kaumvorhandenseinsgef\u00fchl.<br \/>\nDu bist behaglich eingenickt.<br \/>\nDann, wenn du angenehm erquickt,<br \/>\nKehrst du beim \u00bbstillen Wirte\u00ab ein.<br \/>\nDa gibt es weder Bier noch Wein.<br \/>\nDu schl\u00fcrfst ein wenig Apfelmost,<br \/>\nI\u00dft eine leichte L\u00f6ffelkost<br \/>\nMit wenig Fett und vieler Gr\u00fctze,<br \/>\nGehst fr\u00fch zu Bett in spitzer M\u00fctze<br \/>\nUnd trinkst zuletzt ein Gl\u00e4schen Wasser.<br \/>\nSchlaf wohl und segne den Verfasser!<\/em><\/p>\n<ul>\n<img src=\"https:\/\/www.willizblog.de\/albpics\/wilhelm_busch.png\" alt=\"Wilhelm Busch\" title=\"Wilhelm Busch\" \/><\/ul>\n<p><a href=\"https:\/\/de.wikipedia.org\/wiki\/Wilhelm_Busch\" rel=\"noopener noreferrer\" target=\"_blank\"><strong>Wilhelm Busch<\/strong><\/a> (hierzu meine Buchempfehlung: <a target=\"_blank\" href=\"https:\/\/www.amazon.de\/gp\/product\/3809436313\/ref=as_li_tl?ie=UTF8&#038;camp=1638&#038;creative=6742&#038;creativeASIN=3809436313&#038;linkCode=as2&#038;tag=familiealbin-21&#038;linkId=417761454f3a080fd2ab761458158a08\" rel=\"noopener noreferrer\">Das gro\u00dfe farbige Wilhelm Busch Album<\/a><img loading=\"lazy\" src=\"\/\/ir-de.amazon-adsystem.com\/e\/ir?t=familiealbin-21&#038;l=am2&#038;o=3&#038;a=3809436313\" width=\"1\" height=\"1\" border=\"0\" alt=\"\" style=\"border:none !important; margin:0px !important;\" \/>)<\/p>\n","protected":false},"excerpt":{"rendered":"<p>Du bist nerv\u00f6s. Drum lies doch mal Das Buch, das man dir anempfahl. Es ist beinah wie eine Reise Im alten wohlbekannten Gleise. Der Weg ist grad und flach das Land, Rechts, links und unten nichts wie Sand. Kein R\u00e4derl\u00e4rm verbittert dich, Kein harter Sto\u00df ersch\u00fcttert dich, Und bald umf\u00e4ngt dich sanft und k\u00fchl Ein &hellip; <a href=\"https:\/\/willizblog.de\/?p=10513\" class=\"more-link\"><span class=\"screen-reader-text\">Empfehlung \u2013 Zum Welttag des Buches 2019<\/span> weiterlesen <span class=\"meta-nav\">&rarr;<\/span><\/a><\/p>\n","protected":false},"author":1,"featured_media":0,"comment_status":"open","ping_status":"open","sticky":false,"template":"","format":"standard","meta":[],"categories":[3],"tags":[],"_links":{"self":[{"href":"https:\/\/willizblog.de\/index.php?rest_route=\/wp\/v2\/posts\/10513"}],"collection":[{"href":"https:\/\/willizblog.de\/index.php?rest_route=\/wp\/v2\/posts"}],"about":[{"href":"https:\/\/willizblog.de\/index.php?rest_route=\/wp\/v2\/types\/post"}],"author":[{"embeddable":true,"href":"https:\/\/willizblog.de\/index.php?rest_route=\/wp\/v2\/users\/1"}],"replies":[{"embeddable":true,"href":"https:\/\/willizblog.de\/index.php?rest_route=%2Fwp%2Fv2%2Fcomments&post=10513"}],"version-history":[{"count":0,"href":"https:\/\/willizblog.de\/index.php?rest_route=\/wp\/v2\/posts\/10513\/revisions"}],"wp:attachment":[{"href":"https:\/\/willizblog.de\/index.php?rest_route=%2Fwp%2Fv2%2Fmedia&parent=10513"}],"wp:term":[{"taxonomy":"category","embeddable":true,"href":"https:\/\/willizblog.de\/index.php?rest_route=%2Fwp%2Fv2%2Fcategories&post=10513"},{"taxonomy":"post_tag","embeddable":true,"href":"https:\/\/willizblog.de\/index.php?rest_route=%2Fwp%2Fv2%2Ftags&post=10513"}],"curies":[{"name":"wp","href":"https:\/\/api.w.org\/{rel}","templated":true}]}}